{"id":9939,"date":"2013-10-16T23:39:50","date_gmt":"2013-10-16T22:39:50","guid":{"rendered":"http:\/\/alternatifs81.fr\/?p=9939"},"modified":"2013-10-28T18:20:20","modified_gmt":"2013-10-28T17:20:20","slug":"jusqua-quand-edito-du-prochain-rouge-et-vert-jean-jacques-boislaroussie-porte-parole-national-des-alternatifs","status":"publish","type":"post","link":"https:\/\/alternatifs81.fr\/?p=9939","title":{"rendered":"Jusqu&rsquo;\u00e0 quand &#8230;. Edito de Rouge et Vert n\u00b0 370.  Jean Jacques BOISLAROUSSIE (porte parole national des Alternatifs)"},"content":{"rendered":"<h3 style=\"text-align: justify;\"><span style=\"font-size: medium;\"><img loading=\"lazy\" decoding=\"async\" class=\"alignleft  wp-image-9948\" style=\"border: 6px solid black; margin: 12px;\" alt=\"jjb1\" src=\"http:\/\/alternatifs81.fr\/wp-content\/uploads\/jjb1.jpg\" width=\"256\" height=\"170\" srcset=\"https:\/\/alternatifs81.fr\/wp-content\/uploads\/jjb1.jpg 320w, https:\/\/alternatifs81.fr\/wp-content\/uploads\/jjb1-300x198.jpg 300w\" sizes=\"auto, (max-width: 256px) 100vw, 256px\" \/>Dimanche 13 octobre, sur toutes les cha\u00eenes d&rsquo;information, en\u00a0 boucle, les r\u00e9sultats de l&rsquo;\u00e9lection cantonale de Brignoles. Au 20h de TF1 et France 2, Marine Le Pen invit\u00e9e d&rsquo;honneur. <\/span><\/h3>\n<h3 style=\"text-align: justify;\"><span style=\"font-size: medium;\">Plus tard, les pi\u00e8tres arguments de ceux qui hier, l&rsquo;UMP, et aujourd&rsquo;hui, le PS, ont nourri et nourrissent la d\u00e9sagr\u00e9gation sociale, la perte des rep\u00e8res. <\/span><\/h3>\n<h3 style=\"text-align: justify;\"><span style=\"font-size: medium;\">Il n&rsquo;est pas utile de revenir beaucoup sur les \u00e9l\u00e9ments d&rsquo;une dynamique politique en \u0153uvre presque partout en Europe<\/span><span style=\"font-size: medium;\"> : les pouss\u00e9es identitaires et x\u00e9nophobes,\u00a0 le rejet des oligarchies, comme d&rsquo;une Union Europ\u00e9enne et de<!--more--> gouvernements,\u00a0 sous diverses \u00e9tiquettes,\u00a0 \u00e0 leur service.<\/span><span style=\"font-size: medium;\">Ici une perm\u00e9abilit\u00e9 de plus en plus forte entre l\u2019extr\u00eame droite et la droite \u00ab classique \u00bb, et un PS qui n&rsquo;a pas renonc\u00e9 \u00e0 instrumentaliser le danger FN pour sauver sa peau aux Municipales, au risque de perdre sur tous les tableaux.<\/span><\/h3>\n<h3 style=\"text-align: justify;\"><span style=\"font-size: medium;\">Mais le constat de la situation, la remise en cause d&rsquo;un \u00ab\u00a0front r\u00e9publicain\u00a0\u00bb,\u00a0 auquel les Alternatifs de Provence opposaient <span style=\"color: #808000;\">\u00ab\u00a0une orientation bas\u00e9e sur une mobilisation antifasciste unitaire, une alternative aux politiques<!--more--> \u00ab\u00a0aust\u00e9ritaires\u00a0\u00bb en accordant la priorit\u00e9 \u00e0 la r\u00e9duction massive du temps\u00a0de travail\u00a0et, plus globalement, un projet alternatif de soci\u00e9t\u00e9 redonnant espoir et perspective\u00a0\u00bb<\/span> ne suffisent pas.<\/span><\/h3>\n<h3 style=\"text-align: justify;\"><span style=\"font-size: medium;\">Une question, essentielle est pos\u00e9e \u00e0 tous les secteurs\u00a0 sociaux et politiques antilib\u00e9raux et anticapitalistes :<span style=\"text-decoration: underline; color: #008000;\"> la force du FN tient pour partie \u00e0 notre propre faiblesse, \u00e0 notre atonie.<\/span><\/span><\/h3>\n<h3 style=\"text-align: justify;\"><span style=\"font-size: medium;\">Le ressort du vote FN est, bien s\u00fbr, le racisme mais, surtout, de plus en plus, l&rsquo;abandon social et territorial.<\/span><span style=\"font-size: medium;\"> Comment la gauche de combat y r\u00e9pond-t-elle ?\u00a0 Comment sortir de la spirale des d\u00e9faites, de l&rsquo;ANI \u00e0 la r\u00e9forme des retraites, comment, surtout, opposer une alternative au chacun pour soi de la soci\u00e9t\u00e9 de pr\u00e9carisation.<\/span><\/h3>\n<h3 style=\"text-align: justify;\"><span style=\"font-size: medium;\">Le choix majoritaire des Alternatifs du rassemblement avec le Front de Gauche reposait en grande partie sur l&rsquo;espoir que l&rsquo;union pouvait faire la force. L&rsquo;union ?\u00a0 La force ? alors qu&rsquo;une partie du Front de Gauche persiste a tenter des alliances avec le PS, et que d&rsquo;autres restent dans l&rsquo;attente du miracle \u00e9lectoral qui verra \u00a0\u00bb la\u00a0 vraie gauche d\u00e9passer le PS\u00a0\u00bb.<\/span><\/h3>\n<h3 style=\"text-align: justify;\"><span style=\"font-size: medium;\">Il ne s&rsquo;agit pas ici de distribuer bons et mauvais points, mais de trouver la voie d&rsquo;un large front social et politique. Celles et ceux qui privil\u00e9gieront, quelle qu&rsquo;en soit la forme, sectarisme ou opportunisme, l&rsquo;int\u00e9r\u00eat \u00e0 court terme de leur organisation sur le combat commun, vont perdre. Ils risquent, surtout, de<\/span><span style=\"font-size: medium;\"> contribuer \u00e0 une d\u00e9fai<span style=\"color: #ac193d;\"><b>te<\/b><\/span> sociale et id\u00e9ologique d&rsquo;ensemble.<\/span><\/h3>\n<h3 style=\"text-align: justify;\"><span style=\"font-size: medium;\">Quelles actions concr\u00e8tes menons nous dans les milieux populaires qui votent FN ?\u00a0<\/span><\/h3>\n<h2><span style=\"color: #808000;\"><span style=\"font-size: medium;\">Que faisons-nous pour \u00eatre utiles dans les milieux populaires ? <\/span><\/span><\/h2>\n<gcse:search><\/gcse:search>","protected":false},"excerpt":{"rendered":"<p>Dimanche 13 octobre, sur toutes les cha\u00eenes d&rsquo;information, en\u00a0 boucle, les r\u00e9sultats de l&rsquo;\u00e9lection cantonale de Brignoles. Au 20h de TF1 et France 2, Marine Le Pen invit\u00e9e d&rsquo;honneur. Plus tard, les pi\u00e8tres arguments de ceux qui hier, l&rsquo;UMP, et aujourd&rsquo;hui, le PS, ont nourri et nourrissent la d\u00e9sagr\u00e9gation sociale, la perte des rep\u00e8res. Il [&hellip;]<\/p>\n","protected":false},"author":1,"featured_media":0,"comment_status":"open","ping_status":"closed","sticky":false,"template":"","format":"standard","meta":{"footnotes":""},"categories":[210,126,21,173,6],"tags":[43,103,23],"class_list":["post-9939","post","type-post","status-publish","format-standard","hentry","category-editorial","category-gauche-de-combat","category-les-alters-dans-les-luttes","category-no-pasaran","category-notre-projet","tag-appel","tag-demarche-citoyenne","tag-luttes"],"_links":{"self":[{"href":"https:\/\/alternatifs81.fr\/index.php?rest_route=\/wp\/v2\/posts\/9939","targetHints":{"allow":["GET"]}}],"collection":[{"href":"https:\/\/alternatifs81.fr\/index.php?rest_route=\/wp\/v2\/posts"}],"about":[{"href":"https:\/\/alternatifs81.fr\/index.php?rest_route=\/wp\/v2\/types\/post"}],"author":[{"embeddable":true,"href":"https:\/\/alternatifs81.fr\/index.php?rest_route=\/wp\/v2\/users\/1"}],"replies":[{"embeddable":true,"href":"https:\/\/alternatifs81.fr\/index.php?rest_route=%2Fwp%2Fv2%2Fcomments&post=9939"}],"version-history":[{"count":0,"href":"https:\/\/alternatifs81.fr\/index.php?rest_route=\/wp\/v2\/posts\/9939\/revisions"}],"wp:attachment":[{"href":"https:\/\/alternatifs81.fr\/index.php?rest_route=%2Fwp%2Fv2%2Fmedia&parent=9939"}],"wp:term":[{"taxonomy":"category","embeddable":true,"href":"https:\/\/alternatifs81.fr\/index.php?rest_route=%2Fwp%2Fv2%2Fcategories&post=9939"},{"taxonomy":"post_tag","embeddable":true,"href":"https:\/\/alternatifs81.fr\/index.php?rest_route=%2Fwp%2Fv2%2Ftags&post=9939"}],"curies":[{"name":"wp","href":"https:\/\/api.w.org\/{rel}","templated":true}]}}