{"id":9932,"date":"2013-10-15T09:56:20","date_gmt":"2013-10-15T08:56:20","guid":{"rendered":"http:\/\/alternatifs81.fr\/?p=9932"},"modified":"2013-10-28T18:23:34","modified_gmt":"2013-10-28T17:23:34","slug":"retraites-deconstruire-le-discours-de-lextreme-droite","status":"publish","type":"post","link":"https:\/\/alternatifs81.fr\/?p=9932","title":{"rendered":"Retraites : D\u00e9construire le discours de l&rsquo;extr\u00eame-droite"},"content":{"rendered":"<div class=\"entry\">\n<div class=\"ob-section ob-section-text\">\n<div class=\"ob-text\">\n<h3 style=\"text-align: justify;\"><span style=\"color: #808000;\"><em>Du blog des Alternatifs de l&rsquo;Ard\u00e8che, nous extrayons cet article, dont la pertinence et l&rsquo;utilit\u00e9 n&rsquo;\u00e9chapperont \u00e0 personne !<\/em> <\/span><\/h3>\n<h3 style=\"text-align: justify;\"><strong><img loading=\"lazy\" decoding=\"async\" class=\"alignleft  wp-image-5616\" style=\"margin: 10px;\" alt=\"paris-2005-danger-passivite_2\" src=\"http:\/\/alternatifs81.fr\/wp-content\/uploads\/paris-2005-danger-passivite_23.jpg\" width=\"240\" height=\"221\" srcset=\"https:\/\/alternatifs81.fr\/wp-content\/uploads\/paris-2005-danger-passivite_23.jpg 500w, https:\/\/alternatifs81.fr\/wp-content\/uploads\/paris-2005-danger-passivite_23-300x276.jpg 300w\" sizes=\"auto, (max-width: 240px) 100vw, 240px\" \/>Le Collectif de vigilance contre les droites extr\u00eames en sud-Ard\u00e8che est un rassemblement de personnes morales (syndicats, associations, partis politiques) et d&rsquo;individu-e-s engag\u00e9-e-s dans cette lutte.<\/strong><\/h3>\n<h3 style=\"text-align: justify;\">Notre objectif aujourd\u2019hui est de nous opposer ensemble aux actes et \u00e0 la diffusion des id\u00e9es racistes, x\u00e9nophobes, homophobes, sexistes, patriarcales, antis\u00e9mites, islamophobes et ultra nationalistes.<\/h3>\n<h3 style=\"text-align: justify;\">Nous voulons donc, notamment, informer l\u2019ensemble de la population sur le contenu r\u00e9el du projet de soci\u00e9t\u00e9 de l\u2019extr\u00eame-droite en France et pour cela, nous diffuserons r\u00e9guli\u00e8rement un d\u00e9cryptage des textes que produit l&rsquo;extr\u00eame-droite sur les sujets d&rsquo;actualit\u00e9.<\/h3>\n<h3 style=\"text-align: justify;\"><strong>Les retraites<\/strong><\/h3>\n<h3 style=\"text-align: justify;\"><strong>Partout en Europe, les populations sont sous le joug de plans d&rsquo;aust\u00e9rit\u00e9<\/strong> qui viennent imposer des conditions de vie pr\u00e9caires<!--more--> en s&rsquo;attaquant notamment au syst\u00e8me des retraites ainsi qu&rsquo;\u00e0 celui de la sant\u00e9. Les cons\u00e9quences imm\u00e9diates, outre la diminution des salaires et l&rsquo;augmentation de la dur\u00e9e de cotisation, sont des plans massifs de licenciements qui conduisent au ch\u00f4mage et \u00e0 la mis\u00e8re sociale.<\/h3>\n<h3 style=\"text-align: justify;\"><strong>Ce terrain est particuli\u00e8rement propice au d\u00e9veloppement des id\u00e9es nationalistes, x\u00e9nophobes et racistes.<\/strong> D&rsquo;autant que la succession des diff\u00e9rents gouvernements s&rsquo;ing\u00e9niant \u00e0 appliquer les plans d&rsquo;aust\u00e9rit\u00e9 a, peu \u00e0 peu, d\u00e9cr\u00e9dibilis\u00e9 l&rsquo;alternance des partis traditionnels en les renvoyant \u00e0 leur incapacit\u00e9 \u00e0 faire sortir leurs pays de l&rsquo;impasse.<\/h3>\n<h3 style=\"text-align: justify;\"><strong>Comme dans les pr\u00e9c\u00e9dentes p\u00e9riodes de crises, l&rsquo;extr\u00eame-droite et le fascisme<\/strong> tentent de se constituer comme une alternative possible pour sortir de la crise, nous l&rsquo;avons encore v\u00e9rifi\u00e9 r\u00e9cemment en Gr\u00e8ce avec les 18 d\u00e9put\u00e9s obtenus par <em>l&rsquo;Aube dor\u00e9e<\/em>, parti n\u00e9o-nazi.<\/h3>\n<h3 style=\"text-align: justify;\">En France, comme dans tous les partis ou organisations d\u2019opposition au gouvernement, le Front National d\u00e9nonce les derni\u00e8res r\u00e9formes des retraites. Les mesures phares qu&rsquo;il propose semblent m\u00eame all\u00e9chantes et favorables aux salari\u00e9s : retraite \u00e0 60 ans, 40 annuit\u00e9s et int\u00e9gration des primes des fonctionnaires dans le calcul des cotisations et des pensions.<\/h3>\n<h3 style=\"text-align: justify;\">Toutefois, en lisant attentivement l\u2019int\u00e9gralit\u00e9 des propositions, on retrouve 3 id\u00e9es fortes de l\u2019extr\u00eame-droite :<\/h3>\n<ul style=\"text-align: justify;\">\n<li>\n<h3><strong>Mise \u00e0 l\u2019index des \u00e9trangers<\/strong> : \u00ab <em>une immigration co\u00fbteuse et d\u00e9stabilisante<\/em> \u00bb, \u00ab<em> les \u00e9trangers install\u00e9s en France ne doivent plus b\u00e9n\u00e9ficier ind\u00fbment de notre solidarit\u00e9 : il faut supprimer le droit au minimum vieillesse pour les \u00e9trangers n\u2019ayant pas travaill\u00e9 et cotis\u00e9 en France pendant au moins 10 ans et pour ceux r\u00e9sidant \u00e0 l\u2019\u00e9tranger <\/em>\u00bb.<\/h3>\n<\/li>\n<\/ul>\n<h3 style=\"text-align: justify;\"><strong>Selon l\u2019extr\u00eame-droite, les immigr\u00e9s seraient donc responsables de la faillite du syst\u00e8me des retraites !<\/strong> Ridicule ! Ces salari\u00e9s travaillent, payent des imp\u00f4ts, des cotisations, consomment (rappelons que la T.V.A est \u00e9galement un imp\u00f4t), participent \u00e0 la vie de la cit\u00e9. A ce titre, comme tout un chacun, ils ont droit \u00e0 une pension de retraite dans les m\u00eames conditions que les autres. Les travailleurs et travailleuses sont \u00e9gaux, quelle que soit leur nationalit\u00e9.<\/h3>\n<ul style=\"text-align: justify;\">\n<li>\n<h3><strong>R\u00e9gression de la place des femmes dans la soci\u00e9t\u00e9, <\/strong>via la promotion d\u2019une \u00ab <em>politique nataliste volontariste<\/em> \u00bb pour de \u00ab<em> nouvelles g\u00e9n\u00e9rations nombreuses qui feront la force de la France de demain<\/em> \u00bb.<\/h3>\n<\/li>\n<\/ul>\n<h3 style=\"text-align: justify;\">C\u2019est donc la politique du berceau. Les femmes ne sont pas des ventres, des objets. Elles ont lutt\u00e9 pour disposer librement de leur corps. Accepter cette politique aujourd\u2019hui, c\u2019est accepter un retour en arri\u00e8re vers l\u2019ordre moral, avec pour mod\u00e8le la famille nombreuse, h\u00e9t\u00e9rosexuelle et la femme au foyer.<\/h3>\n<ul style=\"text-align: justify;\">\n<li>\n<h3><strong>Une \u00e9conomie protectionniste<\/strong> : la solution miracle pr\u00e9conis\u00e9e par le Front National consiste dans les recettes des droits de douane. Le principe consiste \u00e0 taxer les produits import\u00e9s en France. Lesquels ? le montant estim\u00e9 des recettes ? Aucune information.<\/h3>\n<\/li>\n<\/ul>\n<h3 style=\"text-align: justify;\"><strong>Cette r\u00e9ponse, impr\u00e9gn\u00e9e d\u2019une conception nationaliste et identitaire<\/strong>, vise \u00e0 faire de celles et ceux qui vivent \u00e0 l&rsquo;ext\u00e9rieur de nos fronti\u00e8res les seuls responsables de la crise que nous traversons.<\/h3>\n<h3 style=\"text-align: justify;\"><strong>Une politique protectionniste<\/strong>, via l\u2019augmentation des droits de douane, n\u2019emp\u00eachera aucune entreprise de d\u00e9localiser. Par contre, cela entrainera n\u00e9cessairement l\u2019augmentation des prix des biens d\u2019utilisation courante (nourriture, v\u00eatements, essence..), favorisera l\u2019inflation et r\u00e9duira notre pouvoir d\u2019achat.<\/h3>\n<p><strong>Contact : <a href=\"mailto:collectif.vigilance07sud@riseup.net\">collectif.vigilance07sud@riseup.net<\/a><\/strong><\/p>\n<p><span style=\"color: #0000ff;\"><em>13 Octobre 2013<\/em><\/span><\/p>\n<\/div>\n<\/div>\n<\/div>\n<gcse:search><\/gcse:search>","protected":false},"excerpt":{"rendered":"<p>Du blog des Alternatifs de l&rsquo;Ard\u00e8che, nous extrayons cet article, dont la pertinence et l&rsquo;utilit\u00e9 n&rsquo;\u00e9chapperont \u00e0 personne ! Le Collectif de vigilance contre les droites extr\u00eames en sud-Ard\u00e8che est un rassemblement de personnes morales (syndicats, associations, partis politiques) et d&rsquo;individu-e-s engag\u00e9-e-s dans cette lutte. Notre objectif aujourd\u2019hui est de nous opposer ensemble aux actes [&hellip;]<\/p>\n","protected":false},"author":1,"featured_media":0,"comment_status":"open","ping_status":"closed","sticky":false,"template":"","format":"standard","meta":{"footnotes":""},"categories":[173,244],"tags":[],"class_list":["post-9932","post","type-post","status-publish","format-standard","hentry","category-no-pasaran","category-point-de-vue"],"_links":{"self":[{"href":"https:\/\/alternatifs81.fr\/index.php?rest_route=\/wp\/v2\/posts\/9932","targetHints":{"allow":["GET"]}}],"collection":[{"href":"https:\/\/alternatifs81.fr\/index.php?rest_route=\/wp\/v2\/posts"}],"about":[{"href":"https:\/\/alternatifs81.fr\/index.php?rest_route=\/wp\/v2\/types\/post"}],"author":[{"embeddable":true,"href":"https:\/\/alternatifs81.fr\/index.php?rest_route=\/wp\/v2\/users\/1"}],"replies":[{"embeddable":true,"href":"https:\/\/alternatifs81.fr\/index.php?rest_route=%2Fwp%2Fv2%2Fcomments&post=9932"}],"version-history":[{"count":0,"href":"https:\/\/alternatifs81.fr\/index.php?rest_route=\/wp\/v2\/posts\/9932\/revisions"}],"wp:attachment":[{"href":"https:\/\/alternatifs81.fr\/index.php?rest_route=%2Fwp%2Fv2%2Fmedia&parent=9932"}],"wp:term":[{"taxonomy":"category","embeddable":true,"href":"https:\/\/alternatifs81.fr\/index.php?rest_route=%2Fwp%2Fv2%2Fcategories&post=9932"},{"taxonomy":"post_tag","embeddable":true,"href":"https:\/\/alternatifs81.fr\/index.php?rest_route=%2Fwp%2Fv2%2Ftags&post=9932"}],"curies":[{"name":"wp","href":"https:\/\/api.w.org\/{rel}","templated":true}]}}