{"id":9807,"date":"2013-10-07T14:17:27","date_gmt":"2013-10-07T13:17:27","guid":{"rendered":"http:\/\/alternatifs81.fr\/?p=9807"},"modified":"2013-10-13T08:49:40","modified_gmt":"2013-10-13T07:49:40","slug":"climat-la-reussite-dalternatiba-ouvre-la-voie-aux-mobilisations-futures","status":"publish","type":"post","link":"https:\/\/alternatifs81.fr\/?p=9807","title":{"rendered":"Climat : la r\u00e9ussite d&rsquo;Alternatiba ouvre la voie aux mobilisations futures"},"content":{"rendered":"<h3 style=\"text-align: justify;\"><img loading=\"lazy\" decoding=\"async\" class=\"alignleft size-full wp-image-9811\" style=\"border: 4px solid black; margin: 10px;\" alt=\"41\" src=\"http:\/\/alternatifs81.fr\/wp-content\/uploads\/412.jpg\" width=\"96\" height=\"226\" \/>En mobilisant plus de 10 000 personnes sur l&rsquo;urgence et la justice climatique, Alternatiba a tenu ses promesses ce dimanche 6 octobre \u00e0 Bayonne. D\u00e8s le medi, des centaines de personnes avaient particip\u00e9 aux deux tables rondes du Forum sur le changement climatique organis\u00e9 \u00e0 la Facult\u00e9 de Bayonne, ou au Forum off qui se tenaient dans les ruelles du Petit Bayonne. Le grand amphi s&rsquo;est r\u00e9v\u00e9l\u00e9 insuffisant avec ses 400 places et plus de cent personnes n&rsquo;ont pu assister aux sc\u00e9ances du matin et de l&rsquo;apr\u00e8s-midi.<\/h3>\n<h3 style=\"text-align: justify;\">Le cap des 10 000 personnes \u00e9tait franchi d\u00e8s 14H30 le dimanche pour un magnifique Village des alternatives qui s&rsquo;est ouvert au public d\u00e8s 9H00 du matin. Le Village et ses 15 espaces th\u00e9matiques \u00e9tait tellement dense qu&rsquo;il \u00e9tait impossible de voir toutes les alternatives concr\u00e8tes qu&rsquo;il proposait \u00e0 la d\u00e9couverte de ses visiteurs. L\u00e0, encore, de tr\u00e8s nombreuses conf\u00e9rences et ateliers ont du refuser du monde, malgr\u00e9 le fait qu&rsquo;il s&rsquo;en tenait souvent 6 ou 7 au m\u00eame moment. Le centre de Bayonne, habituellement d\u00e9sert le dimanche, fourmillait de gens.<\/h3>\n<h3><span style=\"color: #008000;\"><strong>Nous estimons \u00e0 plus de 12 000 le nombre de personnes venus \u00e0 Alternatiba.<\/strong> <\/span><\/h3>\n<h3 style=\"text-align: justify;\">Au del\u00e0 du bilan quantitatif, le fait marquant de cette journ\u00e9e, c&rsquo;\u00e9tait le sourire lisible sur chaque visage et l&rsquo;\u00e9nergie<!--more--> collective et positive qui se d\u00e9gageait de cette foule rassemblant largement au del\u00e0 des convaincus.<\/h3>\n<h2><span style=\"text-decoration: underline;\"><span style=\"color: #808000;\"><strong>Appel \u00e0 multiplier les villages des alternatives :<\/strong> <\/span><\/span><\/h2>\n<h3 style=\"text-align: justify;\">Un manifeste r\u00e9dig\u00e9 par les organisateurs d&rsquo;Alternatiba a \u00e9t\u00e9 lu en basque par Juan Lopez de Uralde, incarc\u00e9r\u00e9 au Sommet de Copenhague en 2009 pour l&rsquo;action r\u00e9alis\u00e9e au diner de Gala des chefs d&rsquo;Etat, et par l&rsquo;\u00e9pouse de St\u00e9phane Hessel, Christiane Hessel Chabry.<\/h3>\n<h3 style=\"text-align: justify;\"><strong>Ce manifeste d\u00e9j\u00e0 traduit en 11 langues europ\u00e9ennes est un appel a cr\u00e9er 10, 100, 1000 villages des alternatives dans toutes les villes et r\u00e9gions de France et d&rsquo;Europe, d&rsquo;ici \u00e0 la COP21,<\/strong> important sommet international sur le climat, qui se tiendra \u00e0 Paris fin 2015.<\/h3>\n<h3 style=\"text-align: justify;\"><strong>La journ\u00e9e s&rsquo;est conclue par une demande faite \u00e0 tous les r\u00e9seaux et toutes les organisations de faire conna\u00eetre au maximum de gens et de groupes ce manifeste.<\/strong><\/h3>\n<p><span style=\"color: #0000ff;\"><em><strong>Lundi 7 octobre 2013,<\/strong><\/em><\/span><\/p>\n<p><span style=\"color: #0000ff;\"><em><strong>Pour Alternatiba,<\/strong><\/em><\/span><br \/>\n<span style=\"color: #0000ff;\"><em> <strong>Jean-No\u00ebl Etcheverry \u00ab\u00a0Txetx\u00a0\u00bb<\/strong> (06 14 99 58 79)<\/em><\/span><\/p>\n<gcse:search><\/gcse:search>","protected":false},"excerpt":{"rendered":"<p>En mobilisant plus de 10 000 personnes sur l&rsquo;urgence et la justice climatique, Alternatiba a tenu ses promesses ce dimanche 6 octobre \u00e0 Bayonne. D\u00e8s le medi, des centaines de personnes avaient particip\u00e9 aux deux tables rondes du Forum sur le changement climatique organis\u00e9 \u00e0 la Facult\u00e9 de Bayonne, ou au Forum off qui se [&hellip;]<\/p>\n","protected":false},"author":1,"featured_media":0,"comment_status":"open","ping_status":"closed","sticky":false,"template":"","format":"standard","meta":{"footnotes":""},"categories":[125,126,21,1,6,244,246],"tags":[218,103,117],"class_list":["post-9807","post","type-post","status-publish","format-standard","hentry","category-ecologie","category-gauche-de-combat","category-les-alters-dans-les-luttes","category-non-classe","category-notre-projet","category-point-de-vue","category-transition-energetique-2","tag-climat","tag-demarche-citoyenne","tag-democratie"],"_links":{"self":[{"href":"https:\/\/alternatifs81.fr\/index.php?rest_route=\/wp\/v2\/posts\/9807","targetHints":{"allow":["GET"]}}],"collection":[{"href":"https:\/\/alternatifs81.fr\/index.php?rest_route=\/wp\/v2\/posts"}],"about":[{"href":"https:\/\/alternatifs81.fr\/index.php?rest_route=\/wp\/v2\/types\/post"}],"author":[{"embeddable":true,"href":"https:\/\/alternatifs81.fr\/index.php?rest_route=\/wp\/v2\/users\/1"}],"replies":[{"embeddable":true,"href":"https:\/\/alternatifs81.fr\/index.php?rest_route=%2Fwp%2Fv2%2Fcomments&post=9807"}],"version-history":[{"count":0,"href":"https:\/\/alternatifs81.fr\/index.php?rest_route=\/wp\/v2\/posts\/9807\/revisions"}],"wp:attachment":[{"href":"https:\/\/alternatifs81.fr\/index.php?rest_route=%2Fwp%2Fv2%2Fmedia&parent=9807"}],"wp:term":[{"taxonomy":"category","embeddable":true,"href":"https:\/\/alternatifs81.fr\/index.php?rest_route=%2Fwp%2Fv2%2Fcategories&post=9807"},{"taxonomy":"post_tag","embeddable":true,"href":"https:\/\/alternatifs81.fr\/index.php?rest_route=%2Fwp%2Fv2%2Ftags&post=9807"}],"curies":[{"name":"wp","href":"https:\/\/api.w.org\/{rel}","templated":true}]}}