{"id":9771,"date":"2013-10-04T19:48:26","date_gmt":"2013-10-04T18:48:26","guid":{"rendered":"http:\/\/alternatifs81.fr\/?p=9771"},"modified":"2013-10-06T15:36:55","modified_gmt":"2013-10-06T14:36:55","slug":"quand-levolution-semantique-fait-fureur-tribune-libre-de-patrick-mignard","status":"publish","type":"post","link":"https:\/\/alternatifs81.fr\/?p=9771","title":{"rendered":"QUAND L\u2019\u00c9VOLUTION S\u00c9MANTIQUE FAIT FUREUR. Tribune libre de Patrick MIGNARD"},"content":{"rendered":"<h3 style=\"text-align: justify;\"><img loading=\"lazy\" decoding=\"async\" class=\"alignleft  wp-image-9084\" style=\"border: 6px solid black; margin: 12px;\" alt=\"ob_d70277ea08ce20e93d4a41e289c9ffc0_sieg-copie\" src=\"http:\/\/alternatifs81.fr\/wp-content\/uploads\/ob_d70277ea08ce20e93d4a41e289c9ffc0_sieg-copie1.jpg\" width=\"240\" height=\"217\" \/>Dans sa farouche volont\u00e9 de d\u00e9-diaboliser le Front National, Marine LE PEN vient de franchir un nouveau cap qui ne manque pas de saveur. \u00a0 En substance, elle d\u00e9clare\u00a0: \u00ab<em>Nous ne sommes pas encore trait\u00e9s comme un parti comme les autres, ce qu&rsquo;est pourtant le FN<\/em>\u00bb,\u2026 \u00ab\u00a0 <em>Nous ne sommes ni de droite, ni de gauche<\/em>\u00a0\u00bb\u2026 \u00ab<em>Nous ne sommes absolument pas un parti de droite, ceux qui le pensent font une erreur d&rsquo;analyse totale<\/em>\u00bb\u2026 \u00ab\u00a0<em>Je m\u2019\u00e9l\u00e8ve encore plus contre la formulation d\u2019extr\u00eame droite\u00a0<\/em>\u00bb\u2026<\/h3>\n<h3 style=\"text-align: justify;\">Elle va jusqu\u2019\u00e0 nous menacer d\u2019avoir recours aux tribunaux si nous persistons \u00e0 placer le Front National, l\u00e0 o\u00f9 il est, \u00e0 l\u2019extr\u00eame droite. Marine Le Pen nous invente une nouvelle boussole politique. \u00a0 Autrement dit, le terme \u00ab\u00a0<em>extr\u00eame droite<\/em>\u00a0\u00bb serait inf\u00e2mant.<\/h3>\n<h3 style=\"text-align: justify;\">L\u2019argument qu\u2019elle utilise pour convaincre, c\u2019est qu\u2019\u00e0 l\u2019extr\u00eame droite, on trouve les racistes, et tout un tas de personnages et d\u2019organisations peu recommandables\u2026 On ne peut vraiment rien lui cacher\u00a0!<!--more--><\/h3>\n<h3 style=\"text-align: justify;\">M\u00eame si les qualificatifs de <em>gauche<\/em> et de <em>droite<\/em>, qui servent encore de r\u00e9f\u00e9rence pour situer politiquement une organisation, ne sont certes plus pertinents aujourd\u2019hui, ceux-ci sont encore fond\u00e9s, du moins dans l\u2019esprit des gens, sur des conceptions de <em>valeurs diff\u00e9rentes<\/em>.<\/h3>\n<h3 style=\"text-align: justify;\">Etre de gauche c\u2019est en principe \u00eatre pour le <em>progr\u00e8s social<\/em> (ce qui explique que le PS peut se dire difficilement de gauche).<\/h3>\n<h3 style=\"text-align: justify;\">\u00catre de droite, c\u2019est \u00eatre pour la <em>d\u00e9fense du syst\u00e8me dominant<\/em> le capitalisme et ce, sans \u00e9tat d\u2019\u00e2me sur les cons\u00e9quences d\u2019exploitation et d\u2019exclusion des personnes.<\/h3>\n<h3 style=\"text-align: justify;\">\u00catre d\u2019Extr\u00eame gauche, c\u2019est \u00eatre pour une <em>solution radicale anti capitaliste<\/em>.<\/h3>\n<h3 style=\"text-align: justify;\">Quant \u00e0 l\u2019Extr\u00eame droite c\u2019est la <em>d\u00e9fense intransigeante du capitalisme national doubl\u00e9e d\u2019un nationalisme x\u00e9nophobe<\/em>.<\/h3>\n<h3 style=\"text-align: justify;\">Question\u00a0: o\u00f9 situez vous le Front National\u00a0? \u00a0 Bien s\u00fbr, toutes ces organisations d\u2019extr\u00eame droite, aujourd\u2019hui comme hier, ne reconnaissent jamais ce qu\u2019elles sont exactement. Leur pseudo programme, fond\u00e9 sur une pratique de la d\u00e9magogie particuli\u00e8rement \u00e9labor\u00e9e, n\u2019est qu\u2019un fatras incoh\u00e9rent de fantasmes (racistes), de propositions \u00e9conomiques (contradictoires et irr\u00e9alistes), de promesses politiques (jamais tenues). \u00a0 L\u2019exemple historique \u00e9difiant est le parti <em>national-socialiste<\/em> qui dans son intitul\u00e9 m\u00eame r\u00e9alise le mariage de la carpe et du lapin. On sait ce que \u00e7a a donn\u00e9\u00a0!<\/h3>\n<h3 style=\"text-align: justify;\">Ultime argument de Martine Le Pen pour d\u00e9-diaboliser son parti\u00a0: <em>\u00ab\u00a0 Le Front National respecte l&rsquo;int\u00e9gralit\u00e9 des r\u00e8gles r\u00e9publicaines<\/em>\u00bb.<\/h3>\n<h3 style=\"text-align: justify;\">L\u2019argument est peut-\u00eatre n\u00e9cessaire, mais largement insuffisant\u2026<\/h3>\n<h3 style=\"text-align: justify;\">Rappelons simplement que le parti national-socialiste a respect\u00e9, avant 1933, l\u2019int\u00e9gralit\u00e9 des r\u00e8gles r\u00e9publicaines de la R\u00e9publique de Weimar\u2026 ce n\u2019est qu\u2019ensuite, une fois au pouvoir qu\u2019il a mis en \u0153uvre sa v\u00e9ritable politique.<\/h3>\n<h2><span style=\"color: #808000;\"> Ne nous laissons pas leurrer\u00a0!\u00a0!\u00a0!\u00a0! \u00a0 <\/span><\/h2>\n<p><span style=\"color: #0000ff;\"><em><strong>Patrick MIGNARD\u00a0 <span style=\"font-size: 10px;\">4 octobre 2013<\/span> <\/strong><\/em><\/span><\/p>\n<p>&nbsp;<\/p>\n<div class=\"ob-section ob-section-images ob-default\">\n<div class=\"ob-row-1-col\"><a class=\"ob-link-img\" href=\"http:\/\/img.over-blog-kiwi.com\/0\/35\/71\/51\/201310\/ob_a05fe69cb32381092dd677c6b1dffbf2_73324640.jpg\"  rel=\"lightbox[9771] fancybox\"><img decoding=\"async\" class=\"ob-cell ob-img ob-media\" alt=\"QUAND L'EVOLUTION SEMANTIQUE FAIT FUREUR\" src=\"http:\/\/img.over-blog-kiwi.com\/0\/35\/71\/51\/201310\/ob_a05fe69cb32381092dd677c6b1dffbf2_73324640.jpg\" \/><\/a><\/div>\n<\/div>\n<gcse:search><\/gcse:search>","protected":false},"excerpt":{"rendered":"<p>Dans sa farouche volont\u00e9 de d\u00e9-diaboliser le Front National, Marine LE PEN vient de franchir un nouveau cap qui ne manque pas de saveur. \u00a0 En substance, elle d\u00e9clare\u00a0: \u00abNous ne sommes pas encore trait\u00e9s comme un parti comme les autres, ce qu&rsquo;est pourtant le FN\u00bb,\u2026 \u00ab\u00a0 Nous ne sommes ni de droite, ni de [&hellip;]<\/p>\n","protected":false},"author":1,"featured_media":0,"comment_status":"open","ping_status":"closed","sticky":false,"template":"","format":"standard","meta":{"footnotes":""},"categories":[284,173,244],"tags":[23],"class_list":["post-9771","post","type-post","status-publish","format-standard","hentry","category-anti-racismes","category-no-pasaran","category-point-de-vue","tag-luttes"],"_links":{"self":[{"href":"https:\/\/alternatifs81.fr\/index.php?rest_route=\/wp\/v2\/posts\/9771","targetHints":{"allow":["GET"]}}],"collection":[{"href":"https:\/\/alternatifs81.fr\/index.php?rest_route=\/wp\/v2\/posts"}],"about":[{"href":"https:\/\/alternatifs81.fr\/index.php?rest_route=\/wp\/v2\/types\/post"}],"author":[{"embeddable":true,"href":"https:\/\/alternatifs81.fr\/index.php?rest_route=\/wp\/v2\/users\/1"}],"replies":[{"embeddable":true,"href":"https:\/\/alternatifs81.fr\/index.php?rest_route=%2Fwp%2Fv2%2Fcomments&post=9771"}],"version-history":[{"count":0,"href":"https:\/\/alternatifs81.fr\/index.php?rest_route=\/wp\/v2\/posts\/9771\/revisions"}],"wp:attachment":[{"href":"https:\/\/alternatifs81.fr\/index.php?rest_route=%2Fwp%2Fv2%2Fmedia&parent=9771"}],"wp:term":[{"taxonomy":"category","embeddable":true,"href":"https:\/\/alternatifs81.fr\/index.php?rest_route=%2Fwp%2Fv2%2Fcategories&post=9771"},{"taxonomy":"post_tag","embeddable":true,"href":"https:\/\/alternatifs81.fr\/index.php?rest_route=%2Fwp%2Fv2%2Ftags&post=9771"}],"curies":[{"name":"wp","href":"https:\/\/api.w.org\/{rel}","templated":true}]}}