{"id":9763,"date":"2013-10-04T15:22:10","date_gmt":"2013-10-04T14:22:10","guid":{"rendered":"http:\/\/alternatifs81.fr\/?p=9763"},"modified":"2013-10-11T08:03:09","modified_gmt":"2013-10-11T07:03:09","slug":"cafe-repaire-dalban-81-revenu-d-existence","status":"publish","type":"post","link":"https:\/\/alternatifs81.fr\/?p=9763","title":{"rendered":"CAFE REPAIRE d&rsquo;ALBAN (81) :  \u00a0\u00bb REVENU  d&rsquo; EXISTENCE \u00ab\u00a0."},"content":{"rendered":"<h3><span style=\"color: #0000ff;\"><em>\u00a0 <span style=\"font-size: small;\">Le caf\u00e9 repaire d&rsquo;Alban reprend:<\/span> <\/em><\/span><\/h3>\n<p><span style=\"font-size: small;\">\u00a0<\/span><\/p>\n<p><img loading=\"lazy\" decoding=\"async\" class=\"alignleft size-full wp-image-9766\" alt=\"5a72560d333a1d5cd09cd575f1f6846a\" src=\"http:\/\/alternatifs81.fr\/wp-content\/uploads\/5a72560d333a1d5cd09cd575f1f6846a.jpg\" width=\"49\" height=\"70\" \/><\/p>\n<h2 style=\"text-align: center;\"><span style=\"font-size: small;\">\u00a0\u00a0\u00a0\u00a0\u00a0\u00a0\u00a0\u00a0\u00a0 <span style=\"color: #808000;\">JEUDI\u00a0 10\u00a0 OCTOBRE\u00a0 \u00e0\u00a0 20H30\u00a0 au\u00a0 CAFE\u00a0 \u00a0\u00bb CHEZ\u00a0 MARCO \u00ab\u00a0<\/span><\/span><\/h2>\n<h2 style=\"text-align: center;\"><span style=\"font-size: small; color: #808000;\">\u00a0\u00a0\u00a0\u00a0\u00a0\u00a0\u00a0\u00a0\u00a0\u00a0\u00a0\u00a0\u00a0\u00a0\u00a0 Projection d\u00e9bat\u00a0 \u00a0\u00bb REVENU\u00a0 d&rsquo; EXISTENCE \u00ab\u00a0.<\/span><\/h2>\n<p>&nbsp;<\/p>\n<h3 style=\"text-align: justify;\"><span style=\"font-size: small;\">\u00a0\u00a0\u00a0\u00a0\u00a0 Jean-Pierre BERENGUER, formateur professionnel d&rsquo;adultes, militant de r\u00e9seaux alternatifs (SEL, ville en transition, Incroyables<img loading=\"lazy\" decoding=\"async\" class=\"size-full wp-image-9768 alignright\" style=\"border: 6px solid black; margin: 10px;\" alt=\"00794534a1a8eb6ddbd97aa347c64db1\" src=\"http:\/\/alternatifs81.fr\/wp-content\/uploads\/00794534a1a8eb6ddbd97aa347c64db1.jpg\" width=\"69\" height=\"70\" \/> comestibles, Colibris,&#8230;.) viendra nous pr\u00e9senter un film qui parle du revenu de base et des cons\u00e9quences de la mise\u00a0 en place d&rsquo;un tel syst\u00e8me.<\/span><\/h3>\n<h3 style=\"text-align: justify;\"><span style=\"font-size: small;\">\u00a0 <span style=\"color: #808000;\"><em>Le revenu de base est un droit inali\u00e9nable, inconditionnel, cumulable avec d&rsquo;autres revenus, distribu\u00e9 par une<\/em><\/span><\/span><span style=\"color: #808000;\"><em><span style=\"font-size: small;\">\u00a0\u00a0 communaut\u00e9 politique \u00e0 tous ses membres, de la naissance \u00e0 la mort, sur base individuelle, sans contr\u00f4le <\/span><\/em><\/span><span style=\"font-size: small;\"><span style=\"color: #808000;\"><em>des ressources ni exigence de contrepartie, dont le montant et le financement sont ajust\u00e9s d\u00e9mocratiquement<\/em><\/span>.\u00a0<\/span><\/h3>\n<p>&nbsp;<\/p>\n<h2 style=\"text-align: center;\"><span style=\"font-size: small;\">\u00a0\u00a0\u00a0\u00a0\u00a0\u00a0\u00a0\u00a0\u00a0\u00a0\u00a0<span style=\"color: #808000;\">\u00a0\u00a0\u00a0\u00a0\u00a0\u00a0\u00a0\u00a0\u00a0\u00a0\u00a0\u00a0 VENEZ\u00a0 NOMBREUX\u00a0 POUR\u00a0 EN\u00a0 D\u00c9BATTRE<br \/>\n<\/span><\/span><\/h2>\n<p><span style=\"color: #0000ff;\"><em><strong>Peinture et dessin de KALIE<\/strong> <\/em><\/span><\/p>\n<gcse:search><\/gcse:search>","protected":false},"excerpt":{"rendered":"<p>\u00a0 Le caf\u00e9 repaire d&rsquo;Alban reprend: \u00a0 \u00a0\u00a0\u00a0\u00a0\u00a0\u00a0\u00a0\u00a0\u00a0 JEUDI\u00a0 10\u00a0 OCTOBRE\u00a0 \u00e0\u00a0 20H30\u00a0 au\u00a0 CAFE\u00a0 \u00a0\u00bb CHEZ\u00a0 MARCO \u00ab\u00a0 \u00a0\u00a0\u00a0\u00a0\u00a0\u00a0\u00a0\u00a0\u00a0\u00a0\u00a0\u00a0\u00a0\u00a0\u00a0 Projection d\u00e9bat\u00a0 \u00a0\u00bb REVENU\u00a0 d&rsquo; EXISTENCE \u00ab\u00a0. &nbsp; \u00a0\u00a0\u00a0\u00a0\u00a0 Jean-Pierre BERENGUER, formateur professionnel d&rsquo;adultes, militant de r\u00e9seaux alternatifs (SEL, ville en transition, Incroyables comestibles, Colibris,&#8230;.) viendra nous pr\u00e9senter un film qui parle du revenu de [&hellip;]<\/p>\n","protected":false},"author":1,"featured_media":0,"comment_status":"open","ping_status":"closed","sticky":false,"template":"","format":"standard","meta":{"footnotes":""},"categories":[232,193],"tags":[103,169],"class_list":["post-9763","post","type-post","status-publish","format-standard","hentry","category-notre-economie-et-la-leur","category-social","tag-demarche-citoyenne","tag-ecologie-2"],"_links":{"self":[{"href":"https:\/\/alternatifs81.fr\/index.php?rest_route=\/wp\/v2\/posts\/9763","targetHints":{"allow":["GET"]}}],"collection":[{"href":"https:\/\/alternatifs81.fr\/index.php?rest_route=\/wp\/v2\/posts"}],"about":[{"href":"https:\/\/alternatifs81.fr\/index.php?rest_route=\/wp\/v2\/types\/post"}],"author":[{"embeddable":true,"href":"https:\/\/alternatifs81.fr\/index.php?rest_route=\/wp\/v2\/users\/1"}],"replies":[{"embeddable":true,"href":"https:\/\/alternatifs81.fr\/index.php?rest_route=%2Fwp%2Fv2%2Fcomments&post=9763"}],"version-history":[{"count":0,"href":"https:\/\/alternatifs81.fr\/index.php?rest_route=\/wp\/v2\/posts\/9763\/revisions"}],"wp:attachment":[{"href":"https:\/\/alternatifs81.fr\/index.php?rest_route=%2Fwp%2Fv2%2Fmedia&parent=9763"}],"wp:term":[{"taxonomy":"category","embeddable":true,"href":"https:\/\/alternatifs81.fr\/index.php?rest_route=%2Fwp%2Fv2%2Fcategories&post=9763"},{"taxonomy":"post_tag","embeddable":true,"href":"https:\/\/alternatifs81.fr\/index.php?rest_route=%2Fwp%2Fv2%2Ftags&post=9763"}],"curies":[{"name":"wp","href":"https:\/\/api.w.org\/{rel}","templated":true}]}}