{"id":9590,"date":"2013-09-25T09:07:57","date_gmt":"2013-09-25T08:07:57","guid":{"rendered":"http:\/\/alternatifs81.fr\/?p=9590"},"modified":"2013-10-03T17:16:48","modified_gmt":"2013-10-03T16:16:48","slug":"roms-linquietante-recidive-par-la-ligue-des-droits-de-lhomme","status":"publish","type":"post","link":"https:\/\/alternatifs81.fr\/?p=9590","title":{"rendered":"Roms, l&rsquo;inqui\u00e9tante r\u00e9cidive&#8230; par la Ligue des droits de l&rsquo;Homme"},"content":{"rendered":"<div class=\"separator\" style=\"clear: both; text-align: justify;\">\n<h3><b><span style=\"font-family: 'Trebuchet MS',sans-serif;\"><img loading=\"lazy\" decoding=\"async\" class=\"alignleft  wp-image-9600\" style=\"margin: 12px; border: 6px solid black;\" alt=\"about-RROM\" src=\"http:\/\/alternatifs81.fr\/wp-content\/uploads\/about-RROM.jpg\" width=\"130\" height=\"239\" \/>Les d\u00e9clarations du ministre de l\u2019Int\u00e9rieur se suivent et se ressemblent : le mode de vie des Roms est \u00e9loign\u00e9 du n\u00f4tre et la majorit\u00e9 d\u2019entre eux ne veut pas s\u2019int\u00e9grer. M. Valls devrait savoir, plus que quiconque, que l\u2019usage de tels st\u00e9r\u00e9otypes ne ressort pas d\u2019un discours de v\u00e9rit\u00e9 mais bien d\u2019une volont\u00e9 de stigmatiser une population dont la pr\u00e9sence ne serait pas souhaitable en France.\u00a0<\/span><\/b><\/h3>\n<\/div>\n<h3><b><span style=\"font-family: 'Trebuchet MS',sans-serif;\">De tels mots dans la bouche d\u2019un ministre de la R\u00e9publique ne sont pas acceptables. Ils le sont d\u2019autant moins qu\u2019ils ne satisferont m\u00eame pas \u00e0 l\u2019objectif recherch\u00e9, si ce n\u2019est avou\u00e9, de pr\u00e9parer les prochaines \u00e9ch\u00e9ances \u00e9lectorales.\u00a0<\/span><\/b><\/h3>\n<h3 style=\"text-align: justify;\"><b><span style=\"font-family: 'Trebuchet MS',sans-serif;\">La Ligue des droits de l&rsquo;Homme entend rappeler au ministre de l\u2019Int\u00e9rieur, qu\u2019en d\u00e9niant \u00e0 cette population les m\u00eames droits qu\u2019aux autres citoyens de l\u2019Union europ\u00e9enne, il participe aux m\u00eames discriminations qu\u2019ils subissent dans leurs pays d\u2019origine. La Ligue des droits de l&rsquo;Homme appelle le gouvernement de la R\u00e9publique \u00e0 se ressaisir et \u00e0 retrouver les voies de l\u2019universalit\u00e9 des droits de l\u2019Homme. <\/span><\/b><\/h3>\n<gcse:search><\/gcse:search>","protected":false},"excerpt":{"rendered":"<p>Les d\u00e9clarations du ministre de l\u2019Int\u00e9rieur se suivent et se ressemblent : le mode de vie des Roms est \u00e9loign\u00e9 du n\u00f4tre et la majorit\u00e9 d\u2019entre eux ne veut pas s\u2019int\u00e9grer. M. Valls devrait savoir, plus que quiconque, que l\u2019usage de tels st\u00e9r\u00e9otypes ne ressort pas d\u2019un discours de v\u00e9rit\u00e9 mais bien d\u2019une volont\u00e9 de [&hellip;]<\/p>\n","protected":false},"author":1,"featured_media":0,"comment_status":"open","ping_status":"closed","sticky":false,"template":"","format":"standard","meta":{"footnotes":""},"categories":[217,173,244],"tags":[103,50,221],"class_list":["post-9590","post","type-post","status-publish","format-standard","hentry","category-libertes","category-no-pasaran","category-point-de-vue","tag-demarche-citoyenne","tag-discriminations","tag-rroms"],"_links":{"self":[{"href":"https:\/\/alternatifs81.fr\/index.php?rest_route=\/wp\/v2\/posts\/9590","targetHints":{"allow":["GET"]}}],"collection":[{"href":"https:\/\/alternatifs81.fr\/index.php?rest_route=\/wp\/v2\/posts"}],"about":[{"href":"https:\/\/alternatifs81.fr\/index.php?rest_route=\/wp\/v2\/types\/post"}],"author":[{"embeddable":true,"href":"https:\/\/alternatifs81.fr\/index.php?rest_route=\/wp\/v2\/users\/1"}],"replies":[{"embeddable":true,"href":"https:\/\/alternatifs81.fr\/index.php?rest_route=%2Fwp%2Fv2%2Fcomments&post=9590"}],"version-history":[{"count":0,"href":"https:\/\/alternatifs81.fr\/index.php?rest_route=\/wp\/v2\/posts\/9590\/revisions"}],"wp:attachment":[{"href":"https:\/\/alternatifs81.fr\/index.php?rest_route=%2Fwp%2Fv2%2Fmedia&parent=9590"}],"wp:term":[{"taxonomy":"category","embeddable":true,"href":"https:\/\/alternatifs81.fr\/index.php?rest_route=%2Fwp%2Fv2%2Fcategories&post=9590"},{"taxonomy":"post_tag","embeddable":true,"href":"https:\/\/alternatifs81.fr\/index.php?rest_route=%2Fwp%2Fv2%2Ftags&post=9590"}],"curies":[{"name":"wp","href":"https:\/\/api.w.org\/{rel}","templated":true}]}}