{"id":9572,"date":"2013-09-23T20:54:53","date_gmt":"2013-09-23T19:54:53","guid":{"rendered":"http:\/\/alternatifs81.fr\/?p=9572"},"modified":"2013-09-29T10:04:45","modified_gmt":"2013-09-29T09:04:45","slug":"le-conseil-constitutionnel-va-t-il-censurer-linterdiction-de-la-fracturation-hydraulique","status":"publish","type":"post","link":"https:\/\/alternatifs81.fr\/?p=9572","title":{"rendered":"Le Conseil constitutionnel va-t-il censurer l\u2019interdiction de la fracturation hydraulique ?"},"content":{"rendered":"<div class=\"main single\">\n<div class=\"wrapper\">\n<section class=\"content\">\n<article class=\"item\" itemprop=\"blogPosts\" itemscope=\"\" itemtype=\"http:\/\/schema.org\/BlogPosting\">\n<div class=\"entry\">\n<div class=\"ob-section ob-section-text\">\n<div class=\"ob-text\">\n<h3 style=\"text-align: justify;\"><img loading=\"lazy\" decoding=\"async\" class=\"alignleft  wp-image-9580\" style=\"margin: 12px; border: 6px solid black;\" alt=\"ob_9e5bc8df98bb1c89d496eed5eca90a4e_non-gaz-schiste\" src=\"http:\/\/alternatifs81.fr\/wp-content\/uploads\/ob_9e5bc8df98bb1c89d496eed5eca90a4e_non-gaz-schiste.png\" width=\"252\" height=\"214\" srcset=\"https:\/\/alternatifs81.fr\/wp-content\/uploads\/ob_9e5bc8df98bb1c89d496eed5eca90a4e_non-gaz-schiste.png 600w, https:\/\/alternatifs81.fr\/wp-content\/uploads\/ob_9e5bc8df98bb1c89d496eed5eca90a4e_non-gaz-schiste-300x255.png 300w\" sizes=\"auto, (max-width: 252px) 100vw, 252px\" \/>Les Collectifs rappellent respectueusement au Conseil Constitutionnel leur attachement, ainsi que celui d\u2019une majorit\u00e9 des citoyens en France, \u00e0 l&rsquo;actuelle interdiction de la fracturation hydraulique dont les cons\u00e9quences environnementales et sanitaires \u00e0 court, moyen et long termes sont clairement d\u00e9montr\u00e9es par de nombreuses \u00e9tudes scientifiques et par les r\u00e9sultats catastrophiques de l\u2019exploitation des hydrocarbures par cette technique dans d\u2019autres pays.<\/h3>\n<h3 style=\"text-align: justify;\">Les Collectifs s\u2019\u00e9tonnent par ailleurs que les dix m\u00e9moires en intervention contestant la QPC \u00ab Schuepbach \u00bb et demandant le maintien de la loi du 13 juillet 2011, d\u00e9pos\u00e9s le 5 ao\u00fbt dernier par une association et des citoyens demeurant dans des zones concern\u00e9es par des permis de recherche d\u2019hydrocarbures (Aude, Gard, Gers, Seine-et-Marne) &#8211; dont celui dit de \u00ab Nant \u00bb &#8211; aient \u00e9t\u00e9 rejet\u00e9s par le secr\u00e9taire g\u00e9n\u00e9ral du Conseil Constitutionnel, sans avoir \u00e9t\u00e9 transmis pour \u00eatre examin\u00e9s sur le fond. Les interventions des<!--more--> conseils, r\u00e9gional d\u2019Ile-de-France et g\u00e9n\u00e9ral de Seine-et-Marne, solidaires, ainsi que de l\u2019Adepad+ (1) et du Mnle (2), aussi solidiaires, ont \u00e9galement \u00e9t\u00e9 rejet\u00e9s dans les m\u00eames conditions.<\/h3>\n<h3 style=\"text-align: justify;\">Les Collectifs r\u00e9affirment leur opposition \u00e0 l&rsquo;exp\u00e9rimentation, l\u2019exploration et l\u2019exploitation d\u2019hydrocarbures n\u00e9cessitant une fracturation hydro-chimique ou toute autre stimulation de la roche. Une interdiction qu&rsquo;il convient de maintenir et de renforcer afin que notre pays s&rsquo;oriente clairement et le plus rapidement possible vers des \u00e9nergies \u00e0 faible impact environnemental. Ceci lui permettant en partie de respecter son engagement \u00e0 contenir les effets des activit\u00e9s humaines sur le d\u00e9r\u00e8glement climatique constat\u00e9 ainsi qu&rsquo;\u00e0 pr\u00e9server les ressources et les milieux que nous l\u00e9guerons aux g\u00e9n\u00e9rations futures.<\/h3>\n<h3><span style=\"text-decoration: underline;\">Contacts presse<\/span><\/h3>\n<p><strong><span style=\"text-decoration: underline;\">Nord\/Pas-de-Calais,<\/span><\/strong> Christine Poilly : 06 21 68 30 87<span style=\"text-decoration: underline;\"><strong> Ile-de-France<\/strong><\/span>, Julien Renault : 06 75 60 59 34 et Philippe Pascot : 06 78 08 99 07<br \/>\n<span style=\"text-decoration: underline;\"><strong>Ile-de-France<\/strong><\/span>\/Jouarre, Isabelle Levy : 06 63 04 05 19<strong><span style=\"text-decoration: underline;\"> Sud-Ouest<\/span>,<\/strong> Sylviane Baudois : 06 83 20 51 96<\/p>\n<p><strong>Signataires<em> (collectifs et associations)<\/em><\/strong> :\u00a0 <span style=\"color: #0000ff;\"><em>Carmen (02), Collectif 07 (07), Citoyens du Narbonnais Non Gaz et P\u00e9trole de Schiste (11), FRAPNA Dr\u00f4me (26), Grand Valentinois (26), Gard Rhodanien (30), Les Mages AJC (30), Auzonnet, C\u00e8ze et Gagni\u00e8re (30), Garrigue Vaunage (30), Roquedur-Le Vigan (30), Anduze (30), Viganais Non aux gaz et p\u00e9trole de schiste (30), Barjac (30), Basta ! Gaz Al\u00e8s (30), Territoire en transition Vidourle-Vaunage (30), Gers Non au gaz de schiste (32), Montpellier littoral Contre les gaz et p\u00e9trole de schiste (34), Eco&rsquo;lectif D\u00e9gaze Gignac et environs (34), Grand Montpellier (34), Clapiers (34), Stop aux GHRM 38Lot-et-Garonne Non au gaz de schiste (47), Association Stop au gaz de schiste- Non al gas d&rsquo;esquist 47 (47), Causse M\u00e9jean-Gaz de schiste NON ! (48), Florac Non au gaz de schiste (48), Houille ouille ouille (59-62),Stop GDS 69 (69), Pays fertois (77), Pays de Coulommiers (77), Briard (77), Bass\u00e9e-Montois (77), Bocage g\u00e2tinais (77-89-45), Stop p\u00e9trole de schiste 77 (77), Collectif 83 (83), Essonne Non aux gaz et p\u00e9trole de schiste (91), Ile-de-France Non aux gaz et p\u00e9trole de schiste, Association nationale No Gazaran !<\/em><\/span><\/p>\n<p><strong><span style=\"color: #0000ff;\"><em>(1) Association de d\u00e9fense de l&rsquo;environnement et du patrimoine \u00e0 Doue 77510 et aux communes environnantes<\/em><\/span><\/strong><br \/>\n<strong><span style=\"color: #0000ff;\"><em> (2) Mouvement national de lutte pour l&rsquo;environnement<\/em><\/span><\/strong><\/p>\n<\/div>\n<\/div>\n<\/div>\n<\/article>\n<\/section>\n<\/div>\n<\/div>\n<gcse:search><\/gcse:search>","protected":false},"excerpt":{"rendered":"<p>Les Collectifs rappellent respectueusement au Conseil Constitutionnel leur attachement, ainsi que celui d\u2019une majorit\u00e9 des citoyens en France, \u00e0 l&rsquo;actuelle interdiction de la fracturation hydraulique dont les cons\u00e9quences environnementales et sanitaires \u00e0 court, moyen et long termes sont clairement d\u00e9montr\u00e9es par de nombreuses \u00e9tudes scientifiques et par les r\u00e9sultats catastrophiques de l\u2019exploitation des hydrocarbures par [&hellip;]<\/p>\n","protected":false},"author":1,"featured_media":0,"comment_status":"open","ping_status":"closed","sticky":false,"template":"","format":"standard","meta":{"footnotes":""},"categories":[125,126,21,173,232,246],"tags":[103,67],"class_list":["post-9572","post","type-post","status-publish","format-standard","hentry","category-ecologie","category-gauche-de-combat","category-les-alters-dans-les-luttes","category-no-pasaran","category-notre-economie-et-la-leur","category-transition-energetique-2","tag-demarche-citoyenne","tag-gaz-de-schiste"],"_links":{"self":[{"href":"https:\/\/alternatifs81.fr\/index.php?rest_route=\/wp\/v2\/posts\/9572","targetHints":{"allow":["GET"]}}],"collection":[{"href":"https:\/\/alternatifs81.fr\/index.php?rest_route=\/wp\/v2\/posts"}],"about":[{"href":"https:\/\/alternatifs81.fr\/index.php?rest_route=\/wp\/v2\/types\/post"}],"author":[{"embeddable":true,"href":"https:\/\/alternatifs81.fr\/index.php?rest_route=\/wp\/v2\/users\/1"}],"replies":[{"embeddable":true,"href":"https:\/\/alternatifs81.fr\/index.php?rest_route=%2Fwp%2Fv2%2Fcomments&post=9572"}],"version-history":[{"count":0,"href":"https:\/\/alternatifs81.fr\/index.php?rest_route=\/wp\/v2\/posts\/9572\/revisions"}],"wp:attachment":[{"href":"https:\/\/alternatifs81.fr\/index.php?rest_route=%2Fwp%2Fv2%2Fmedia&parent=9572"}],"wp:term":[{"taxonomy":"category","embeddable":true,"href":"https:\/\/alternatifs81.fr\/index.php?rest_route=%2Fwp%2Fv2%2Fcategories&post=9572"},{"taxonomy":"post_tag","embeddable":true,"href":"https:\/\/alternatifs81.fr\/index.php?rest_route=%2Fwp%2Fv2%2Ftags&post=9572"}],"curies":[{"name":"wp","href":"https:\/\/api.w.org\/{rel}","templated":true}]}}