{"id":9567,"date":"2013-09-23T20:43:12","date_gmt":"2013-09-23T19:43:12","guid":{"rendered":"http:\/\/alternatifs81.fr\/?p=9567"},"modified":"2013-09-29T09:54:52","modified_gmt":"2013-09-29T08:54:52","slug":"notre-dame-des-landes-nous-serons-la-michel-tarin","status":"publish","type":"post","link":"https:\/\/alternatifs81.fr\/?p=9567","title":{"rendered":"Notre Dame des Landes : \u00ab\u00a0Nous serons l\u00e0 \u00ab\u00a0!  Michel TARIN"},"content":{"rendered":"<div class=\"separator\" style=\"clear: both; text-align: center;\"><a style=\"clear: left; float: left; margin-bottom: 1em; margin-right: 1em;\" href=\"http:\/\/1.bp.blogspot.com\/-iBMkUN-hHyY\/Uj1dTB17TEI\/AAAAAAAAFmg\/-LlokLNYeGw\/s1600\/michel.jpg\" rel=\"lightbox[9567]\"><img loading=\"lazy\" decoding=\"async\" style=\"border: 5px solid black;\" alt=\"\" src=\"http:\/\/1.bp.blogspot.com\/-iBMkUN-hHyY\/Uj1dTB17TEI\/AAAAAAAAFmg\/-LlokLNYeGw\/s200\/michel.jpg\" width=\"200\" height=\"111\" border=\"0\" \/><\/a><\/div>\n<h3 style=\"text-align: justify;\"><span style=\"font-family: 'Trebuchet MS',sans-serif;\"><strong>Depuis le 17 septembre, jour de la seconde audition des p\u00e9titionnaires de Notre Dame des Landes par la commission des p\u00e9titions du parlement europ\u00e9en, les pro-a\u00e9roport pavoisent ! Laissons-les pavoiser ! Nous avons pris la mesure de l\u2019immense collusion entre le PS, l\u2019&rsquo;UMP et Vinci encore une fois sur ce sujet<\/strong>.<\/span><b><span style=\"font-family: 'Trebuchet MS',sans-serif;\">\u00a0<\/span><\/b><\/h3>\n<h3><b><span style=\"font-family: 'Trebuchet MS',sans-serif;\">Ils vont vouloir passer en force ? Nous serons l\u00e0 !\u00a0<\/span><\/b><\/h3>\n<h3 style=\"text-align: justify;\"><b><span style=\"font-family: 'Trebuchet MS',sans-serif;\">Pour nous rien n\u2019a chang\u00e9 depuis ce mercredi-l\u00e0 ! La p\u00e9tition n\u2019a pas \u00e9t\u00e9 close malgr\u00e9 l\u2019&rsquo;insistance de quelques d\u00e9put\u00e9s (un lobbying b\u00e9ton avait \u00e9t\u00e9 pourtant organis\u00e9 !) et nous pourrons donc continuer \u00e0 intervenir \u00e0 Bruxelles ; tout comme la commission<!--more--> europ\u00e9enne nous serons bien s\u00fbr, nous aussi, tr\u00e8s attentifs \u00e0 la suite et nous sommes pr\u00eats \u00e0 attaquer juridiquement tous les arr\u00eat\u00e9s \u00e0 venir !\u00a0<\/span><\/b><\/h3>\n<p><strong><span style=\"font-family: 'Trebuchet MS',sans-serif;\">Les expulsions ne sont toujours pas possibles, les propri\u00e9taires refusant l\u2019&rsquo;expropriation sont de plus en plus nombreux, etc<\/span><span style=\"font-family: 'Trebuchet MS',sans-serif;\">\u00a0<\/span><\/strong> <a name=\"more\"><\/a><\/p>\n<h3><b><span style=\"font-family: 'Trebuchet MS',sans-serif;\">La r\u00e9sistance est l\u00e0 ! Cet a\u00e9roport ne se fera pas car nous avons raison \u2013 \u00e9conomiquement, \u00e9cologiquement, juridiquement et politiquement &#8211; de nous battre contre ce projet fou ! Nous sommes la force qui gagnera !\u00a0<\/span><\/b><\/h3>\n<h3 style=\"text-align: justify;\"><b><span style=\"font-family: 'Trebuchet MS',sans-serif;\">Cet a\u00e9roport ne se fera pas car nous l\u2019&#8217;emp\u00eacherons par tous les moyens en notre possession ; nous utiliserons la d\u00e9sob\u00e9issance civile ! On nous arr\u00eatera ! On nous mettra en taule ! Nous ne l\u00e2cherons rien ! La violence sera en face !\u00a0<\/span><\/b><\/h3>\n<h3 style=\"text-align: justify;\"><b><span style=\"font-family: 'Trebuchet MS',sans-serif;\">J\u2019irai avec mon b\u00e2ton (avec les forces qui me restent et dans la non violence !) sur le terrain et nous le d\u00e9fendrons m\u00e8tre carr\u00e9 par m\u00e8tre carr\u00e9 ! <span style=\"color: #008000;\">Je n&rsquo;\u2019utiliserai pas mon b\u00e2ton pour cogner sur les forces de police mais, comme lorsque les copains du Larzac montaient \u00e0 Paris, nous ferons r\u00e9sonner le chant de nos b\u00e2tons sur les terres de la ZAD pour les prot\u00e9ger du saccage programm\u00e9.\u00a0<\/span><\/span><\/b><\/h3>\n<h3 style=\"text-align: justify;\"><b><span style=\"font-family: 'Trebuchet MS',sans-serif;\">J\u2019&rsquo;en appelle \u00e0 tous les comit\u00e9s de soutien de France et de Navarre ! Tenez-vous pr\u00eats \u00e0 revenir cet hiver \u00e0 Notre Dame des Landes ou \u00e0 occuper les centres de d\u00e9cision politique l\u00e0 o\u00f9 vous \u00eates !\u00a0<\/span><\/b><\/h3>\n<h3 style=\"text-align: justify;\"><b><span style=\"font-family: 'Trebuchet MS',sans-serif;\">Ensemble, comme nous l&rsquo;\u2019avons d\u00e9j\u00e0 d\u00e9montr\u00e9 par nos actions et nos rassemblements, nous allons, non seulement arr\u00eater ce projet d&rsquo;\u2019un autre temps mais aussi et surtout, faire prendre conscience qu\u2019un autre d\u00e9veloppement et un autre monde sont possibles !\u00a0<\/span><\/b><\/h3>\n<h3><span style=\"color: #808000;\"><b><span style=\"font-family: 'Trebuchet MS',sans-serif;\">Et \u00e0 vous les porteurs du projet, je dis : \u00ab Chiche ! Revenez essayer de vider la zone ! \u00bb\u00a0<\/span><\/b><\/span><\/h3>\n<h3><span style=\"color: #0000ff;\"><b><span style=\"font-family: 'Trebuchet MS',sans-serif;\">Michel Tarin<\/span><\/b><\/span><\/h3>\n<gcse:search><\/gcse:search>","protected":false},"excerpt":{"rendered":"<p>Depuis le 17 septembre, jour de la seconde audition des p\u00e9titionnaires de Notre Dame des Landes par la commission des p\u00e9titions du parlement europ\u00e9en, les pro-a\u00e9roport pavoisent ! Laissons-les pavoiser ! Nous avons pris la mesure de l\u2019immense collusion entre le PS, l\u2019&rsquo;UMP et Vinci encore une fois sur ce sujet.\u00a0 Ils vont vouloir passer [&hellip;]<\/p>\n","protected":false},"author":1,"featured_media":0,"comment_status":"open","ping_status":"closed","sticky":false,"template":"","format":"standard","meta":{"footnotes":""},"categories":[154,125,126,173,1,232,6,244,193,246],"tags":[103,23,20],"class_list":["post-9567","post","type-post","status-publish","format-standard","hentry","category-agriculture","category-ecologie","category-gauche-de-combat","category-no-pasaran","category-non-classe","category-notre-economie-et-la-leur","category-notre-projet","category-point-de-vue","category-social","category-transition-energetique-2","tag-demarche-citoyenne","tag-luttes","tag-manifestations"],"_links":{"self":[{"href":"https:\/\/alternatifs81.fr\/index.php?rest_route=\/wp\/v2\/posts\/9567","targetHints":{"allow":["GET"]}}],"collection":[{"href":"https:\/\/alternatifs81.fr\/index.php?rest_route=\/wp\/v2\/posts"}],"about":[{"href":"https:\/\/alternatifs81.fr\/index.php?rest_route=\/wp\/v2\/types\/post"}],"author":[{"embeddable":true,"href":"https:\/\/alternatifs81.fr\/index.php?rest_route=\/wp\/v2\/users\/1"}],"replies":[{"embeddable":true,"href":"https:\/\/alternatifs81.fr\/index.php?rest_route=%2Fwp%2Fv2%2Fcomments&post=9567"}],"version-history":[{"count":0,"href":"https:\/\/alternatifs81.fr\/index.php?rest_route=\/wp\/v2\/posts\/9567\/revisions"}],"wp:attachment":[{"href":"https:\/\/alternatifs81.fr\/index.php?rest_route=%2Fwp%2Fv2%2Fmedia&parent=9567"}],"wp:term":[{"taxonomy":"category","embeddable":true,"href":"https:\/\/alternatifs81.fr\/index.php?rest_route=%2Fwp%2Fv2%2Fcategories&post=9567"},{"taxonomy":"post_tag","embeddable":true,"href":"https:\/\/alternatifs81.fr\/index.php?rest_route=%2Fwp%2Fv2%2Ftags&post=9567"}],"curies":[{"name":"wp","href":"https:\/\/api.w.org\/{rel}","templated":true}]}}