{"id":9565,"date":"2013-09-23T20:30:29","date_gmt":"2013-09-23T19:30:29","guid":{"rendered":"http:\/\/alternatifs81.fr\/?p=9565"},"modified":"2013-09-29T09:55:32","modified_gmt":"2013-09-29T08:55:32","slug":"a-vous-tou-te-s-qui-me-soutenez-par-julie-del-papa","status":"publish","type":"post","link":"https:\/\/alternatifs81.fr\/?p=9565","title":{"rendered":"A vous tou-te-s qui me soutenez\u2026 , par Julie del Papa"},"content":{"rendered":"<h3 class=\"separator\" style=\"clear: both; text-align: center;\"><a style=\"clear: left; float: left; margin-bottom: 1em; margin-right: 1em;\" href=\"http:\/\/1.bp.blogspot.com\/-uv9raINe8DU\/Uj1Z-gD9UYI\/AAAAAAAAFmU\/NCRZPWv5d4k\/s1600\/julie.jpeg\" rel=\"lightbox[9565]\"><img loading=\"lazy\" decoding=\"async\" style=\"border: 6px solid black;\" alt=\"\" src=\"http:\/\/1.bp.blogspot.com\/-uv9raINe8DU\/Uj1Z-gD9UYI\/AAAAAAAAFmU\/NCRZPWv5d4k\/s200\/julie.jpeg\" width=\"200\" height=\"200\" border=\"0\" \/><\/a><\/h3>\n<h3 style=\"text-align: justify;\"><b><span style=\"font-family: 'Trebuchet MS',sans-serif;\">Bonjour \u00e0 toutes et \u00e0 tous,\u00a0<\/span><\/b><\/h3>\n<h3 style=\"text-align: justify;\"><b><span style=\"font-family: 'Trebuchet MS',sans-serif;\">Je tenais d\u2019abord \u00e0 vous remercier pour les milliers de soutiens qui affluent sans cesse depuis quelques jours, pour les p\u00e9titions lanc\u00e9es, les r\u00e9actions sur les r\u00e9seaux et les t\u00e9moignages collectifs qui me touchent profond\u00e9ment. C\u2019est un grand r\u00e9confort dont j\u2019avais besoin, mais au-del\u00e0 de \u00e7a, c\u2019est la preuve que nous sommes toutes et tous r\u00e9publicain-e-s, malgr\u00e9 parfois nos divergences politiques, et que nos valeurs communes sont celles de la lutte pour des id\u00e9es et non un combat contre des minorit\u00e9s pr\u00e9caires ou des personnes isol\u00e9es, comme celui que m\u00e8ne cette extr\u00eame-droite, qui r\u00e9v\u00e8le l\u00e0 son insondable l\u00e2chet\u00e9.\u00a0<\/span><\/b><\/h3>\n<h3 style=\"text-align: justify;\"><b><span style=\"font-family: 'Trebuchet MS',sans-serif;\">Ces attaques sont \u00e9videmment une preuve de l\u00e2chet\u00e9 mais aussi la marque d\u2019une ignorance<!--more--> coupable. En nous mena\u00e7ant (je pense particuli\u00e8rement \u00e0 mes camarades Nathana\u00ebl, Sophia, et Sydne) ils croyaient traquer des proies faciles mais ce qu\u2019ils n\u2019avaient pas mesur\u00e9 c\u2019est qu\u2019aucun-e d\u2019entre-nous n\u2019est jamais seul-e, nous sommes toujours des milliers.\u00a0<\/span><\/b> <a name=\"more\"><\/a><\/h3>\n<h3 style=\"text-align: justify;\"><b><span style=\"font-family: 'Trebuchet MS',sans-serif;\">Beaucoup se sont inqui\u00e9t\u00e9-e-s pour moi, et je suis navr\u00e9e de ne pas avoir pu r\u00e9pondre \u00e0 vos messages et vous donner des nouvelles plus t\u00f4t. J\u2019esp\u00e8re que vous comprendrez que la situation exige de la prudence et du recul\u2026 Je vais bien, et mon moral revient au mieux comme vous avez pu le constater depuis le d\u00e9but de ce billet.\u00a0<\/span><\/b><\/h3>\n<h3 style=\"text-align: justify;\"><b><span style=\"font-family: 'Trebuchet MS',sans-serif;\">A la suite des \u00e9v\u00e9nements, des agression verbales, des appels \u00e0 la haine, au viol ou encore au meurtre sur les r\u00e9seaux sociaux, et Twitter en particulier, j\u2019ai \u00e9t\u00e9 victime de tentatives de piratages sur Internet, mais aussi, en effet, d\u2019une agression physique dans la rue. Il est impossible, pour l\u2019instant, de savoir si tout cela est li\u00e9 mais la co\u00efncidence est troublante et semble ne pas faire de doute pour la police. Ma plainte a enfin \u00e9t\u00e9 accept\u00e9e et je crois savoir que le dossier, jug\u00e9 sensible par les autorit\u00e9s, avance bien.\u00a0<\/span><\/b><\/h3>\n<h3 style=\"text-align: justify;\"><b><span style=\"font-family: 'Trebuchet MS',sans-serif;\">Mon agression publique a \u00e9t\u00e9 sans cons\u00e9quence physique, mais sa violence, dans ce contexte, a \u00e9t\u00e9 difficile \u00e0 supporter. Aujourd\u2019hui, ma s\u00e9curit\u00e9 est assur\u00e9e, et je suis plus que jamais d\u00e9termin\u00e9e \u00e0 continuer la lutte, et mon but est de faire aboutir les poursuites engag\u00e9es.\u00a0<\/span><\/b><\/h3>\n<h3 style=\"text-align: justify;\"><b><span style=\"font-family: 'Trebuchet MS',sans-serif;\">Au-del\u00e0 du combat personnel, il s\u2019agit que la justice, le gouvernement, la soci\u00e9t\u00e9 toute enti\u00e8re, reconnaissent et condamnent la violence des attaques d\u2019une extr\u00eame-droite qui confond la libert\u00e9 d\u2019expression avec le fait de d\u00e9verser sa haine. La banalisation des id\u00e9es du Front National (auquel se r\u00e9f\u00e8rent sans ambigu\u00eft\u00e9 bon nombre de mes agresseurs, comme le d\u00e9montre cet article) et ses soutiens m\u00e9diatiques et politiques nationaux, donnent une raison d\u2019\u00eatre \u00e0 celles et ceux qui appellent impun\u00e9ment au viol, au meurtre et \u00e0 la d\u00e9portation parfois, \u00e0 la violence sur autrui toujours.\u00a0<\/span><\/b><\/h3>\n<h3 style=\"text-align: justify;\"><b><span style=\"font-family: 'Trebuchet MS',sans-serif;\">Chaque citoyen-ne, quelles que soient ses raisons que je ne juge pas, doit comprendre qu\u2019en votant pour le Front National, ils donnent aussi du pouvoir \u00e0 ses extr\u00e9mistes de la haine ordinaire, cach\u00e9s derri\u00e8re leurs ordinateurs. Cet \u00e9tat de fait doit cesser et chacun-e doit mesurer sa responsabilit\u00e9. La libert\u00e9 d\u2019expression ne consiste pas \u00e0 dire tout haut ce que l\u2019on veut, mais bien \u00e0 accepter le d\u00e9bat d\u2019id\u00e9es, \u00e0 avancer des arguments, \u00e0 \u00e9couter la contradiction, surtout en politique.\u00a0<\/span><\/b><\/h3>\n<h3 style=\"text-align: justify;\"><b><span style=\"font-family: 'Trebuchet MS',sans-serif;\">Twitter, Facebook, et tous les r\u00e9seaux sociaux ne doivent plus \u00e9chapper \u00e0 la loi qui r\u00e9git la libert\u00e9 de la presse. En tant que lieux publics, ces r\u00e9seaux doivent respecter les r\u00e8gles de notre R\u00e9publique humaniste. La police m\u2019a inform\u00e9e que Twitter France \u00ab\u00a0<i>refuse syst\u00e9matiquement de r\u00e9pondre aux r\u00e9quisitions judiciaires\u00a0\u00bb<\/i>. Il est temps que cette multinationale montre qu\u2019elle est pr\u00eate \u00e0 respecter nos valeurs, \u00e0 ob\u00e9ir \u00e0 nos lois ou alors \u00e0 \u00eatre condamn\u00e9e pour son laxisme. Sa responsabilit\u00e9 est en cause et mon combat, notre combat devra aussi \u00eatre celui-l\u00e0. <\/span><\/b><\/h3>\n<h3 style=\"text-align: justify;\"><strong><span style=\"font-family: 'Trebuchet MS',sans-serif;\">Si des internautes se croient autoris\u00e9 \u00e0 tout, et en premier lieu ceux de l\u2019extr\u00eame droite dont la violence d\u00e9passe la raison, c\u2019est d\u2019abord parce que les grands groupes qui r\u00e9gissent ces r\u00e9seaux les laissent agir.\u00a0<\/span> <span style=\"font-family: 'Trebuchet MS',sans-serif;\">De nombreux articles ont \u00e9t\u00e9 publi\u00e9s sur cette affaire. Je n\u2019ai moi-m\u00eame accept\u00e9 aucune autre interview que celles de Michel Soudais pour Politis et Caroline Constant pour l\u2019Humanit\u00e9, et je les remercie du respect qu\u2019ils m\u2019ont t\u00e9moign\u00e9.<\/span><\/strong><\/h3>\n<h3 style=\"text-align: justify;\"><b><span style=\"font-family: 'Trebuchet MS',sans-serif;\">Je consid\u00e8re que la majorit\u00e9 des m\u00e9dias nationaux jouent d\u2019ordinaire de fa\u00e7on irresponsable avec la mont\u00e9e de la violence d\u2019extr\u00eame-droite. En mettant, depuis plus d\u2019un an, sur le m\u00eame plan le Parti de Gauche (Front de Gauche) et le Front National, ils ont volontairement effac\u00e9 la ligne qui s\u00e9pare les partis r\u00e9publicains des partis extr\u00e9mistes.\u00a0<\/span><\/b><\/h3>\n<h3 style=\"text-align: justify;\"><b><span style=\"font-family: 'Trebuchet MS',sans-serif;\">Notre gauche, le c\u0153ur de la gauche, se bat pour des id\u00e9es, des valeurs qui jamais ne nous ferons nous attaquer \u00e0 l\u2019autre parce qu\u2019il\/elle est une femme, un-e homosexuel-le, une immigr\u00e9-e, un-e ch\u00f4meur\/-se, etc\u2026\u00a0<\/span><\/b> <b><span style=\"font-family: 'Trebuchet MS',sans-serif;\">Nous ne sommes pas extr\u00e9mistes. Nous nous battons pour d\u00e9fendre tout ce que la haine d\u2019extr\u00eame droite qui s\u2019est d\u00e9vers\u00e9e contre moi cherche \u00e0 d\u00e9truire pour installer son autoritarisme. Nous nous battons pour la justice sociale, l\u2019entente entre les peuples, la paix, l\u2019\u00e9galit\u00e9, la libert\u00e9.\u00a0<\/span><\/b><\/h3>\n<h3 style=\"text-align: justify;\"><b><span style=\"font-family: 'Trebuchet MS',sans-serif;\">Je vais bien, vous l\u2019avez compris. Et m\u00eame si je continue de rester \u00e0 distance, nous sommes ensemble. <\/span><\/b><\/h3>\n<h3 style=\"text-align: justify;\"><b><span style=\"font-family: 'Trebuchet MS',sans-serif;\">No pasaran !<\/span><\/b><\/h3>\n<gcse:search><\/gcse:search>","protected":false},"excerpt":{"rendered":"<p>Bonjour \u00e0 toutes et \u00e0 tous,\u00a0 Je tenais d\u2019abord \u00e0 vous remercier pour les milliers de soutiens qui affluent sans cesse depuis quelques jours, pour les p\u00e9titions lanc\u00e9es, les r\u00e9actions sur les r\u00e9seaux et les t\u00e9moignages collectifs qui me touchent profond\u00e9ment. C\u2019est un grand r\u00e9confort dont j\u2019avais besoin, mais au-del\u00e0 de \u00e7a, c\u2019est la preuve [&hellip;]<\/p>\n","protected":false},"author":1,"featured_media":0,"comment_status":"open","ping_status":"closed","sticky":false,"template":"","format":"standard","meta":{"footnotes":""},"categories":[275,149,173],"tags":[43,103,50,23],"class_list":["post-9565","post","type-post","status-publish","format-standard","hentry","category-a-gauche-toute","category-feminisme","category-no-pasaran","tag-appel","tag-demarche-citoyenne","tag-discriminations","tag-luttes"],"_links":{"self":[{"href":"https:\/\/alternatifs81.fr\/index.php?rest_route=\/wp\/v2\/posts\/9565","targetHints":{"allow":["GET"]}}],"collection":[{"href":"https:\/\/alternatifs81.fr\/index.php?rest_route=\/wp\/v2\/posts"}],"about":[{"href":"https:\/\/alternatifs81.fr\/index.php?rest_route=\/wp\/v2\/types\/post"}],"author":[{"embeddable":true,"href":"https:\/\/alternatifs81.fr\/index.php?rest_route=\/wp\/v2\/users\/1"}],"replies":[{"embeddable":true,"href":"https:\/\/alternatifs81.fr\/index.php?rest_route=%2Fwp%2Fv2%2Fcomments&post=9565"}],"version-history":[{"count":0,"href":"https:\/\/alternatifs81.fr\/index.php?rest_route=\/wp\/v2\/posts\/9565\/revisions"}],"wp:attachment":[{"href":"https:\/\/alternatifs81.fr\/index.php?rest_route=%2Fwp%2Fv2%2Fmedia&parent=9565"}],"wp:term":[{"taxonomy":"category","embeddable":true,"href":"https:\/\/alternatifs81.fr\/index.php?rest_route=%2Fwp%2Fv2%2Fcategories&post=9565"},{"taxonomy":"post_tag","embeddable":true,"href":"https:\/\/alternatifs81.fr\/index.php?rest_route=%2Fwp%2Fv2%2Ftags&post=9565"}],"curies":[{"name":"wp","href":"https:\/\/api.w.org\/{rel}","templated":true}]}}