{"id":9528,"date":"2013-09-18T22:34:48","date_gmt":"2013-09-18T21:34:48","guid":{"rendered":"http:\/\/alternatifs81.fr\/?p=9528"},"modified":"2013-09-29T09:57:13","modified_gmt":"2013-09-29T08:57:13","slug":"pour-une-anthropologie-politique-de-lautogestion-gilbert-dalgalian","status":"publish","type":"post","link":"https:\/\/alternatifs81.fr\/?p=9528","title":{"rendered":"Pour une anthropologie politique de l&rsquo;autogestion     Gilbert DALGALIAN,"},"content":{"rendered":"<p><!--[if gte mso 9]><xml>\n<w:WordDocument>\n<w:View>Normal<\/w:View>\n<w:Zoom>0<\/w:Zoom>\n<w:TrackMoves\/>\n<w:TrackFormatting\/>\n<w:HyphenationZone>21<\/w:HyphenationZone>\n<w:PunctuationKerning\/>\n<w:ValidateAgainstSchemas\/>\n<w:SaveIfXMLInvalid>false<\/w:SaveIfXMLInvalid>\n<w:IgnoreMixedContent>false<\/w:IgnoreMixedContent>\n<w:AlwaysShowPlaceholderText>false<\/w:AlwaysShowPlaceholderText>\n<w:DoNotPromoteQF\/>\n<w:LidThemeOther>FR<\/w:LidThemeOther>\n<w:LidThemeAsian>X-NONE<\/w:LidThemeAsian>\n<w:LidThemeComplexScript>X-NONE<\/w:LidThemeComplexScript>\n<w:Compatibility>\n<w:BreakWrappedTables\/>\n<w:SnapToGridInCell\/>\n<w:WrapTextWithPunct\/>\n<w:UseAsianBreakRules\/>\n<w:DontGrowAutofit\/>\n<w:SplitPgBreakAndParaMark\/>\n<w:DontVertAlignCellWithSp\/>\n<w:DontBreakConstrainedForcedTables\/>\n<w:DontVertAlignInTxbx\/>\n<w:Word11KerningPairs\/>\n<w:CachedColBalance\/>\n<\/w:Compatibility>\n<w:BrowserLevel>MicrosoftInternetExplorer4<\/w:BrowserLevel>\n<m:mathPr>\n<m:mathFont m:val=\"Cambria Math\"\/>\n<m:brkBin m:val=\"before\"\/>\n<m:brkBinSub m:val=\"&#45;-\"\/>\n<m:smallFrac m:val=\"off\"\/>\n<m:dispDef\/>\n<m:lMargin m:val=\"0\"\/>\n<m:rMargin m:val=\"0\"\/>\n<m:defJc m:val=\"centerGroup\"\/>\n<m:wrapIndent m:val=\"1440\"\/>\n<m:intLim m:val=\"subSup\"\/>\n<m:naryLim m:val=\"undOvr\"\/>\n<\/m:mathPr><\/w:WordDocument>\n<\/xml><![endif]--><\/p>\n<p style=\"font-size: 14.0pt; font-family: 'Arial Narrow','sans-serif';\"><!--[if gte mso 9]><xml>\n<w:LatentStyles DefLockedState=\"false\" DefUnhideWhenUsed=\"true\"\nDefSemiHidden=\"true\" DefQFormat=\"false\" DefPriority=\"99\"\nLatentStyleCount=\"267\">\n<w:LsdException Locked=\"false\" Priority=\"0\" SemiHidden=\"false\"\nUnhideWhenUsed=\"false\" QFormat=\"true\" Name=\"Normal\"\/>\n<w:LsdException Locked=\"false\" Priority=\"9\" SemiHidden=\"false\"\nUnhideWhenUsed=\"false\" QFormat=\"true\" Name=\"heading 1\"\/>\n<w:LsdException Locked=\"false\" Priority=\"9\" QFormat=\"true\" Name=\"heading 2\"\/>\n<w:LsdException Locked=\"false\" Priority=\"9\" QFormat=\"true\" Name=\"heading 3\"\/>\n<w:LsdException Locked=\"false\" Priority=\"9\" QFormat=\"true\" Name=\"heading 4\"\/>\n<w:LsdException Locked=\"false\" Priority=\"9\" QFormat=\"true\" Name=\"heading 5\"\/>\n<w:LsdException Locked=\"false\" Priority=\"9\" QFormat=\"true\" Name=\"heading 6\"\/>\n<w:LsdException Locked=\"false\" Priority=\"9\" QFormat=\"true\" Name=\"heading 7\"\/>\n<w:LsdException Locked=\"false\" Priority=\"9\" QFormat=\"true\" Name=\"heading 8\"\/>\n<w:LsdException Locked=\"false\" Priority=\"9\" QFormat=\"true\" Name=\"heading 9\"\/>\n<w:LsdException Locked=\"false\" Priority=\"39\" Name=\"toc 1\"\/>\n<w:LsdException Locked=\"false\" Priority=\"39\" Name=\"toc 2\"\/>\n<w:LsdException Locked=\"false\" Priority=\"39\" Name=\"toc 3\"\/>\n<w:LsdException Locked=\"false\" Priority=\"39\" Name=\"toc 4\"\/>\n<w:LsdException Locked=\"false\" Priority=\"39\" Name=\"toc 5\"\/>\n<w:LsdException Locked=\"false\" Priority=\"39\" Name=\"toc 6\"\/>\n<w:LsdException Locked=\"false\" Priority=\"39\" Name=\"toc 7\"\/>\n<w:LsdException Locked=\"false\" Priority=\"39\" Name=\"toc 8\"\/>\n<w:LsdException Locked=\"false\" Priority=\"39\" Name=\"toc 9\"\/>\n<w:LsdException Locked=\"false\" Priority=\"35\" QFormat=\"true\" Name=\"caption\"\/>\n<w:LsdException Locked=\"false\" Priority=\"10\" SemiHidden=\"false\"\nUnhideWhenUsed=\"false\" QFormat=\"true\" Name=\"Title\"\/>\n<w:LsdException Locked=\"false\" Priority=\"1\" Name=\"Default Paragraph Font\"\/>\n<w:LsdException Locked=\"false\" Priority=\"11\" SemiHidden=\"false\"\nUnhideWhenUsed=\"false\" QFormat=\"true\" Name=\"Subtitle\"\/>\n<w:LsdException Locked=\"false\" Priority=\"22\" SemiHidden=\"false\"\nUnhideWhenUsed=\"false\" QFormat=\"true\" Name=\"Strong\"\/>\n<w:LsdException Locked=\"false\" Priority=\"20\" SemiHidden=\"false\"\nUnhideWhenUsed=\"false\" QFormat=\"true\" Name=\"Emphasis\"\/>\n<w:LsdException Locked=\"false\" Priority=\"59\" SemiHidden=\"false\"\nUnhideWhenUsed=\"false\" Name=\"Table Grid\"\/>\n<w:LsdException Locked=\"false\" UnhideWhenUsed=\"false\" Name=\"Placeholder Text\"\/>\n<w:LsdException Locked=\"false\" Priority=\"1\" SemiHidden=\"false\"\nUnhideWhenUsed=\"false\" QFormat=\"true\" Name=\"No Spacing\"\/>\n<w:LsdException Locked=\"false\" Priority=\"60\" SemiHidden=\"false\"\nUnhideWhenUsed=\"false\" Name=\"Light Shading\"\/>\n<w:LsdException Locked=\"false\" Priority=\"61\" SemiHidden=\"false\"\nUnhideWhenUsed=\"false\" Name=\"Light List\"\/>\n<w:LsdException Locked=\"false\" Priority=\"62\" SemiHidden=\"false\"\nUnhideWhenUsed=\"false\" Name=\"Light Grid\"\/>\n<w:LsdException Locked=\"false\" Priority=\"63\" SemiHidden=\"false\"\nUnhideWhenUsed=\"false\" Name=\"Medium Shading 1\"\/>\n<w:LsdException Locked=\"false\" Priority=\"64\" SemiHidden=\"false\"\nUnhideWhenUsed=\"false\" Name=\"Medium Shading 2\"\/>\n<w:LsdException Locked=\"false\" Priority=\"65\" SemiHidden=\"false\"\nUnhideWhenUsed=\"false\" Name=\"Medium List 1\"\/>\n<w:LsdException Locked=\"false\" Priority=\"66\" SemiHidden=\"false\"\nUnhideWhenUsed=\"false\" Name=\"Medium List 2\"\/>\n<w:LsdException Locked=\"false\" Priority=\"67\" SemiHidden=\"false\"\nUnhideWhenUsed=\"false\" Name=\"Medium Grid 1\"\/>\n<w:LsdException Locked=\"false\" Priority=\"68\" SemiHidden=\"false\"\nUnhideWhenUsed=\"false\" Name=\"Medium Grid 2\"\/>\n<w:LsdException Locked=\"false\" Priority=\"69\" SemiHidden=\"false\"\nUnhideWhenUsed=\"false\" Name=\"Medium Grid 3\"\/>\n<w:LsdException Locked=\"false\" Priority=\"70\" SemiHidden=\"false\"\nUnhideWhenUsed=\"false\" Name=\"Dark List\"\/>\n<w:LsdException Locked=\"false\" Priority=\"71\" SemiHidden=\"false\"\nUnhideWhenUsed=\"false\" Name=\"Colorful Shading\"\/>\n<w:LsdException Locked=\"false\" Priority=\"72\" SemiHidden=\"false\"\nUnhideWhenUsed=\"false\" Name=\"Colorful List\"\/>\n<w:LsdException Locked=\"false\" Priority=\"73\" SemiHidden=\"false\"\nUnhideWhenUsed=\"false\" Name=\"Colorful Grid\"\/>\n<w:LsdException Locked=\"false\" Priority=\"60\" SemiHidden=\"false\"\nUnhideWhenUsed=\"false\" Name=\"Light Shading Accent 1\"\/>\n<w:LsdException Locked=\"false\" Priority=\"61\" SemiHidden=\"false\"\nUnhideWhenUsed=\"false\" Name=\"Light List Accent 1\"\/>\n<w:LsdException Locked=\"false\" Priority=\"62\" SemiHidden=\"false\"\nUnhideWhenUsed=\"false\" Name=\"Light Grid Accent 1\"\/>\n<w:LsdException Locked=\"false\" Priority=\"63\" SemiHidden=\"false\"\nUnhideWhenUsed=\"false\" Name=\"Medium Shading 1 Accent 1\"\/>\n<w:LsdException Locked=\"false\" Priority=\"64\" SemiHidden=\"false\"\nUnhideWhenUsed=\"false\" Name=\"Medium Shading 2 Accent 1\"\/>\n<w:LsdException Locked=\"false\" Priority=\"65\" SemiHidden=\"false\"\nUnhideWhenUsed=\"false\" Name=\"Medium List 1 Accent 1\"\/>\n<w:LsdException Locked=\"false\" UnhideWhenUsed=\"false\" Name=\"Revision\"\/>\n<w:LsdException Locked=\"false\" Priority=\"34\" SemiHidden=\"false\"\nUnhideWhenUsed=\"false\" QFormat=\"true\" Name=\"List Paragraph\"\/>\n<w:LsdException Locked=\"false\" Priority=\"29\" SemiHidden=\"false\"\nUnhideWhenUsed=\"false\" QFormat=\"true\" Name=\"Quote\"\/>\n<w:LsdException Locked=\"false\" Priority=\"30\" SemiHidden=\"false\"\nUnhideWhenUsed=\"false\" QFormat=\"true\" Name=\"Intense Quote\"\/>\n<w:LsdException Locked=\"false\" Priority=\"66\" SemiHidden=\"false\"\nUnhideWhenUsed=\"false\" Name=\"Medium List 2 Accent 1\"\/>\n<w:LsdException Locked=\"false\" Priority=\"67\" SemiHidden=\"false\"\nUnhideWhenUsed=\"false\" Name=\"Medium Grid 1 Accent 1\"\/>\n<w:LsdException Locked=\"false\" Priority=\"68\" SemiHidden=\"false\"\nUnhideWhenUsed=\"false\" Name=\"Medium Grid 2 Accent 1\"\/>\n<w:LsdException Locked=\"false\" Priority=\"69\" SemiHidden=\"false\"\nUnhideWhenUsed=\"false\" Name=\"Medium Grid 3 Accent 1\"\/>\n<w:LsdException Locked=\"false\" Priority=\"70\" SemiHidden=\"false\"\nUnhideWhenUsed=\"false\" Name=\"Dark List Accent 1\"\/>\n<w:LsdException Locked=\"false\" Priority=\"71\" SemiHidden=\"false\"\nUnhideWhenUsed=\"false\" Name=\"Colorful Shading Accent 1\"\/>\n<w:LsdException Locked=\"false\" Priority=\"72\" SemiHidden=\"false\"\nUnhideWhenUsed=\"false\" Name=\"Colorful List Accent 1\"\/>\n<w:LsdException Locked=\"false\" Priority=\"73\" SemiHidden=\"false\"\nUnhideWhenUsed=\"false\" Name=\"Colorful Grid Accent 1\"\/>\n<w:LsdException Locked=\"false\" Priority=\"60\" SemiHidden=\"false\"\nUnhideWhenUsed=\"false\" Name=\"Light Shading Accent 2\"\/>\n<w:LsdException Locked=\"false\" Priority=\"61\" SemiHidden=\"false\"\nUnhideWhenUsed=\"false\" Name=\"Light List Accent 2\"\/>\n<w:LsdException Locked=\"false\" Priority=\"62\" SemiHidden=\"false\"\nUnhideWhenUsed=\"false\" Name=\"Light Grid Accent 2\"\/>\n<w:LsdException Locked=\"false\" Priority=\"63\" SemiHidden=\"false\"\nUnhideWhenUsed=\"false\" Name=\"Medium Shading 1 Accent 2\"\/>\n<w:LsdException Locked=\"false\" Priority=\"64\" SemiHidden=\"false\"\nUnhideWhenUsed=\"false\" Name=\"Medium Shading 2 Accent 2\"\/>\n<w:LsdException Locked=\"false\" Priority=\"65\" SemiHidden=\"false\"\nUnhideWhenUsed=\"false\" Name=\"Medium List 1 Accent 2\"\/>\n<w:LsdException Locked=\"false\" Priority=\"66\" SemiHidden=\"false\"\nUnhideWhenUsed=\"false\" Name=\"Medium List 2 Accent 2\"\/>\n<w:LsdException Locked=\"false\" Priority=\"67\" SemiHidden=\"false\"\nUnhideWhenUsed=\"false\" Name=\"Medium Grid 1 Accent 2\"\/>\n<w:LsdException Locked=\"false\" Priority=\"68\" SemiHidden=\"false\"\nUnhideWhenUsed=\"false\" Name=\"Medium Grid 2 Accent 2\"\/>\n<w:LsdException Locked=\"false\" Priority=\"69\" SemiHidden=\"false\"\nUnhideWhenUsed=\"false\" Name=\"Medium Grid 3 Accent 2\"\/>\n<w:LsdException Locked=\"false\" Priority=\"70\" SemiHidden=\"false\"\nUnhideWhenUsed=\"false\" Name=\"Dark List Accent 2\"\/>\n<w:LsdException Locked=\"false\" Priority=\"71\" SemiHidden=\"false\"\nUnhideWhenUsed=\"false\" Name=\"Colorful Shading Accent 2\"\/>\n<w:LsdException Locked=\"false\" Priority=\"72\" SemiHidden=\"false\"\nUnhideWhenUsed=\"false\" Name=\"Colorful List Accent 2\"\/>\n<w:LsdException Locked=\"false\" Priority=\"73\" SemiHidden=\"false\"\nUnhideWhenUsed=\"false\" Name=\"Colorful Grid Accent 2\"\/>\n<w:LsdException Locked=\"false\" Priority=\"60\" SemiHidden=\"false\"\nUnhideWhenUsed=\"false\" Name=\"Light Shading Accent 3\"\/>\n<w:LsdException Locked=\"false\" Priority=\"61\" SemiHidden=\"false\"\nUnhideWhenUsed=\"false\" Name=\"Light List Accent 3\"\/>\n<w:LsdException Locked=\"false\" Priority=\"62\" SemiHidden=\"false\"\nUnhideWhenUsed=\"false\" Name=\"Light Grid Accent 3\"\/>\n<w:LsdException Locked=\"false\" Priority=\"63\" SemiHidden=\"false\"\nUnhideWhenUsed=\"false\" Name=\"Medium Shading 1 Accent 3\"\/>\n<w:LsdException Locked=\"false\" Priority=\"64\" SemiHidden=\"false\"\nUnhideWhenUsed=\"false\" Name=\"Medium Shading 2 Accent 3\"\/>\n<w:LsdException Locked=\"false\" Priority=\"65\" SemiHidden=\"false\"\nUnhideWhenUsed=\"false\" Name=\"Medium List 1 Accent 3\"\/>\n<w:LsdException Locked=\"false\" Priority=\"66\" SemiHidden=\"false\"\nUnhideWhenUsed=\"false\" Name=\"Medium List 2 Accent 3\"\/>\n<w:LsdException Locked=\"false\" Priority=\"67\" SemiHidden=\"false\"\nUnhideWhenUsed=\"false\" Name=\"Medium Grid 1 Accent 3\"\/>\n<w:LsdException Locked=\"false\" Priority=\"68\" SemiHidden=\"false\"\nUnhideWhenUsed=\"false\" Name=\"Medium Grid 2 Accent 3\"\/>\n<w:LsdException Locked=\"false\" Priority=\"69\" SemiHidden=\"false\"\nUnhideWhenUsed=\"false\" Name=\"Medium Grid 3 Accent 3\"\/>\n<w:LsdException Locked=\"false\" Priority=\"70\" SemiHidden=\"false\"\nUnhideWhenUsed=\"false\" Name=\"Dark List Accent 3\"\/>\n<w:LsdException Locked=\"false\" Priority=\"71\" SemiHidden=\"false\"\nUnhideWhenUsed=\"false\" Name=\"Colorful Shading Accent 3\"\/>\n<w:LsdException Locked=\"false\" Priority=\"72\" SemiHidden=\"false\"\nUnhideWhenUsed=\"false\" Name=\"Colorful List Accent 3\"\/>\n<w:LsdException Locked=\"false\" Priority=\"73\" SemiHidden=\"false\"\nUnhideWhenUsed=\"false\" Name=\"Colorful Grid Accent 3\"\/>\n<w:LsdException Locked=\"false\" Priority=\"60\" SemiHidden=\"false\"\nUnhideWhenUsed=\"false\" Name=\"Light Shading Accent 4\"\/>\n<w:LsdException Locked=\"false\" Priority=\"61\" SemiHidden=\"false\"\nUnhideWhenUsed=\"false\" Name=\"Light List Accent 4\"\/>\n<w:LsdException Locked=\"false\" Priority=\"62\" SemiHidden=\"false\"\nUnhideWhenUsed=\"false\" Name=\"Light Grid Accent 4\"\/>\n<w:LsdException Locked=\"false\" Priority=\"63\" SemiHidden=\"false\"\nUnhideWhenUsed=\"false\" Name=\"Medium Shading 1 Accent 4\"\/>\n<w:LsdException Locked=\"false\" Priority=\"64\" SemiHidden=\"false\"\nUnhideWhenUsed=\"false\" Name=\"Medium Shading 2 Accent 4\"\/>\n<w:LsdException Locked=\"false\" Priority=\"65\" SemiHidden=\"false\"\nUnhideWhenUsed=\"false\" Name=\"Medium List 1 Accent 4\"\/>\n<w:LsdException Locked=\"false\" Priority=\"66\" SemiHidden=\"false\"\nUnhideWhenUsed=\"false\" Name=\"Medium List 2 Accent 4\"\/>\n<w:LsdException Locked=\"false\" Priority=\"67\" SemiHidden=\"false\"\nUnhideWhenUsed=\"false\" Name=\"Medium Grid 1 Accent 4\"\/>\n<w:LsdException Locked=\"false\" Priority=\"68\" SemiHidden=\"false\"\nUnhideWhenUsed=\"false\" Name=\"Medium Grid 2 Accent 4\"\/>\n<w:LsdException Locked=\"false\" Priority=\"69\" SemiHidden=\"false\"\nUnhideWhenUsed=\"false\" Name=\"Medium Grid 3 Accent 4\"\/>\n<w:LsdException Locked=\"false\" Priority=\"70\" SemiHidden=\"false\"\nUnhideWhenUsed=\"false\" Name=\"Dark List Accent 4\"\/>\n<w:LsdException Locked=\"false\" Priority=\"71\" SemiHidden=\"false\"\nUnhideWhenUsed=\"false\" Name=\"Colorful Shading Accent 4\"\/>\n<w:LsdException Locked=\"false\" Priority=\"72\" SemiHidden=\"false\"\nUnhideWhenUsed=\"false\" Name=\"Colorful List Accent 4\"\/>\n<w:LsdException Locked=\"false\" Priority=\"73\" SemiHidden=\"false\"\nUnhideWhenUsed=\"false\" Name=\"Colorful Grid Accent 4\"\/>\n<w:LsdException Locked=\"false\" Priority=\"60\" SemiHidden=\"false\"\nUnhideWhenUsed=\"false\" Name=\"Light Shading Accent 5\"\/>\n<w:LsdException Locked=\"false\" Priority=\"61\" SemiHidden=\"false\"\nUnhideWhenUsed=\"false\" Name=\"Light List Accent 5\"\/>\n<w:LsdException Locked=\"false\" Priority=\"62\" SemiHidden=\"false\"\nUnhideWhenUsed=\"false\" Name=\"Light Grid Accent 5\"\/>\n<w:LsdException Locked=\"false\" Priority=\"63\" SemiHidden=\"false\"\nUnhideWhenUsed=\"false\" Name=\"Medium Shading 1 Accent 5\"\/>\n<w:LsdException Locked=\"false\" Priority=\"64\" SemiHidden=\"false\"\nUnhideWhenUsed=\"false\" Name=\"Medium Shading 2 Accent 5\"\/>\n<w:LsdException Locked=\"false\" Priority=\"65\" SemiHidden=\"false\"\nUnhideWhenUsed=\"false\" Name=\"Medium List 1 Accent 5\"\/>\n<w:LsdException Locked=\"false\" Priority=\"66\" SemiHidden=\"false\"\nUnhideWhenUsed=\"false\" Name=\"Medium List 2 Accent 5\"\/>\n<w:LsdException Locked=\"false\" Priority=\"67\" SemiHidden=\"false\"\nUnhideWhenUsed=\"false\" Name=\"Medium Grid 1 Accent 5\"\/>\n<w:LsdException Locked=\"false\" Priority=\"68\" SemiHidden=\"false\"\nUnhideWhenUsed=\"false\" Name=\"Medium Grid 2 Accent 5\"\/>\n<w:LsdException Locked=\"false\" Priority=\"69\" SemiHidden=\"false\"\nUnhideWhenUsed=\"false\" Name=\"Medium Grid 3 Accent 5\"\/>\n<w:LsdException Locked=\"false\" Priority=\"70\" SemiHidden=\"false\"\nUnhideWhenUsed=\"false\" Name=\"Dark List Accent 5\"\/>\n<w:LsdException Locked=\"false\" Priority=\"71\" SemiHidden=\"false\"\nUnhideWhenUsed=\"false\" Name=\"Colorful Shading Accent 5\"\/>\n<w:LsdException Locked=\"false\" Priority=\"72\" SemiHidden=\"false\"\nUnhideWhenUsed=\"false\" Name=\"Colorful List Accent 5\"\/>\n<w:LsdException Locked=\"false\" Priority=\"73\" SemiHidden=\"false\"\nUnhideWhenUsed=\"false\" Name=\"Colorful Grid Accent 5\"\/>\n<w:LsdException Locked=\"false\" Priority=\"60\" SemiHidden=\"false\"\nUnhideWhenUsed=\"false\" Name=\"Light Shading Accent 6\"\/>\n<w:LsdException Locked=\"false\" Priority=\"61\" SemiHidden=\"false\"\nUnhideWhenUsed=\"false\" Name=\"Light List Accent 6\"\/>\n<w:LsdException Locked=\"false\" Priority=\"62\" SemiHidden=\"false\"\nUnhideWhenUsed=\"false\" Name=\"Light Grid Accent 6\"\/>\n<w:LsdException Locked=\"false\" Priority=\"63\" SemiHidden=\"false\"\nUnhideWhenUsed=\"false\" Name=\"Medium Shading 1 Accent 6\"\/>\n<w:LsdException Locked=\"false\" Priority=\"64\" SemiHidden=\"false\"\nUnhideWhenUsed=\"false\" Name=\"Medium Shading 2 Accent 6\"\/>\n<w:LsdException Locked=\"false\" Priority=\"65\" SemiHidden=\"false\"\nUnhideWhenUsed=\"false\" Name=\"Medium List 1 Accent 6\"\/>\n<w:LsdException Locked=\"false\" Priority=\"66\" SemiHidden=\"false\"\nUnhideWhenUsed=\"false\" Name=\"Medium List 2 Accent 6\"\/>\n<w:LsdException Locked=\"false\" Priority=\"67\" SemiHidden=\"false\"\nUnhideWhenUsed=\"false\" Name=\"Medium Grid 1 Accent 6\"\/>\n<w:LsdException Locked=\"false\" Priority=\"68\" SemiHidden=\"false\"\nUnhideWhenUsed=\"false\" Name=\"Medium Grid 2 Accent 6\"\/>\n<w:LsdException Locked=\"false\" Priority=\"69\" SemiHidden=\"false\"\nUnhideWhenUsed=\"false\" Name=\"Medium Grid 3 Accent 6\"\/>\n<w:LsdException Locked=\"false\" Priority=\"70\" SemiHidden=\"false\"\nUnhideWhenUsed=\"false\" Name=\"Dark List Accent 6\"\/>\n<w:LsdException Locked=\"false\" Priority=\"71\" SemiHidden=\"false\"\nUnhideWhenUsed=\"false\" Name=\"Colorful Shading Accent 6\"\/>\n<w:LsdException Locked=\"false\" Priority=\"72\" SemiHidden=\"false\"\nUnhideWhenUsed=\"false\" Name=\"Colorful List Accent 6\"\/>\n<w:LsdException Locked=\"false\" Priority=\"73\" SemiHidden=\"false\"\nUnhideWhenUsed=\"false\" Name=\"Colorful Grid Accent 6\"\/>\n<w:LsdException Locked=\"false\" Priority=\"19\" SemiHidden=\"false\"\nUnhideWhenUsed=\"false\" QFormat=\"true\" Name=\"Subtle Emphasis\"\/>\n<w:LsdException Locked=\"false\" Priority=\"21\" SemiHidden=\"false\"\nUnhideWhenUsed=\"false\" QFormat=\"true\" Name=\"Intense Emphasis\"\/>\n<w:LsdException Locked=\"false\" Priority=\"31\" SemiHidden=\"false\"\nUnhideWhenUsed=\"false\" QFormat=\"true\" Name=\"Subtle Reference\"\/>\n<w:LsdException Locked=\"false\" Priority=\"32\" SemiHidden=\"false\"\nUnhideWhenUsed=\"false\" QFormat=\"true\" Name=\"Intense Reference\"\/>\n<w:LsdException Locked=\"false\" Priority=\"33\" SemiHidden=\"false\"\nUnhideWhenUsed=\"false\" QFormat=\"true\" Name=\"Book Title\"\/>\n<w:LsdException Locked=\"false\" Priority=\"37\" Name=\"Bibliography\"\/>\n<w:LsdException Locked=\"false\" Priority=\"39\" QFormat=\"true\" Name=\"TOC Heading\"\/>\n<\/w:LatentStyles>\n<\/xml><![endif]--><!--[if gte mso 10]>\n\n\n\n<style>\n \/* Style Definitions *\/\n table.MsoNormalTable\n\t{mso-style-name:\"Tableau Normal\";\n\tmso-tstyle-rowband-size:0;\n\tmso-tstyle-colband-size:0;\n\tmso-style-noshow:yes;\n\tmso-style-priority:99;\n\tmso-style-qformat:yes;\n\tmso-style-parent:\"\";\n\tmso-padding-alt:0cm 5.4pt 0cm 5.4pt;\n\tmso-para-margin:0cm;\n\tmso-para-margin-bottom:.0001pt;\n\tmso-pagination:widow-orphan;\n\tfont-size:10.0pt;\n\tfont-family:\"Times New Roman\",\"serif\";}\n<\/style>\n\n<![endif]--><!--[if gte mso 9]><xml>\n<o:shapedefaults v:ext=\"edit\" spidmax=\"1026\"\/>\n<\/xml><![endif]--><!--[if gte mso 9]><xml>\n<o:shapelayout v:ext=\"edit\">\n<o:idmap v:ext=\"edit\" data=\"1\"\/>\n<\/o:shapelayout><\/xml><![endif]--><\/p>\n<h2 class=\"MsoNormal\" style=\"margin-left: -.75pt;\"><span style=\"text-decoration: underline; color: #808000;\"><span style=\"font-size: 14pt; font-family: 'Arial Narrow','sans-serif';\">\u00a0<img loading=\"lazy\" decoding=\"async\" class=\"alignleft size-full wp-image-7300\" style=\"margin: 12px; border: 8px solid black;\" alt=\"144-4455_IMG-222x300\" src=\"http:\/\/alternatifs81.fr\/wp-content\/uploads\/144-4455_IMG-222x3001.jpg\" width=\"320\" height=\"248\" srcset=\"https:\/\/alternatifs81.fr\/wp-content\/uploads\/144-4455_IMG-222x3001.jpg 320w, https:\/\/alternatifs81.fr\/wp-content\/uploads\/144-4455_IMG-222x3001-300x232.jpg 300w\" sizes=\"auto, (max-width: 320px) 100vw, 320px\" \/>\u00a0 <\/span><b><span style=\"font-size: 14pt; font-family: 'Arial Narrow','sans-serif';\">1. Enjeux et caract\u00e9ristiques de l&rsquo;autogestion :<\/span><\/b><\/span><\/h2>\n<h3 class=\"MsoNormal\" style=\"text-align: justify; text-indent: -221.25pt;\"><span style=\"font-size: 14.0pt; font-family: 'Arial Narrow','sans-serif';\"><span style=\"mso-tab-count: 2;\">\u00a0\u00a0\u00a0\u00a0\u00a0\u00a0\u00a0\u00a0\u00a0\u00a0\u00a0\u00a0\u00a0\u00a0\u00a0\u00a0\u00a0\u00a0\u00a0\u00a0\u00a0\u00a0\u00a0\u00a0\u00a0\u00a0\u00a0\u00a0\u00a0\u00a0\u00a0\u00a0\u00a0\u00a0\u00a0\u00a0\u00a0\u00a0\u00a0\u00a0\u00a0\u00a0\u00a0\u00a0\u00a0\u00a0\u00a0\u00a0\u00a0\u00a0\u00a0\u00a0\u00a0\u00a0\u00a0\u00a0\u00a0\u00a0\u00a0\u00a0\u00a0\u00a0\u00a0\u00a0\u00a0\u00a0\u00a0\u00a0\u00a0\u00a0\u00a0\u00a0\u00a0\u00a0\u00a0\u00a0\u00a0\u00a0\u00a0\u00a0\u00a0\u00a0\u00a0\u00a0\u00a0 <\/span><span style=\"color: #008000;\">Premier point :<\/span> L&rsquo;autogestion n&rsquo;a jamais \u00e9t\u00e9 l&rsquo;application d&rsquo;un mod\u00e8le pr\u00e9con\u00e7u : elle a toujours \u00e9t\u00e9 le produit d&rsquo;une crise. Crise de l&rsquo;entreprise (Lip, Fralib et entreprises autog\u00e9r\u00e9es en Argentine) ; mais aussi crise de l&rsquo;Etat (crise de l&rsquo;\u00e9conomie \u00e9tatis\u00e9e en Yougoslavie titiste, solution urgente au probl\u00e8me des biens vacants apr\u00e8s le d\u00e9part des gros proprit\u00e9taires terriens pieds noirs d&rsquo;Alg\u00e9rie). <b>On ne parlera donc pas de mod\u00e8le cl\u00e9s-en-mains. L&rsquo;autogestion s&rsquo;invente et se d\u00e9finit en marchant. En situation de crise.<\/b><\/span><\/h3>\n<h3 class=\"MsoNormal\" style=\"margin-left: 1.5pt; text-align: justify; text-indent: -221.25pt;\"><span style=\"font-size: 14.0pt; font-family: 'Arial Narrow','sans-serif';\"><span style=\"mso-tab-count: 2;\">\u00a0\u00a0\u00a0\u00a0\u00a0\u00a0\u00a0\u00a0\u00a0\u00a0\u00a0\u00a0\u00a0\u00a0\u00a0\u00a0\u00a0\u00a0\u00a0\u00a0\u00a0\u00a0\u00a0\u00a0\u00a0\u00a0\u00a0\u00a0\u00a0\u00a0\u00a0\u00a0\u00a0\u00a0\u00a0\u00a0\u00a0\u00a0\u00a0\u00a0\u00a0\u00a0\u00a0\u00a0\u00a0\u00a0\u00a0\u00a0\u00a0\u00a0\u00a0\u00a0\u00a0\u00a0\u00a0\u00a0\u00a0\u00a0\u00a0\u00a0\u00a0\u00a0\u00a0\u00a0\u00a0\u00a0\u00a0\u00a0\u00a0\u00a0\u00a0\u00a0\u00a0\u00a0\u00a0\u00a0\u00a0\u00a0\u00a0\u00a0\u00a0\u00a0\u00a0\u00a0 <\/span><span style=\"color: #008000;\">Deuxi\u00e8me point :<\/span> l&rsquo;autogestion d&rsquo;une entreprise ou d&rsquo;un service exige un environnement \u00e9conomique et politique favorable ; quand elle reste isol\u00e9e \u00e0 un<!--more--> seul secteur, elle meurt ou elle d\u00e9p\u00e9rit (Lip, Yougoslavie, Alg\u00e9rie). L&rsquo;autogestion n&rsquo;est donc pas qu&rsquo;une structure \u00e9conomique, <b>elle est d&rsquo;abord une conception politique : on ne peut parler que d&rsquo;une Autogestion g\u00e9n\u00e9ralis\u00e9e, <\/b>englobant \u00e9galement les institutions politiques.<\/span><\/h3>\n<h3 class=\"MsoNormal\" style=\"margin-left: .75pt; text-align: justify; text-indent: -221.25pt;\"><span style=\"font-size: 14.0pt; font-family: 'Arial Narrow','sans-serif';\"><span style=\"mso-tab-count: 2;\">\u00a0\u00a0\u00a0\u00a0\u00a0\u00a0\u00a0\u00a0\u00a0\u00a0\u00a0\u00a0\u00a0\u00a0\u00a0\u00a0\u00a0\u00a0\u00a0\u00a0\u00a0\u00a0\u00a0\u00a0\u00a0\u00a0\u00a0\u00a0\u00a0\u00a0\u00a0\u00a0\u00a0\u00a0\u00a0\u00a0\u00a0\u00a0\u00a0\u00a0\u00a0\u00a0\u00a0\u00a0\u00a0\u00a0\u00a0\u00a0\u00a0\u00a0\u00a0\u00a0\u00a0\u00a0\u00a0\u00a0\u00a0\u00a0\u00a0\u00a0\u00a0\u00a0\u00a0\u00a0\u00a0\u00a0\u00a0\u00a0\u00a0\u00a0\u00a0\u00a0\u00a0\u00a0\u00a0\u00a0\u00a0\u00a0\u00a0\u00a0\u00a0\u00a0\u00a0\u00a0 <\/span><span style=\"color: #008000;\">Troisi\u00e8me point :<\/span> si l&rsquo;autogestion ne peut na\u00eetre que des crises, il importe d&rsquo;identifier aussi les facteurs n\u00e9gatifs qui paralysent les forces anticapitalistes radicales face aux multiples crises actuelles ; de ce c\u00f4t\u00e9 deux impasses majeures sont \u00e0 souligner :<\/span><\/h3>\n<h3 class=\"MsoNormal\" style=\"margin-left: .75pt; text-align: justify; text-indent: -221.25pt; mso-list: l1 level3 lfo2; tab-stops: list 72.0pt;\"><span style=\"font-size: 14.0pt; font-family: Wingdings; mso-fareast-font-family: Wingdings; mso-bidi-font-family: Wingdings;\"><span style=\"mso-list: Ignore;\">\u00d8<span style=\"font: 7.0pt 'Times New Roman';\">\u00a0\u00a0\u00a0\u00a0\u00a0\u00a0\u00a0\u00a0\u00a0\u00a0\u00a0\u00a0\u00a0\u00a0\u00a0\u00a0\u00a0\u00a0\u00a0\u00a0\u00a0\u00a0\u00a0\u00a0\u00a0\u00a0\u00a0\u00a0\u00a0\u00a0\u00a0 <\/span><\/span><\/span><span style=\"font-size: 14.0pt; font-family: 'Arial Narrow','sans-serif';\">a) L&rsquo;horizon des partis sociaux-d\u00e9mocrates et sociolib\u00e9raux ne va pas au-del\u00e0 du capitalisme et <b>ne peut pas r\u00e9pondre aux urgences<\/b> (\u00e9conomiques, \u00e9cologiques, sociales, \u00e9nerg\u00e9tiques, sanitaires et alimentaires) d&rsquo;un 20e si\u00e8cle qui commence tr\u00e8s mal ; sur toutes les questions les sociaux-d\u00e9mocrates se d\u00e9terminent par rapport aux seules critiques venant de la droite, jamais en vue d&rsquo;un mod\u00e8le de soci\u00e9t\u00e9 alternatif ;<\/span><\/h3>\n<p class=\"MsoNormal\" style=\"margin-left: 0cm; text-align: justify; text-indent: -221.25pt; mso-list: l1 level3 lfo2; tab-stops: list 72.0pt;\"><span style=\"font-size: 14.0pt; font-family: Wingdings; mso-fareast-font-family: Wingdings; mso-bidi-font-family: Wingdings;\"><span style=\"mso-list: Ignore;\">\u00d8<span style=\"font: 7.0pt 'Times New Roman';\">\u00a0\u00a0\u00a0\u00a0\u00a0\u00a0\u00a0\u00a0\u00a0\u00a0\u00a0\u00a0\u00a0\u00a0\u00a0\u00a0\u00a0\u00a0\u00a0\u00a0\u00a0\u00a0\u00a0\u00a0\u00a0\u00a0\u00a0\u00a0\u00a0\u00a0\u00a0 <\/span><\/span><\/span><span style=\"font-size: 14.0pt; font-family: 'Arial Narrow','sans-serif';\">b) A quoi s&rsquo;est ajout\u00e9e<strong> pendant de longues ann\u00e9es l&rsquo;incapacit\u00e9 des gauches antilib\u00e9rales-anticapitalistes \u00e0 d\u00e9velopper une strat\u00e9gie unitaire (le Front de Gauche sera-t-il le creuset de l&rsquo;indispensable rassemblement unitaire anticapitaliste-\u00e9cologiste ?). Que ce soit les \u00ab\u00a0125 propositions\u00a0\u00bb des Collectifs unitaires antilib\u00e9raux en 2006 ou le programme \u00ab\u00a0L&rsquo;humain d&rsquo;abord\u00a0\u00bb du FdG en 2012, ces programmes n&rsquo;\u00e9taient\/ne sont que des compromis \u00e9lectoraux, pas encore des perspectives globales, susceptibles d&rsquo;enthousiasmer et d&rsquo;armer les foules populaires sur le long terme.<\/strong><\/span><\/p>\n<p class=\"MsoNormal\" style=\"margin-left: 0cm; text-align: justify; text-indent: -221.25pt; mso-list: l1 level3 lfo2; tab-stops: list 72.0pt;\"><span style=\"font-size: 14.0pt; font-family: Wingdings; mso-fareast-font-family: Wingdings; mso-bidi-font-family: Wingdings;\"><span style=\"mso-list: Ignore;\">\u00d8<span style=\"font: 7.0pt 'Times New Roman';\">\u00a0\u00a0\u00a0\u00a0\u00a0\u00a0\u00a0\u00a0\u00a0\u00a0\u00a0\u00a0\u00a0\u00a0\u00a0\u00a0\u00a0\u00a0\u00a0\u00a0\u00a0\u00a0\u00a0\u00a0\u00a0\u00a0\u00a0\u00a0\u00a0\u00a0\u00a0 <\/span><\/span><\/span><span style=\"font-size: 14.0pt; font-family: 'Arial Narrow','sans-serif';\">\u00a0<\/span><\/p>\n<h3 class=\"MsoNormal\" style=\"text-align: justify; text-indent: -221.25pt;\"><span style=\"font-size: 14.0pt; font-family: 'Arial Narrow','sans-serif';\"><span style=\"mso-tab-count: 1;\">\u00a0\u00a0\u00a0\u00a0\u00a0\u00a0\u00a0\u00a0\u00a0\u00a0\u00a0\u00a0\u00a0\u00a0\u00a0\u00a0\u00a0\u00a0\u00a0\u00a0\u00a0\u00a0\u00a0\u00a0\u00a0\u00a0\u00a0\u00a0\u00a0\u00a0\u00a0\u00a0\u00a0\u00a0\u00a0\u00a0\u00a0\u00a0\u00a0\u00a0\u00a0\u00a0\u00a0\u00a0\u00a0\u00a0\u00a0\u00a0\u00a0\u00a0\u00a0\u00a0\u00a0\u00a0\u00a0\u00a0\u00a0\u00a0\u00a0\u00a0\u00a0\u00a0\u00a0\u00a0\u00a0\u00a0\u00a0\u00a0\u00a0\u00a0\u00a0\u00a0\u00a0 <\/span><span style=\"mso-spacerun: yes;\">\u00a0\u00a0\u00a0\u00a0\u00a0\u00a0\u00a0\u00a0 <\/span>Cette absence d&rsquo;horizon s&rsquo;explique par un ensemble de facteurs qui font syst\u00e8me :<\/span><\/h3>\n<h3 class=\"MsoNormal\" style=\"margin-left: 36.75pt; text-align: justify; text-indent: -221.25pt; mso-list: l2 level1 lfo3; tab-stops: list 36.0pt;\"><span style=\"font-size: 14.0pt; font-family: Wingdings; mso-fareast-font-family: Wingdings; mso-bidi-font-family: Wingdings;\"><span style=\"mso-list: Ignore;\">\u00d8<span style=\"font: 7.0pt 'Times New Roman';\">\u00a0\u00a0\u00a0\u00a0\u00a0\u00a0\u00a0\u00a0\u00a0\u00a0\u00a0\u00a0\u00a0\u00a0\u00a0\u00a0\u00a0\u00a0\u00a0\u00a0\u00a0\u00a0\u00a0\u00a0\u00a0\u00a0\u00a0\u00a0\u00a0\u00a0 <\/span><\/span><\/span><span style=\"font-size: 14.0pt; font-family: 'Arial Narrow','sans-serif';\"><span style=\"mso-tab-count: 2;\">\u00a0\u00a0\u00a0\u00a0\u00a0\u00a0\u00a0\u00a0\u00a0\u00a0\u00a0\u00a0\u00a0\u00a0\u00a0\u00a0\u00a0\u00a0\u00a0\u00a0\u00a0\u00a0 <\/span>* L&rsquo;\u00e9conomie, les secteurs capitalistes mondialis\u00e9s d\u00e9cident de ce qui est permis aux politiques ; la politique est soumise \u00e0 la finance comme jamais dans le pass\u00e9 ;<\/span><\/h3>\n<h3 class=\"MsoNormal\" style=\"margin-left: 36.75pt; text-align: justify; text-indent: -221.25pt; mso-list: l2 level3 lfo3; tab-stops: list 72.0pt;\"><span style=\"font-size: 14.0pt; font-family: 'Arial Narrow','sans-serif'; mso-fareast-font-family: 'Arial Narrow'; mso-bidi-font-family: 'Arial Narrow';\"><span style=\"mso-list: Ignore;\">1.<span style=\"font: 7.0pt 'Times New Roman';\">\u00a0\u00a0\u00a0\u00a0\u00a0\u00a0\u00a0\u00a0\u00a0\u00a0\u00a0\u00a0\u00a0\u00a0\u00a0\u00a0\u00a0\u00a0\u00a0\u00a0\u00a0\u00a0\u00a0\u00a0\u00a0\u00a0\u00a0\u00a0\u00a0\u00a0\u00a0\u00a0\u00a0\u00a0\u00a0\u00a0\u00a0\u00a0\u00a0\u00a0\u00a0\u00a0\u00a0\u00a0\u00a0\u00a0\u00a0\u00a0\u00a0\u00a0\u00a0\u00a0\u00a0\u00a0\u00a0\u00a0\u00a0\u00a0\u00a0\u00a0\u00a0\u00a0\u00a0\u00a0\u00a0\u00a0\u00a0\u00a0\u00a0\u00a0\u00a0\u00a0\u00a0\u00a0\u00a0\u00a0\u00a0\u00a0\u00a0\u00a0\u00a0\u00a0\u00a0\u00a0\u00a0\u00a0\u00a0\u00a0\u00a0\u00a0\u00a0\u00a0\u00a0\u00a0\u00a0\u00a0\u00a0\u00a0\u00a0\u00a0\u00a0\u00a0\u00a0\u00a0\u00a0\u00a0\u00a0\u00a0\u00a0\u00a0\u00a0\u00a0\u00a0\u00a0\u00a0\u00a0\u00a0\u00a0\u00a0\u00a0\u00a0\u00a0\u00a0\u00a0\u00a0\u00a0\u00a0\u00a0\u00a0\u00a0\u00a0\u00a0\u00a0\u00a0\u00a0\u00a0\u00a0\u00a0\u00a0\u00a0 <\/span><\/span><\/span><span style=\"font-size: 14.0pt; font-family: 'Arial Narrow','sans-serif';\">* <b>La d\u00e9mocratie repr\u00e9sentative est ainsi vid\u00e9e de son contenu<\/b> ; m\u00eame la d\u00e9centralisation n&rsquo;est qu&rsquo;une d\u00e9localisation de l&rsquo;Etat central, lui-m\u00eame aux ordres des secteurs financiers dominants ;<\/span><\/h3>\n<h3 class=\"MsoNormal\" style=\"margin-left: 36.75pt; text-align: justify; text-indent: -221.25pt; mso-list: l2 level3 lfo3; tab-stops: list 72.0pt;\"><b><span style=\"font-size: 14.0pt; font-family: 'Arial Narrow','sans-serif'; mso-fareast-font-family: 'Arial Narrow'; mso-bidi-font-family: 'Arial Narrow';\"><span style=\"mso-list: Ignore;\">2.<span style=\"font: 7.0pt 'Times New Roman';\">\u00a0\u00a0\u00a0\u00a0\u00a0\u00a0\u00a0\u00a0\u00a0\u00a0\u00a0\u00a0\u00a0\u00a0\u00a0\u00a0\u00a0\u00a0\u00a0\u00a0\u00a0\u00a0\u00a0\u00a0\u00a0\u00a0\u00a0\u00a0\u00a0\u00a0\u00a0\u00a0\u00a0\u00a0\u00a0\u00a0\u00a0\u00a0\u00a0\u00a0\u00a0\u00a0\u00a0\u00a0\u00a0\u00a0\u00a0\u00a0\u00a0\u00a0\u00a0\u00a0\u00a0\u00a0\u00a0\u00a0\u00a0\u00a0\u00a0\u00a0\u00a0\u00a0\u00a0\u00a0\u00a0\u00a0\u00a0\u00a0\u00a0\u00a0\u00a0\u00a0\u00a0\u00a0\u00a0\u00a0\u00a0\u00a0\u00a0\u00a0\u00a0\u00a0\u00a0\u00a0\u00a0\u00a0\u00a0\u00a0\u00a0\u00a0\u00a0\u00a0\u00a0\u00a0\u00a0\u00a0\u00a0\u00a0\u00a0\u00a0\u00a0\u00a0\u00a0\u00a0\u00a0\u00a0\u00a0\u00a0\u00a0\u00a0\u00a0\u00a0\u00a0\u00a0\u00a0\u00a0\u00a0\u00a0\u00a0\u00a0\u00a0\u00a0\u00a0\u00a0\u00a0\u00a0\u00a0\u00a0\u00a0\u00a0\u00a0\u00a0\u00a0\u00a0\u00a0\u00a0\u00a0\u00a0\u00a0\u00a0 <\/span><\/span><\/span><\/b><span style=\"font-size: 14.0pt; font-family: 'Arial Narrow','sans-serif';\">* L&rsquo;industrie et les services sont g\u00e9r\u00e9s ou d\u00e9mantel\u00e9s <b>en fonction d&rsquo;objectifs financiers ;<\/b><\/span><\/h3>\n<h3 class=\"MsoNormal\" style=\"margin-left: 36.75pt; text-align: justify; text-indent: -221.25pt; mso-list: l2 level3 lfo3; tab-stops: list 72.0pt;\"><span style=\"font-size: 14.0pt; font-family: 'Arial Narrow','sans-serif'; mso-fareast-font-family: 'Arial Narrow'; mso-bidi-font-family: 'Arial Narrow';\"><span style=\"mso-list: Ignore;\">3.<span style=\"font: 7.0pt 'Times New Roman';\">\u00a0\u00a0\u00a0\u00a0\u00a0\u00a0\u00a0\u00a0\u00a0\u00a0\u00a0\u00a0\u00a0\u00a0\u00a0\u00a0\u00a0\u00a0\u00a0\u00a0\u00a0\u00a0\u00a0\u00a0\u00a0\u00a0\u00a0\u00a0\u00a0\u00a0\u00a0\u00a0\u00a0\u00a0\u00a0\u00a0\u00a0\u00a0\u00a0\u00a0\u00a0\u00a0\u00a0\u00a0\u00a0\u00a0\u00a0\u00a0\u00a0\u00a0\u00a0\u00a0\u00a0\u00a0\u00a0\u00a0\u00a0\u00a0\u00a0\u00a0\u00a0\u00a0\u00a0\u00a0\u00a0\u00a0\u00a0\u00a0\u00a0\u00a0\u00a0\u00a0\u00a0\u00a0\u00a0\u00a0\u00a0\u00a0\u00a0\u00a0\u00a0\u00a0\u00a0\u00a0\u00a0\u00a0\u00a0\u00a0\u00a0\u00a0\u00a0\u00a0\u00a0\u00a0\u00a0\u00a0\u00a0\u00a0\u00a0\u00a0\u00a0\u00a0\u00a0\u00a0\u00a0\u00a0\u00a0\u00a0\u00a0\u00a0\u00a0\u00a0\u00a0\u00a0\u00a0\u00a0\u00a0\u00a0\u00a0\u00a0\u00a0\u00a0\u00a0\u00a0\u00a0\u00a0\u00a0\u00a0\u00a0\u00a0\u00a0\u00a0\u00a0\u00a0\u00a0\u00a0\u00a0\u00a0\u00a0\u00a0 <\/span><\/span><\/span><span style=\"font-size: 14.0pt; font-family: 'Arial Narrow','sans-serif';\">* Cet ensemble est consolid\u00e9 par une triple <b>manipulation id\u00e9ologique <\/b>: mainmise du capital sur les m\u00e9dias, l&rsquo;\u00e9dition et les courants culturels dominants ; et auto-ali\u00e9nation notamment de l&rsquo;intelligentsia qui a majoritairement renonc\u00e9 \u00e0 penser les urgences et les enjeux d&rsquo;aujourd&rsquo;hui ; l&rsquo;\u00e9norme mystification autour de la dette ; d&rsquo;o\u00f9 enfin la d\u00e9mission des citoyens qui se traduit par des abtentions massives aux \u00e9ch\u00e9ances \u00e9lectorales.<\/span><\/h3>\n<h3 class=\"MsoNormal\" style=\"margin-left: 36.75pt; text-align: justify; text-indent: -221.25pt;\"><span style=\"mso-tab-count: 1;\"><br \/>\n<\/span><\/h3>\n<h3 class=\"MsoNormal\" style=\"text-align: justify; text-indent: -221.25pt;\"><span style=\"font-size: 14.0pt; font-family: 'Arial Narrow','sans-serif';\"><span style=\"mso-tab-count: 2;\">\u00a0\u00a0\u00a0\u00a0\u00a0\u00a0\u00a0\u00a0\u00a0\u00a0\u00a0\u00a0\u00a0\u00a0\u00a0\u00a0\u00a0\u00a0\u00a0\u00a0\u00a0\u00a0\u00a0\u00a0\u00a0\u00a0\u00a0\u00a0\u00a0\u00a0\u00a0\u00a0\u00a0\u00a0\u00a0\u00a0\u00a0\u00a0\u00a0\u00a0\u00a0\u00a0\u00a0\u00a0\u00a0\u00a0\u00a0\u00a0\u00a0\u00a0\u00a0\u00a0\u00a0\u00a0\u00a0\u00a0\u00a0\u00a0\u00a0\u00a0\u00a0\u00a0\u00a0\u00a0\u00a0\u00a0\u00a0\u00a0\u00a0\u00a0\u00a0\u00a0\u00a0\u00a0\u00a0\u00a0\u00a0\u00a0\u00a0\u00a0\u00a0\u00a0\u00a0\u00a0\u00a0 <\/span>Comment le projet autogestionaire peut-il \u00eatre <b>une r\u00e9ponse syst\u00e9mique \u00e0 la hauteur des<span style=\"mso-spacerun: yes;\">\u00a0 <\/span>d\u00e9fis et des ali\u00e9nations multiples ?<\/b><\/span><\/h3>\n<h3 class=\"MsoNormal\" style=\"text-align: justify;\"><span style=\"font-size: 14.0pt; font-family: 'Arial Narrow','sans-serif';\">1. Au plan sociologique, l&rsquo;\u00e9conomie dite \u00ab\u00a0cognitive\u00bb est en partie une r\u00e9alit\u00e9 qui aurait d\u00fb se traduire par un contr\u00f4le et une participation accrue des travailleurs \u00e0 la d\u00e9finition du travail, de ses conditions et de ses objectifs, \u00e0 un meilleur partage des responsabilit\u00e9s. En r\u00e9alit\u00e9, elle a presque partout conduit \u00e0 une<b> prol\u00e9tarisation g\u00e9n\u00e9ralis\u00e9e, y compris des couches interm\u00e9diaires <\/b>(ing\u00e9nieurs, techniciens, cadres, chercheurs et enseignants). L&rsquo;autogestion est une r\u00e9ponse au quotidien \u00e0 hauteur de ces d\u00e9rives dans les entreprises et les services. <span style=\"color: #808000;\">Tout ce qui accro\u00eet la part des responsabilit\u00e9s des salari\u00e9s dans le travail et la production contribue effectivement \u00e0 la d\u00e9sali\u00e9nation et <b>pr\u00e9pare une fin organis\u00e9e du salariat.<\/b><\/span><\/span><\/h3>\n<h3 class=\"MsoNormal\" style=\"text-align: justify; text-indent: -221.25pt;\"><span style=\"font-size: 14.0pt; font-family: 'Arial Narrow','sans-serif';\"><span style=\"mso-tab-count: 1;\">\u00a0\u00a0\u00a0\u00a0\u00a0\u00a0\u00a0\u00a0\u00a0\u00a0\u00a0\u00a0\u00a0\u00a0\u00a0\u00a0\u00a0\u00a0\u00a0\u00a0\u00a0\u00a0\u00a0\u00a0\u00a0\u00a0\u00a0\u00a0\u00a0\u00a0\u00a0\u00a0\u00a0\u00a0\u00a0\u00a0\u00a0\u00a0\u00a0\u00a0\u00a0\u00a0\u00a0\u00a0\u00a0\u00a0\u00a0\u00a0\u00a0\u00a0\u00a0\u00a0\u00a0\u00a0\u00a0\u00a0\u00a0\u00a0\u00a0\u00a0\u00a0\u00a0\u00a0\u00a0\u00a0\u00a0\u00a0\u00a0\u00a0\u00a0\u00a0\u00a0\u00a0 <\/span>2. Comme l&rsquo;autogestion n&rsquo;est pas une disposition \u00e9conomique au seul service des salari\u00e9s, elle seule r<span style=\"color: #808000;\"><b>emet l&rsquo;\u00e9conomie au service de la soci\u00e9t\u00e9<\/b><\/span>, de l&rsquo;int\u00e9r\u00eat g\u00e9n\u00e9ral : c&rsquo;est donc une politique globale : elle n&rsquo;est pas confin\u00e9e \u00e0 l&rsquo;entreprise et n&rsquo;est donc pas le contraire de la citoyennet\u00e9, mais au contraire <span style=\"color: #808000;\"><b>la condition m\u00eame de l&rsquo;exercice de la citoyennet\u00e9.<\/b><\/span><\/span><\/h3>\n<h3 class=\"MsoNormal\" style=\"text-align: justify; text-indent: -221.25pt;\"><span style=\"font-size: 14.0pt; font-family: 'Arial Narrow','sans-serif';\"><span style=\"mso-tab-count: 1;\">\u00a0\u00a0\u00a0\u00a0\u00a0\u00a0\u00a0\u00a0\u00a0\u00a0\u00a0\u00a0\u00a0\u00a0\u00a0\u00a0\u00a0\u00a0\u00a0\u00a0\u00a0\u00a0\u00a0\u00a0\u00a0\u00a0\u00a0\u00a0\u00a0\u00a0\u00a0\u00a0\u00a0\u00a0\u00a0\u00a0\u00a0\u00a0\u00a0\u00a0\u00a0\u00a0\u00a0\u00a0\u00a0\u00a0\u00a0\u00a0\u00a0\u00a0\u00a0\u00a0\u00a0\u00a0\u00a0\u00a0\u00a0\u00a0\u00a0\u00a0\u00a0\u00a0\u00a0\u00a0\u00a0\u00a0\u00a0\u00a0\u00a0\u00a0\u00a0\u00a0\u00a0 \u00a0 <\/span>3. L&rsquo;autogestion permet une expression plurielle et contradictoire d&rsquo;une large palette de forces productives et citoyennes ; la sortie du capitalisme ne peut pas \u00eatre vue comme la \u00ab\u00a0mission\u00a0\u00bb exclusive d&rsquo;une seule classe (comme ce fut le cas \u00e0 d&rsquo;autres \u00e9poques et dans un autre rapport des forces sociales avec le concept de &lsquo;dictature du prol\u00e9tariat&rsquo;), mais l<b>a r\u00e9sultante d&rsquo;un large consensus social populaire, d&rsquo;un bloc sociopolitique organis\u00e9 en r\u00e9seaux.<\/b><\/span><\/h3>\n<h3 class=\"MsoNormal\" style=\"text-align: justify; text-indent: -221.25pt;\"><span style=\"font-size: 14.0pt; font-family: 'Arial Narrow','sans-serif';\"><span style=\"mso-tab-count: 1;\">\u00a0\u00a0\u00a0\u00a0\u00a0\u00a0\u00a0\u00a0\u00a0\u00a0\u00a0\u00a0\u00a0\u00a0\u00a0\u00a0\u00a0\u00a0\u00a0\u00a0\u00a0\u00a0\u00a0\u00a0\u00a0\u00a0\u00a0\u00a0\u00a0\u00a0\u00a0\u00a0\u00a0\u00a0\u00a0\u00a0\u00a0\u00a0\u00a0\u00a0\u00a0\u00a0\u00a0\u00a0\u00a0\u00a0\u00a0\u00a0\u00a0\u00a0\u00a0\u00a0\u00a0\u00a0\u00a0\u00a0\u00a0\u00a0\u00a0\u00a0\u00a0\u00a0\u00a0\u00a0\u00a0\u00a0\u00a0\u00a0\u00a0\u00a0\u00a0\u00a0\u00a0 <\/span>4. L&rsquo;autogestion g\u00e9n\u00e9ralis\u00e9e organise la consultation et le consensus des citoyens \u00e0 tous les niveaux : l\u00e0 o\u00f9 la gestion directe n&rsquo;est pas possible pour toutes les questions qui ne rel\u00e8vent pas de l&rsquo;int\u00e9r\u00eat local ou d&rsquo;entreprise, la d\u00e9l\u00e9gation de pouvoirs sera assortie de <span style=\"color: #808000;\"><b>mandats imp\u00e9ratifs et r\u00e9vocables <\/b><\/span>et de contr\u00f4les des mandants sur leurs \u00e9lus.<\/span><\/h3>\n<h3 class=\"MsoNormal\" style=\"text-align: justify; text-indent: -221.25pt;\"><span style=\"font-size: 14.0pt; font-family: 'Arial Narrow','sans-serif';\"><span style=\"mso-tab-count: 1;\">\u00a0\u00a0\u00a0\u00a0\u00a0\u00a0\u00a0\u00a0\u00a0\u00a0\u00a0\u00a0\u00a0\u00a0\u00a0\u00a0\u00a0\u00a0\u00a0\u00a0\u00a0\u00a0\u00a0\u00a0\u00a0\u00a0\u00a0\u00a0\u00a0\u00a0\u00a0\u00a0\u00a0\u00a0\u00a0\u00a0\u00a0\u00a0\u00a0\u00a0\u00a0\u00a0\u00a0\u00a0\u00a0\u00a0\u00a0\u00a0\u00a0\u00a0\u00a0\u00a0\u00a0\u00a0\u00a0\u00a0\u00a0\u00a0\u00a0\u00a0\u00a0\u00a0\u00a0\u00a0\u00a0\u00a0\u00a0\u00a0\u00a0\u00a0\u00a0\u00a0\u00a0 <\/span>5. L&rsquo;illusion d&rsquo;un &lsquo;capitalisme vert&rsquo; (qui est le mirage de certains \u00e9cologistes) se dissipera vite avec le constat que les int\u00e9r\u00eats financiers n&rsquo;investiront jamais massivement dans la pr\u00e9servation de l&rsquo;environnement (pas assez de retours sur investissements) et qu&rsquo;<span style=\"color: #808000;\"><b>une \u00e9cologie v\u00e9ritable exige des fonds publics<\/b><\/span> et doit \u00eatre confi\u00e9e \u00e0 <b><span style=\"color: #808000;\">une Agence publique de l&rsquo;environnement<\/span> <\/b>: le contr\u00f4le citoyen garantit cette orientation dans l&rsquo;int\u00e9r\u00eat g\u00e9n\u00e9ral. <\/span><\/h3>\n<h3 class=\"MsoNormal\" style=\"text-align: justify; text-indent: -221.25pt;\"><span style=\"font-size: 14.0pt; font-family: 'Arial Narrow','sans-serif';\"><span style=\"mso-tab-count: 1;\">\u00a0\u00a0\u00a0\u00a0\u00a0\u00a0\u00a0\u00a0\u00a0\u00a0\u00a0\u00a0\u00a0\u00a0\u00a0\u00a0\u00a0\u00a0\u00a0\u00a0\u00a0\u00a0\u00a0\u00a0\u00a0\u00a0\u00a0\u00a0\u00a0\u00a0\u00a0\u00a0\u00a0\u00a0\u00a0\u00a0\u00a0\u00a0\u00a0\u00a0\u00a0\u00a0\u00a0\u00a0\u00a0\u00a0\u00a0\u00a0\u00a0\u00a0\u00a0\u00a0\u00a0\u00a0\u00a0\u00a0\u00a0\u00a0\u00a0\u00a0\u00a0\u00a0\u00a0\u00a0\u00a0\u00a0\u00a0\u00a0\u00a0\u00a0\u00a0\u00a0\u00a0 <\/span><span style=\"mso-spacerun: yes;\">\u00a0\u00a0\u00a0\u00a0\u00a0\u00a0 <\/span>Par le changement de paradigme qu&rsquo;elle repr\u00e9sente,<span style=\"color: #808000;\"> <b>l&rsquo;autogestion d\u00e9verrouille la culture d\u00e9mocratique d\u00e9voy\u00e9e<\/b><\/span> et ouvre de nouveaux horizons \u00e0 l&rsquo;intelligentsia et aux couches populaires, aujourd&rsquo;hui enkyst\u00e9es dans des routines id\u00e9ologiques.<\/span><\/h3>\n<p class=\"MsoNormal\" style=\"margin-left: 0cm; text-align: justify; text-indent: -221.25pt; mso-list: l3 level9 lfo4; tab-stops: list 180.0pt;\"><span style=\"mso-fareast-font-family: 'Times New Roman';\"><span style=\"mso-list: Ignore;\">1.<span style=\"font: 7.0pt 'Times New Roman';\">\u00a0\u00a0\u00a0\u00a0\u00a0\u00a0\u00a0\u00a0\u00a0\u00a0\u00a0\u00a0\u00a0\u00a0\u00a0\u00a0\u00a0\u00a0\u00a0\u00a0\u00a0\u00a0\u00a0\u00a0\u00a0\u00a0\u00a0\u00a0\u00a0\u00a0\u00a0\u00a0\u00a0\u00a0\u00a0\u00a0\u00a0\u00a0\u00a0\u00a0\u00a0\u00a0\u00a0\u00a0\u00a0\u00a0\u00a0\u00a0\u00a0\u00a0\u00a0\u00a0\u00a0\u00a0\u00a0\u00a0\u00a0\u00a0\u00a0\u00a0\u00a0\u00a0\u00a0\u00a0\u00a0\u00a0\u00a0\u00a0\u00a0\u00a0\u00a0\u00a0\u00a0\u00a0\u00a0\u00a0\u00a0\u00a0\u00a0\u00a0\u00a0\u00a0\u00a0\u00a0\u00a0\u00a0\u00a0\u00a0\u00a0\u00a0\u00a0\u00a0\u00a0\u00a0\u00a0\u00a0\u00a0\u00a0\u00a0\u00a0\u00a0\u00a0\u00a0\u00a0\u00a0\u00a0\u00a0\u00a0\u00a0\u00a0\u00a0\u00a0\u00a0\u00a0\u00a0\u00a0\u00a0\u00a0\u00a0\u00a0\u00a0\u00a0\u00a0\u00a0\u00a0\u00a0\u00a0\u00a0\u00a0\u00a0\u00a0\u00a0\u00a0\u00a0\u00a0\u00a0\u00a0\u00a0\u00a0\u00a0\u00a0 <\/span><\/span><\/span><\/p>\n<p class=\"MsoNormal\" style=\"text-align: justify; text-indent: -221.25pt;\"><span style=\"font-size: 14.0pt; font-family: 'Arial Narrow','sans-serif';\"><span style=\"mso-tab-count: 1;\">\u00a0\u00a0\u00a0\u00a0\u00a0\u00a0\u00a0\u00a0\u00a0\u00a0\u00a0\u00a0\u00a0\u00a0\u00a0\u00a0\u00a0\u00a0\u00a0\u00a0\u00a0\u00a0\u00a0\u00a0\u00a0\u00a0\u00a0\u00a0\u00a0\u00a0\u00a0\u00a0\u00a0\u00a0\u00a0\u00a0\u00a0\u00a0\u00a0\u00a0\u00a0\u00a0\u00a0\u00a0\u00a0\u00a0\u00a0\u00a0\u00a0\u00a0\u00a0\u00a0\u00a0\u00a0\u00a0\u00a0\u00a0\u00a0\u00a0\u00a0\u00a0\u00a0\u00a0\u00a0\u00a0\u00a0\u00a0\u00a0\u00a0\u00a0\u00a0\u00a0\u00a0 <\/span><span style=\"mso-spacerun: yes;\">\u00a0\u00a0\u00a0\u00a0\u00a0\u00a0\u00a0\u00a0<strong>\u00a0\u00a0 <\/strong><\/span><strong>L&rsquo;autogestion est une<span style=\"color: #808000;\"> r\u00e9ponse globale \u00e0 la crise de la d\u00e9mocratie<\/span> : on peut dire que la d\u00e9mocratie repr\u00e9sentative est arriv\u00e9e au terme de ses potentialit\u00e9s, notamment avec la mondialisation. Les d\u00e9mocraties capitalistes laissent de moins en moins de place aux contre-pouvoirs ; la s\u00e9paration des pouvoirs est en r\u00e9gression partout.<\/strong> <\/span><\/p>\n<h3 class=\"MsoNormal\" style=\"text-align: justify; text-indent: -221.25pt;\"><span style=\"font-size: 14.0pt; font-family: 'Arial Narrow','sans-serif';\"><span style=\"mso-tab-count: 2;\">\u00a0\u00a0\u00a0\u00a0\u00a0\u00a0\u00a0\u00a0\u00a0\u00a0\u00a0\u00a0\u00a0\u00a0\u00a0\u00a0\u00a0\u00a0\u00a0\u00a0\u00a0\u00a0\u00a0\u00a0\u00a0\u00a0\u00a0\u00a0\u00a0\u00a0\u00a0\u00a0\u00a0\u00a0\u00a0\u00a0\u00a0\u00a0\u00a0\u00a0\u00a0\u00a0\u00a0\u00a0\u00a0\u00a0\u00a0\u00a0\u00a0\u00a0\u00a0\u00a0\u00a0\u00a0\u00a0\u00a0\u00a0\u00a0\u00a0\u00a0\u00a0\u00a0\u00a0\u00a0\u00a0\u00a0\u00a0\u00a0\u00a0\u00a0\u00a0\u00a0\u00a0\u00a0\u00a0\u00a0\u00a0\u00a0\u00a0\u00a0\u00a0\u00a0\u00a0\u00a0\u00a0 <\/span>Le syst\u00e8me d\u00e9l\u00e9gataire manipule l&rsquo;opinion, domestique les \u00e9lus et transforme les parlements en chambres d&rsquo;enregistrement. Ce n&rsquo;est pas par hasard que le r\u00e9f\u00e9rendum grec a \u00e9t\u00e9 aussi vite retir\u00e9 qu&rsquo;annonc\u00e9. Et que le Parlement fran\u00e7ais est courtoisement inform\u00e9 des interventions militaires \u00e0 l&rsquo;\u00e9tranger. <\/span><\/h3>\n<h3 class=\"MsoNormal\" style=\"text-align: justify; text-indent: -221.25pt;\"><span style=\"font-size: 14.0pt; font-family: 'Arial Narrow','sans-serif';\"><span style=\"mso-tab-count: 2;\">\u00a0\u00a0\u00a0\u00a0\u00a0\u00a0\u00a0\u00a0\u00a0\u00a0\u00a0\u00a0\u00a0\u00a0\u00a0\u00a0\u00a0\u00a0\u00a0\u00a0\u00a0\u00a0\u00a0\u00a0\u00a0\u00a0\u00a0\u00a0\u00a0\u00a0\u00a0\u00a0\u00a0\u00a0\u00a0\u00a0\u00a0\u00a0\u00a0\u00a0\u00a0\u00a0\u00a0\u00a0\u00a0\u00a0\u00a0\u00a0\u00a0\u00a0\u00a0\u00a0\u00a0\u00a0\u00a0\u00a0\u00a0\u00a0\u00a0\u00a0\u00a0\u00a0\u00a0\u00a0\u00a0\u00a0\u00a0\u00a0\u00a0\u00a0\u00a0\u00a0\u00a0\u00a0\u00a0\u00a0\u00a0\u00a0\u00a0\u00a0\u00a0\u00a0\u00a0\u00a0\u00a0 <\/span>En un mot <b><span style=\"color: #808000;\">la d\u00e9mocratie repr\u00e9sentative, c&rsquo;est aujourd&rsquo;hui l&rsquo;organisation minutieuse de la d\u00e9mission g\u00e9n\u00e9ralis\u00e9e<\/span>.<\/b> La riposte ne peut \u00eatre qu&rsquo;une refondation de la d\u00e9mocratie pour modifier les rapport de forces locaux, nationaux et internationaux.<\/span><\/h3>\n<p class=\"MsoNormal\" style=\"text-align: justify; text-indent: -221.25pt;\"><span style=\"font-size: 14.0pt; font-family: 'Arial Narrow','sans-serif';\"><span style=\"mso-tab-count: 2;\">\u00a0\u00a0\u00a0\u00a0\u00a0\u00a0\u00a0\u00a0\u00a0\u00a0\u00a0\u00a0\u00a0\u00a0\u00a0\u00a0\u00a0\u00a0\u00a0\u00a0\u00a0\u00a0\u00a0\u00a0\u00a0\u00a0\u00a0\u00a0\u00a0\u00a0\u00a0\u00a0\u00a0\u00a0\u00a0\u00a0\u00a0\u00a0\u00a0\u00a0\u00a0\u00a0\u00a0\u00a0\u00a0\u00a0\u00a0\u00a0\u00a0\u00a0\u00a0\u00a0\u00a0\u00a0\u00a0\u00a0\u00a0\u00a0\u00a0\u00a0\u00a0\u00a0\u00a0\u00a0\u00a0\u00a0\u00a0\u00a0\u00a0\u00a0\u00a0\u00a0\u00a0\u00a0\u00a0\u00a0\u00a0\u00a0\u00a0\u00a0\u00a0\u00a0\u00a0\u00a0\u00a0 <\/span><\/span><\/p>\n<p class=\"MsoNormal\" style=\"text-align: justify; text-indent: -221.25pt;\"><b><span style=\"font-size: 14.0pt; font-family: 'Arial Narrow','sans-serif';\">2<span style=\"mso-tab-count: 1;\">\u00a0\u00a0\u00a0\u00a0\u00a0\u00a0\u00a0\u00a0\u00a0\u00a0\u00a0\u00a0\u00a0\u00a0\u00a0\u00a0\u00a0\u00a0\u00a0\u00a0\u00a0\u00a0\u00a0\u00a0\u00a0\u00a0\u00a0\u00a0\u00a0\u00a0\u00a0\u00a0\u00a0\u00a0\u00a0\u00a0\u00a0\u00a0\u00a0\u00a0\u00a0\u00a0\u00a0\u00a0\u00a0\u00a0\u00a0\u00a0\u00a0\u00a0\u00a0\u00a0\u00a0\u00a0\u00a0\u00a0\u00a0\u00a0\u00a0\u00a0\u00a0\u00a0\u00a0\u00a0\u00a0<span style=\"text-decoration: underline;\"><span style=\"color: #808000; text-decoration: underline;\">\u00a0\u00a0\u00a0\u00a0\u00a0\u00a0 <\/span><\/span><\/span><span style=\"text-decoration: underline;\"><span style=\"color: #808000; text-decoration: underline;\">2. Rep\u00e8res historiques et sociologiques :<\/span><\/span><\/span><\/b><\/p>\n<h3 class=\"MsoNormal\" style=\"text-align: justify; text-indent: -221.25pt;\"><span style=\"font-size: 14.0pt; font-family: 'Arial Narrow','sans-serif';\"><span style=\"mso-tab-count: 1;\">\u00a0\u00a0\u00a0\u00a0\u00a0\u00a0\u00a0\u00a0\u00a0\u00a0\u00a0\u00a0\u00a0\u00a0\u00a0\u00a0\u00a0\u00a0\u00a0\u00a0\u00a0\u00a0\u00a0\u00a0\u00a0\u00a0\u00a0\u00a0\u00a0\u00a0\u00a0\u00a0\u00a0\u00a0\u00a0\u00a0\u00a0\u00a0\u00a0\u00a0\u00a0\u00a0\u00a0\u00a0\u00a0\u00a0\u00a0\u00a0\u00a0\u00a0\u00a0\u00a0\u00a0\u00a0\u00a0\u00a0\u00a0\u00a0\u00a0\u00a0\u00a0\u00a0\u00a0\u00a0\u00a0\u00a0\u00a0\u00a0\u00a0\u00a0\u00a0\u00a0\u00a0 <\/span><span style=\"mso-spacerun: yes;\">\u00a0\u00a0\u00a0\u00a0\u00a0\u00a0\u00a0\u00a0 <\/span>Le projet autogestionnaire am\u00e8ne donc \u00e0 repenser l&rsquo;Etat, la souverainet\u00e9 nationale et le r\u00f4le des \u00e9lus, des dirigeants en g\u00e9n\u00e9ral.<\/span><\/h3>\n<h3 class=\"MsoNormal\" style=\"text-align: justify; text-indent: -221.25pt; tab-stops: 441.0pt;\"><span style=\"font-size: 14.0pt; font-family: 'Arial Narrow','sans-serif';\"><span style=\"mso-tab-count: 1;\">\u00a0\u00a0\u00a0\u00a0\u00a0\u00a0\u00a0\u00a0\u00a0\u00a0\u00a0\u00a0\u00a0\u00a0\u00a0\u00a0\u00a0\u00a0\u00a0\u00a0\u00a0\u00a0\u00a0\u00a0\u00a0\u00a0\u00a0\u00a0\u00a0\u00a0\u00a0\u00a0\u00a0\u00a0\u00a0\u00a0\u00a0\u00a0\u00a0\u00a0\u00a0\u00a0\u00a0\u00a0\u00a0\u00a0\u00a0\u00a0\u00a0\u00a0\u00a0\u00a0\u00a0\u00a0\u00a0\u00a0\u00a0\u00a0\u00a0\u00a0\u00a0\u00a0\u00a0\u00a0\u00a0\u00a0\u00a0\u00a0\u00a0\u00a0\u00a0\u00a0\u00a0 <\/span><span style=\"mso-spacerun: yes;\">\u00a0\u00a0\u00a0\u00a0\u00a0\u00a0\u00a0\u00a0\u00a0 <\/span>Aujourd&rsquo;hui et en Europe,<span style=\"color: #808000;\"> <b>l&rsquo;Etat est r\u00e9duit \u00e0 des fonctions de contr\u00f4le et de maintien de l&rsquo;ordre social,<\/b> <\/span>globalement au service des directives supra-nationales de l&rsquo;Union europ\u00e9enne, du FMI, de l&rsquo;OMC, de la BCE et, \u00e0 travers ces instances, au service des multinationales et de la finance mondialis\u00e9e. Le projet de gouvernement \u00e9conomique de l&rsquo;Union, le Pacte de stabilt\u00e9, la r\u00e8gle d&rsquo;or \u2013 et avant cela le Trait\u00e9 de Lisbonne \u2013 en sont les principales traductions politiques. [citer ici la lettre de la BCE au premier ministre italien du 3 f\u00e9vrier 2012]<\/span><\/h3>\n<p class=\"MsoNormal\" style=\"text-align: justify; text-indent: -221.25pt;\"><span style=\"font-size: 14.0pt; font-family: 'Arial Narrow','sans-serif';\"><span style=\"mso-spacerun: yes;\">\u00a0<\/span><span style=\"mso-tab-count: 2;\">\u00a0\u00a0\u00a0\u00a0\u00a0\u00a0\u00a0\u00a0\u00a0\u00a0\u00a0\u00a0\u00a0\u00a0\u00a0\u00a0\u00a0\u00a0\u00a0\u00a0\u00a0\u00a0\u00a0\u00a0\u00a0\u00a0\u00a0\u00a0\u00a0\u00a0\u00a0\u00a0\u00a0\u00a0\u00a0\u00a0\u00a0\u00a0\u00a0\u00a0\u00a0\u00a0\u00a0\u00a0\u00a0\u00a0\u00a0\u00a0\u00a0\u00a0\u00a0\u00a0\u00a0\u00a0\u00a0\u00a0\u00a0\u00a0\u00a0\u00a0\u00a0\u00a0\u00a0\u00a0\u00a0\u00a0\u00a0\u00a0\u00a0\u00a0\u00a0\u00a0\u00a0\u00a0\u00a0\u00a0\u00a0\u00a0\u00a0\u00a0\u00a0\u00a0\u00a0\u00a0 <\/span><strong>Mais un retour au <i>statu quo ante<\/i>, c.-\u00e0-d. aux souverainet\u00e9s nationales d&rsquo;avant l&rsquo;UE, n&rsquo;est ni possible, ni ne serait une solution de progr\u00e8s :<\/strong> <\/span><\/p>\n<p class=\"MsoNormal\" style=\"text-align: justify; text-indent: -221.25pt;\"><span style=\"font-size: 14.0pt; font-family: 'Arial Narrow','sans-serif';\"><span style=\"mso-tab-count: 1;\">\u00a0\u00a0\u00a0\u00a0\u00a0\u00a0\u00a0\u00a0\u00a0\u00a0\u00a0\u00a0\u00a0\u00a0\u00a0\u00a0\u00a0\u00a0\u00a0\u00a0\u00a0\u00a0\u00a0\u00a0\u00a0\u00a0\u00a0\u00a0\u00a0\u00a0\u00a0\u00a0\u00a0\u00a0\u00a0\u00a0\u00a0\u00a0\u00a0\u00a0\u00a0\u00a0\u00a0\u00a0\u00a0\u00a0\u00a0\u00a0\u00a0\u00a0\u00a0\u00a0\u00a0\u00a0\u00a0\u00a0\u00a0\u00a0\u00a0\u00a0\u00a0\u00a0\u00a0\u00a0\u00a0\u00a0\u00a0\u00a0\u00a0\u00a0\u00a0\u00a0\u00a0 <\/span><span style=\"mso-spacerun: yes;\">\u00a0\u00a0\u00a0\u00a0\u00a0\u00a0\u00a0\u00a0\u00a0\u00a0<strong>\u00a0 <\/strong><\/span><strong>* Primo, il importe de rappeler que la d\u00e9mission des politiques devant la finance est un <span style=\"color: #808000;\">choix d\u00e9lib\u00e9r\u00e9, id\u00e9ologique <\/span>: le dogme que &lsquo;l&rsquo;Etat ne peut pas tout faire et ne peut intervenir qu&rsquo;\u00e0 la marge&rsquo; doit \u00eatre remis en question. C&rsquo;est toujours le contraire qui se passe : l&rsquo;Etat privatise ou nationalise, r\u00e9gule ou d\u00e9r\u00e9gule, renfloue ou laisse couler telle banque out tel institut de cr\u00e9dit.<span style=\"color: #808000;\"> L&rsquo;Etat d\u00e9cide toujours du p\u00e9rim\u00e8tre de son emprise \u00e9conomique et de celle qu&rsquo;il conc\u00e8de aux aux institutions financi\u00e8res.<\/span><\/strong><\/span><\/p>\n<p class=\"MsoNormal\" style=\"text-align: justify; text-indent: -221.25pt;\"><b><span style=\"font-size: 14.0pt; font-family: 'Arial Narrow','sans-serif';\"><span style=\"mso-tab-count: 1;\">\u00a0\u00a0\u00a0\u00a0\u00a0\u00a0\u00a0\u00a0\u00a0\u00a0\u00a0\u00a0\u00a0\u00a0\u00a0\u00a0\u00a0\u00a0\u00a0\u00a0\u00a0\u00a0\u00a0\u00a0\u00a0\u00a0\u00a0\u00a0\u00a0\u00a0\u00a0\u00a0\u00a0\u00a0\u00a0\u00a0\u00a0\u00a0\u00a0\u00a0\u00a0\u00a0\u00a0\u00a0\u00a0\u00a0\u00a0\u00a0\u00a0\u00a0\u00a0\u00a0\u00a0\u00a0\u00a0\u00a0\u00a0\u00a0\u00a0\u00a0\u00a0\u00a0\u00a0\u00a0\u00a0\u00a0\u00a0\u00a0\u00a0\u00a0\u00a0\u00a0\u00a0 <\/span><span style=\"mso-spacerun: yes;\">\u00a0\u00a0\u00a0\u00a0\u00a0\u00a0\u00a0\u00a0\u00a0\u00a0 <\/span>* <\/span><\/b><span style=\"font-size: 14.0pt; font-family: 'Arial Narrow','sans-serif';\">Secundo, toute construction europ\u00e9enne n&rsquo;est pas <i>a priori <\/i>synonyme de d\u00e9possession de souverainet\u00e9 populaire : on peut sortir de l&rsquo;actuelle d\u00e9pendance des institutions financi\u00e8res, abroger le Trait\u00e9 de Lisbonne et emprunter aupr\u00e8s de la BCE en la transformant en <b>un &lsquo;institut europ\u00e9en de Cr\u00e9dit solidaire<\/b>&lsquo;. Bref, une autre Union eurp\u00e9enne ! Mais il y faut un d\u00e9sir, un projet, une volont\u00e9 collective de tourner le dos aux id\u00e9es re\u00e7ues !<\/span><\/p>\n<p class=\"MsoNormal\" style=\"text-align: justify; text-indent: -221.25pt;\"><span style=\"font-size: 14.0pt; font-family: 'Arial Narrow','sans-serif';\"><span style=\"mso-tab-count: 1;\">\u00a0\u00a0\u00a0\u00a0\u00a0\u00a0\u00a0\u00a0\u00a0\u00a0\u00a0\u00a0\u00a0\u00a0\u00a0\u00a0\u00a0\u00a0\u00a0\u00a0\u00a0\u00a0\u00a0\u00a0\u00a0\u00a0\u00a0\u00a0\u00a0\u00a0\u00a0\u00a0\u00a0\u00a0\u00a0\u00a0\u00a0\u00a0\u00a0\u00a0\u00a0\u00a0\u00a0\u00a0\u00a0\u00a0\u00a0\u00a0\u00a0\u00a0\u00a0\u00a0\u00a0\u00a0\u00a0\u00a0\u00a0\u00a0\u00a0\u00a0\u00a0\u00a0\u00a0\u00a0\u00a0\u00a0\u00a0\u00a0\u00a0\u00a0\u00a0\u00a0\u00a0 <\/span><span style=\"mso-spacerun: yes;\">\u00a0\u00a0\u00a0\u00a0 <\/span>* Tertio, la critique lib\u00e9rale du &lsquo;tout-Etat&rsquo; est <b>un trompe-l&rsquo;oeil<\/b> : elle se limite au d\u00e9mant\u00e8lement des services publics, des prestations sociales, du droit du travail et du droit des affaires dans le sens des int\u00e9r\u00eats priv\u00e9s. <b>Le discours anti-Etat est le camouflage d&rsquo;un<\/b> <b>accaparement programm\u00e9 de nouveaux champs d&rsquo;investissement <\/b>: retraites par capitalisation, baisse et privatisation des prestations sociales, pressions sur les salaires et sur les salari\u00e9s pour en faire des actionnaires, prise en charge par des assurances priv\u00e9es de la d\u00e9pendance.<\/span><\/p>\n<p class=\"MsoNormal\" style=\"text-align: justify; text-indent: -221.25pt;\"><span style=\"font-size: 14.0pt; font-family: 'Arial Narrow','sans-serif';\"><span style=\"mso-tab-count: 1;\">\u00a0\u00a0\u00a0\u00a0\u00a0\u00a0\u00a0\u00a0\u00a0\u00a0\u00a0\u00a0\u00a0\u00a0\u00a0\u00a0\u00a0\u00a0\u00a0\u00a0\u00a0\u00a0\u00a0\u00a0\u00a0\u00a0\u00a0\u00a0\u00a0\u00a0\u00a0\u00a0\u00a0\u00a0\u00a0\u00a0\u00a0\u00a0\u00a0\u00a0\u00a0\u00a0\u00a0\u00a0\u00a0\u00a0\u00a0\u00a0\u00a0\u00a0\u00a0\u00a0\u00a0\u00a0\u00a0\u00a0\u00a0\u00a0\u00a0\u00a0\u00a0\u00a0\u00a0\u00a0\u00a0\u00a0\u00a0\u00a0\u00a0\u00a0\u00a0\u00a0\u00a0 <\/span><span style=\"mso-spacerun: yes;\">\u00a0\u00a0\u00a0\u00a0\u00a0\u00a0\u00a0\u00a0 <\/span>* Quarto, <b>la critique anti-Etat ne peut pas se passer de lois <\/b>: impunit\u00e9 p\u00e9nale du pr\u00e9sident, impunit\u00e9 des agences de notation et des conflits d&rsquo;int\u00e9r\u00eats associ\u00e9s, impunit\u00e9 de la sp\u00e9culation, d\u00e9mant\u00e8lement des lois sociales. Tout est possible \u00e0 l&rsquo;abri des lois.<\/span><\/p>\n<p class=\"MsoNormal\" style=\"text-align: justify; text-indent: -221.25pt;\"><span style=\"font-size: 14.0pt; font-family: 'Arial Narrow','sans-serif';\"><span style=\"mso-tab-count: 1;\">\u00a0\u00a0\u00a0\u00a0\u00a0\u00a0\u00a0\u00a0\u00a0\u00a0\u00a0\u00a0\u00a0\u00a0\u00a0\u00a0\u00a0\u00a0\u00a0\u00a0\u00a0\u00a0\u00a0\u00a0\u00a0\u00a0\u00a0\u00a0\u00a0\u00a0\u00a0\u00a0\u00a0\u00a0\u00a0\u00a0\u00a0\u00a0\u00a0\u00a0\u00a0\u00a0\u00a0\u00a0\u00a0\u00a0\u00a0\u00a0\u00a0\u00a0\u00a0\u00a0\u00a0\u00a0\u00a0\u00a0\u00a0\u00a0\u00a0\u00a0\u00a0\u00a0\u00a0\u00a0\u00a0\u00a0\u00a0\u00a0\u00a0\u00a0\u00a0\u00a0\u00a0 <\/span><span style=\"mso-spacerun: yes;\">\u00a0\u00a0\u00a0\u00a0\u00a0\u00a0\u00a0\u00a0 <\/span>Bref, le d\u00e9p\u00e9rissement de l&rsquo;Etat, toujours souhait\u00e9, jamais r\u00e9alis\u00e9, doit passer par de nouvelles instances de contr\u00f4le et de gestion et ce, pour une longue p\u00e9riode. <b>Seule une d\u00e9mocratie d&rsquo;autogestion g\u00e9n\u00e9ralis\u00e9e peut d\u00e9cider quelles pr\u00e9rogatives l&rsquo;Etat doit conserver,<\/b> sous quelles formes et \u00e0 quels niveaux. Si cela est possible au niveau national, \u00e7a l&rsquo;est aussi au niveau europ\u00e9en, certes non sans conflits et non sans mobilisations.<\/span><\/p>\n<p class=\"MsoNormal\" style=\"text-align: justify; text-indent: -221.25pt;\"><span style=\"font-size: 14.0pt; font-family: 'Arial Narrow','sans-serif';\"><span style=\"mso-tab-count: 1;\">\u00a0\u00a0\u00a0\u00a0\u00a0\u00a0\u00a0\u00a0\u00a0\u00a0\u00a0\u00a0\u00a0\u00a0\u00a0\u00a0\u00a0\u00a0\u00a0\u00a0\u00a0\u00a0\u00a0\u00a0\u00a0\u00a0\u00a0\u00a0\u00a0\u00a0\u00a0\u00a0\u00a0\u00a0\u00a0\u00a0\u00a0\u00a0\u00a0\u00a0\u00a0\u00a0\u00a0\u00a0\u00a0\u00a0\u00a0\u00a0\u00a0\u00a0\u00a0\u00a0\u00a0\u00a0\u00a0\u00a0\u00a0\u00a0\u00a0\u00a0\u00a0\u00a0\u00a0\u00a0\u00a0\u00a0\u00a0\u00a0\u00a0\u00a0\u00a0\u00a0\u00a0 <\/span><span style=\"mso-spacerun: yes;\">\u00a0\u00a0\u00a0\u00a0\u00a0\u00a0\u00a0\u00a0\u00a0\u00a0\u00a0 <\/span>La d\u00e9marche autogestionnaire met aussi \u00e0 l&rsquo;ordre du jour l&rsquo;acc\u00e8s du plus grand nombre aux outils et concepts \u00e9conomiques. <b>L&rsquo;information partag\u00e9e devient le fondement de pratiques nouvelles et de toute citoyennet\u00e9.<\/b><\/span><\/p>\n<p class=\"MsoNormal\" style=\"text-align: justify; text-indent: -221.25pt;\"><span style=\"font-size: 14.0pt; font-family: 'Arial Narrow','sans-serif';\"><span style=\"mso-tab-count: 1;\">\u00a0\u00a0\u00a0\u00a0\u00a0\u00a0\u00a0\u00a0\u00a0\u00a0\u00a0\u00a0\u00a0\u00a0\u00a0\u00a0\u00a0\u00a0\u00a0\u00a0\u00a0\u00a0\u00a0\u00a0\u00a0\u00a0\u00a0\u00a0\u00a0\u00a0\u00a0\u00a0\u00a0\u00a0\u00a0\u00a0\u00a0\u00a0\u00a0\u00a0\u00a0\u00a0\u00a0\u00a0\u00a0\u00a0\u00a0\u00a0\u00a0\u00a0\u00a0\u00a0\u00a0\u00a0\u00a0\u00a0\u00a0\u00a0\u00a0\u00a0\u00a0\u00a0\u00a0\u00a0\u00a0\u00a0\u00a0\u00a0\u00a0\u00a0\u00a0\u00a0\u00a0 <\/span><span style=\"mso-spacerun: yes;\">\u00a0\u00a0\u00a0\u00a0\u00a0\u00a0\u00a0\u00a0\u00a0\u00a0 <\/span>L&rsquo;autogestion implique <b>une red\u00e9finition des souverainet\u00e9s<\/b>. Tant qu&rsquo;elle n&rsquo;est con\u00e7ue que comme nationale, la souverainet\u00e9 souffre d&rsquo;un double d\u00e9faut historique : tant\u00f4t en raison de fronti\u00e8res impos\u00e9es sous domination coloniale ou \u00e9trang\u00e8re, tant\u00f4t en raison de nations construites sur l&rsquo;\u00e9radication des langues et cultures des peuples que ces nations rassemblent. Sans aucune issue hors de cette impasse dans le cadre traditionnel de la d\u00e9mocratie repr\u00e9sentative o\u00f9 s&rsquo;impose <b>une majorit\u00e9 dite nationale au d\u00e9triment de toutes les minorit\u00e9s.<\/b> <b>Une majorit\u00e9 peut aussi \u00eatre oppressive.<\/b> <\/span><\/p>\n<p class=\"MsoNormal\" style=\"text-align: justify; text-indent: -221.25pt;\"><span style=\"font-size: 14.0pt; font-family: 'Arial Narrow','sans-serif';\"><span style=\"mso-tab-count: 2;\">\u00a0\u00a0\u00a0\u00a0\u00a0\u00a0\u00a0\u00a0\u00a0\u00a0\u00a0\u00a0\u00a0\u00a0\u00a0\u00a0\u00a0\u00a0\u00a0\u00a0\u00a0\u00a0\u00a0\u00a0\u00a0\u00a0\u00a0\u00a0\u00a0\u00a0\u00a0\u00a0\u00a0\u00a0\u00a0\u00a0\u00a0\u00a0\u00a0\u00a0\u00a0\u00a0\u00a0\u00a0\u00a0\u00a0\u00a0\u00a0\u00a0\u00a0\u00a0\u00a0\u00a0\u00a0\u00a0\u00a0\u00a0\u00a0\u00a0\u00a0\u00a0\u00a0\u00a0\u00a0\u00a0\u00a0\u00a0\u00a0\u00a0\u00a0\u00a0\u00a0\u00a0\u00a0\u00a0\u00a0\u00a0\u00a0\u00a0\u00a0\u00a0\u00a0\u00a0\u00a0\u00a0 <\/span>C&rsquo;est aussi bien le cas, avec des diff\u00e9rences de degr\u00e9s, pour les Kurdes de Turquie ou d&rsquo;Irak, pour les indiens d&rsquo;Am\u00e9rique latine, pour les Tamouls du Sri Lanka, pour les Arm\u00e9niens du Haut Karabagh, et d&rsquo;une certaine fa\u00e7on pour les Basques d&rsquo;Espagne, les Corses, et au moins aux plans linguistique et culturel pour les Alsaciens, les Basques et les Bretons de France. Et aussi de beaucoup d&rsquo;autres minorit\u00e9s dans un monde o\u00f9 les fronti\u00e8res n&rsquo;ont jamais \u00e9t\u00e9 d\u00e9cid\u00e9es en tenant compte des peuples et o\u00f9 des ethnies se trouvent souvent \u00e0 cheval sur deux ou trois pays.<\/span><\/p>\n<p class=\"MsoNormal\" style=\"text-align: justify; text-indent: -221.25pt;\"><span style=\"font-size: 14.0pt; font-family: 'Arial Narrow','sans-serif';\"><span style=\"mso-tab-count: 2;\">\u00a0\u00a0\u00a0\u00a0\u00a0\u00a0\u00a0\u00a0\u00a0\u00a0\u00a0\u00a0\u00a0\u00a0\u00a0\u00a0\u00a0\u00a0\u00a0\u00a0\u00a0\u00a0\u00a0\u00a0\u00a0\u00a0\u00a0\u00a0\u00a0\u00a0\u00a0\u00a0\u00a0\u00a0\u00a0\u00a0\u00a0\u00a0\u00a0\u00a0\u00a0\u00a0\u00a0\u00a0\u00a0\u00a0\u00a0\u00a0\u00a0\u00a0\u00a0\u00a0\u00a0\u00a0\u00a0\u00a0\u00a0\u00a0\u00a0\u00a0\u00a0\u00a0\u00a0\u00a0\u00a0\u00a0\u00a0\u00a0\u00a0\u00a0\u00a0\u00a0\u00a0\u00a0\u00a0\u00a0\u00a0\u00a0\u00a0\u00a0\u00a0\u00a0\u00a0\u00a0\u00a0 <\/span>Il faut ici rappeler combien cette situation a \u00e9t\u00e9 le r\u00e9sultat d&rsquo;ethnocides dans l&rsquo;histoire des nations : toutes les cultures ont <b>une composante plus ou moins ethnocentrique.<\/b> Mais toutes ne vont pas jusqu&rsquo;au g\u00e9nocide, ni ne pratiquent l&rsquo;ethnocide. G\u00e9nocide et ethnocide ontr en commun cette caract\u00e9ristique : \u00ab\u00a0<i>dans les deux, l&rsquo;Autre c&rsquo;est d&rsquo;abord la diff\u00e9rence, mais la mauvaise diff\u00e9rence\u00a0<\/i>\u00bb (Clastres, <i>Recherches d&rsquo;anthropologie politique, <\/i>Ed. Du Seuil, 1980). Mais, contrairement au g\u00e9nocide qui extermine, dans l&rsquo;ethnocide <i>\u00ab\u00a0les autres sont mauvais, mais on peut les am\u00e9liorer en les transformant jusqu&rsquo;\u00e0 les rendre identiques au mod\u00e8le qu&rsquo;on leur impose\u00a0\u00bb<\/i> (ibid). Telle fut l&rsquo;oeuvre des conquistadores, des missionnaires, des conqu\u00e9rants de l&rsquo;ouest nord-am\u00e9ricain et d&rsquo;Australie, ainsi que des diff\u00e9rents colonialismes.<\/span><\/p>\n<p class=\"MsoNormal\" style=\"text-align: justify; text-indent: -221.25pt;\"><span style=\"font-size: 14.0pt; font-family: 'Arial Narrow','sans-serif';\"><span style=\"mso-tab-count: 2;\">\u00a0\u00a0\u00a0\u00a0\u00a0\u00a0\u00a0\u00a0\u00a0\u00a0\u00a0\u00a0\u00a0\u00a0\u00a0\u00a0\u00a0\u00a0\u00a0\u00a0\u00a0\u00a0\u00a0\u00a0\u00a0\u00a0\u00a0\u00a0\u00a0\u00a0\u00a0\u00a0\u00a0\u00a0\u00a0\u00a0\u00a0\u00a0\u00a0\u00a0\u00a0\u00a0\u00a0\u00a0\u00a0\u00a0\u00a0\u00a0\u00a0\u00a0\u00a0\u00a0\u00a0\u00a0\u00a0\u00a0\u00a0\u00a0\u00a0\u00a0\u00a0\u00a0\u00a0\u00a0\u00a0\u00a0\u00a0\u00a0\u00a0\u00a0\u00a0\u00a0\u00a0\u00a0\u00a0\u00a0\u00a0\u00a0\u00a0\u00a0\u00a0\u00a0\u00a0\u00a0\u00a0 <\/span>Cependant, nous dit Clastres, <b>si l&rsquo;ethnocentrisme est pr\u00e9sent dans toutes les cultures, seule l&rsquo;occidentale a \u00e9t\u00e9 ethnocidaire : pourquoi ?<\/b> C&rsquo;est ici qu&rsquo;il faut se tourner vers l&rsquo;Histoire : parce que la civilisation occidentale <i>\u00ab\u00a0est ethnocidaire \u00e0 l&rsquo;int\u00e9rieur d&rsquo;elle-m\u00eame qu&rsquo;elle peut l&rsquo;\u00eatre ensuite \u00e0 l&rsquo;ext\u00e9rieur\u00a0\u00bb<\/i> (ibid, page 52). Et Clastres conclut : <i>\u00ab\u00a0On ne peut pas penser la vocation ethnocidaire de la soci\u00e9t\u00e9 occidentale sans l&rsquo;articuler \u2026 \u00e0 ce crit\u00e8re classique de distinction entre les Sauvages et les Civilis\u00e9s, entre le monde primitif et le monde occidental : le premier regroupe l&rsquo;ensemble des soci\u00e9t\u00e9s sans Etat, <b>le second se compose de soci\u00e9t\u00e9s \u00e0 Etat\u00a0<\/b>\u00bb <\/i>(ibid, p. 52).<\/span><\/p>\n<p class=\"MsoNormal\" style=\"text-align: justify; text-indent: -221.25pt;\"><span style=\"font-size: 14.0pt; font-family: 'Arial Narrow','sans-serif';\"><span style=\"mso-tab-count: 2;\">\u00a0\u00a0\u00a0\u00a0\u00a0\u00a0\u00a0\u00a0\u00a0\u00a0\u00a0\u00a0\u00a0\u00a0\u00a0\u00a0\u00a0\u00a0\u00a0\u00a0\u00a0\u00a0\u00a0\u00a0\u00a0\u00a0\u00a0\u00a0\u00a0\u00a0\u00a0\u00a0\u00a0\u00a0\u00a0\u00a0\u00a0\u00a0\u00a0\u00a0\u00a0\u00a0\u00a0\u00a0\u00a0\u00a0\u00a0\u00a0\u00a0\u00a0\u00a0\u00a0\u00a0\u00a0\u00a0\u00a0\u00a0\u00a0\u00a0\u00a0\u00a0\u00a0\u00a0\u00a0\u00a0\u00a0\u00a0\u00a0\u00a0\u00a0\u00a0\u00a0\u00a0\u00a0\u00a0\u00a0\u00a0\u00a0\u00a0\u00a0\u00a0\u00a0\u00a0\u00a0\u00a0 <\/span>Clastres ajoute : \u00ab\u00a0<i>si l&rsquo;Etat se proclame le centre de la soci\u00e9t\u00e9, le tout du corps social, [il ne peut avoir qu&rsquo;une vocation :] le refus du multiple, \u2026 l&rsquo;horreur de la diff\u00e9rence \u2026 La pratique ethnocidaire et la machine \u00e9tatique fonctionnent de la m\u00eame fa\u00e7on et produisent les m\u00eames effets \u2026 volont\u00e9 de r\u00e9duction de la diff\u00e9rence et de l&rsquo;alt\u00e9rit\u00e9 \u2026 A chaque d\u00e9veloppement du pouvoir central correspond un d\u00e9veloppement accru du monde culturel \u2026 . L&rsquo;expansion de l&rsquo;autorit\u00e9 de l&rsquo;Etat se traduit dans l&rsquo;expansionnisme de la langue de l&rsquo;Etat.<\/i>(p.53). <b>\u00ab\u00a0<i>La machine \u00e9tatique proc\u00e8de par uniformisation du rapport qui la lie aux individus : l&rsquo;Etat ne conna\u00eet que des citoyens \u00e9gaux devant la loi\u00a0\u00bb<\/i><\/b>(p. 54). Donc acquis \u00e0 la culture dominante !<\/span><\/p>\n<p class=\"MsoNormal\" style=\"text-align: justify; text-indent: -221.25pt;\"><span style=\"font-size: 14.0pt; font-family: 'Arial Narrow','sans-serif';\"><span style=\"mso-tab-count: 2;\">\u00a0\u00a0\u00a0\u00a0\u00a0\u00a0\u00a0\u00a0\u00a0\u00a0\u00a0\u00a0\u00a0\u00a0\u00a0\u00a0\u00a0\u00a0\u00a0\u00a0\u00a0\u00a0\u00a0\u00a0\u00a0\u00a0\u00a0\u00a0\u00a0\u00a0\u00a0\u00a0\u00a0\u00a0\u00a0\u00a0\u00a0\u00a0\u00a0\u00a0\u00a0\u00a0\u00a0\u00a0\u00a0\u00a0\u00a0\u00a0\u00a0\u00a0\u00a0\u00a0\u00a0\u00a0\u00a0\u00a0\u00a0\u00a0\u00a0\u00a0\u00a0\u00a0\u00a0\u00a0\u00a0\u00a0\u00a0\u00a0\u00a0\u00a0\u00a0\u00a0\u00a0\u00a0\u00a0\u00a0\u00a0\u00a0\u00a0\u00a0\u00a0\u00a0\u00a0\u00a0\u00a0 <\/span>Pourtant l&rsquo;ethnologue doit tenir compte d&rsquo;un cas particulier, celui des pratiques ethnocidaires de l&rsquo;Etat des Incas. Pour en arriver \u00e0 la constatation que \u00ab<i>\u00a0toute organisation \u00e9tatique est ethnocidaire \u2026 pas seulement [le fait] d&rsquo;un vague &lsquo;monde blanc&rsquo;, mais d&rsquo;une ensemble de soci\u00e9t\u00e9s \u00e0 Etat\u00a0\u00bb <\/i>(p.55). Sauf que chez les Incas \u00ab<i>\u00a0la pratique ethnocidaire cesse d\u00e8s que l&rsquo;Etat ne court plus aucun risque\u00a0\u00bb <\/i>Tandis que ce qui <i>\u00ab\u00a0rend la civilisation occidentale<span style=\"mso-spacerun: yes;\">\u00a0 <\/span>infiniment plus ethnocidaire, c&rsquo;est son r\u00e9gime de production \u00e9conomique, \u2026 espace infini de fuite en avant permanente. Ce qui diff\u00e9rencie l&rsquo;Occident, c&rsquo;est le capitalisme, en tant qu&rsquo;impossibilit\u00e9 de demeurer dans l&rsquo;en-de\u00e7a d&rsquo;une fronti\u00e8re. \u2026 la plus formidable machine \u00e0 produire est pour cela m\u00eame la plus formidable machine \u00e0 d\u00e9truire. Races, soci\u00e9t\u00e9s, individus; espace, nature,mers, for\u00eats, sous-sols, Tout doit \u00eatre productif \u2026 \u00e0 son maximum d&rsquo;intensit\u00e9\u00a0\u00bb <\/i>[Texte <b>\u00e9crit en 1974 !<\/b>]. <b>Le capitalisme a donc \u00e9rig\u00e9 l&rsquo;ethnocide et parfois le g\u00e9nocide en n\u00e9c\u00e9ssit\u00e9 et en syst\u00e8me.<\/b><\/span><\/p>\n<p class=\"MsoNormal\" style=\"text-align: justify; text-indent: -221.25pt;\"><i><span style=\"font-size: 14.0pt; font-family: 'Arial Narrow','sans-serif';\"><span style=\"mso-tab-count: 2;\">\u00a0\u00a0\u00a0\u00a0\u00a0\u00a0\u00a0\u00a0\u00a0\u00a0\u00a0\u00a0\u00a0\u00a0\u00a0\u00a0\u00a0\u00a0\u00a0\u00a0\u00a0\u00a0\u00a0\u00a0\u00a0\u00a0\u00a0\u00a0\u00a0\u00a0\u00a0\u00a0\u00a0\u00a0\u00a0\u00a0\u00a0\u00a0\u00a0\u00a0\u00a0\u00a0\u00a0\u00a0\u00a0\u00a0\u00a0\u00a0\u00a0\u00a0\u00a0\u00a0\u00a0\u00a0\u00a0\u00a0\u00a0\u00a0\u00a0\u00a0\u00a0\u00a0\u00a0\u00a0\u00a0\u00a0\u00a0\u00a0\u00a0\u00a0\u00a0\u00a0\u00a0\u00a0\u00a0\u00a0\u00a0\u00a0\u00a0\u00a0\u00a0\u00a0\u00a0\u00a0\u00a0 <\/span><\/span><\/i><span style=\"font-size: 14.0pt; font-family: 'Arial Narrow','sans-serif';\"><span style=\"mso-spacerun: yes;\">\u00a0<\/span><\/span><\/p>\n<p class=\"MsoNormal\" style=\"text-align: justify; text-indent: -221.25pt;\"><span style=\"font-size: 14.0pt; font-family: 'Arial Narrow','sans-serif';\"><span style=\"mso-tab-count: 2;\">\u00a0\u00a0\u00a0\u00a0\u00a0\u00a0\u00a0\u00a0\u00a0\u00a0\u00a0\u00a0\u00a0\u00a0\u00a0\u00a0\u00a0\u00a0\u00a0\u00a0\u00a0\u00a0\u00a0\u00a0\u00a0\u00a0\u00a0\u00a0\u00a0\u00a0\u00a0\u00a0\u00a0\u00a0\u00a0\u00a0\u00a0\u00a0\u00a0\u00a0\u00a0\u00a0\u00a0\u00a0\u00a0\u00a0\u00a0\u00a0\u00a0\u00a0\u00a0\u00a0\u00a0\u00a0\u00a0\u00a0\u00a0\u00a0\u00a0\u00a0\u00a0\u00a0\u00a0\u00a0\u00a0\u00a0\u00a0\u00a0\u00a0\u00a0\u00a0\u00a0\u00a0\u00a0\u00a0\u00a0\u00a0\u00a0\u00a0\u00a0\u00a0\u00a0\u00a0\u00a0\u00a0 <\/span>Enfin, pour compl\u00e9ter le tableau d&rsquo;une conception autogestionnaire de l&rsquo;Etat, d&rsquo;une autre philosophie de l&rsquo;Etat, il faut bien aborder le statut de l&rsquo;\u00e9lu, bref du dirigeant. L\u00e0 aussi en nous inspirant de Clastres, on peut dire que \u00ab<i>\u00a0tout pouvoir doit \u00eatre consid\u00e9r\u00e9 comme s&rsquo;opposant \u00e0 la culture, parce qu&rsquo;il instaure <b>une autorit\u00e9 ext\u00e9rieure \u00e0 la soci\u00e9t\u00e9 et cr\u00e9atrice de sa propre l\u00e9galit\u00e9.<\/b> L&rsquo;activit\u00e9 unificatrice de la fonction politique [s&rsquo;exerce en quelque sorte] non \u00e0 partir de la structure de la soci\u00e9t\u00e9 et conform\u00e9ment \u00e0 elle, mais \u00e0 partir d&rsquo;un au-del\u00e0 incontr\u00f4lable et contre elle\u00a0\u00bb. <\/i>Et Clastres ajoute (en extrapolant ce qu&rsquo;il a observ\u00e9 dans les soci\u00e9t\u00e9s am\u00e9rindiennes) : <i>\u00ab\u00a0Les soci\u00e9t\u00e9s indiennes ont su inventer un moyen de neutraliser la virulence de l&rsquo;autorit\u00e9 politique \u2026 La pr\u00e9sentation m\u00eame du pouvoir s&rsquo;offre \u00e0 ces soci\u00e9t\u00e9s comme le moyen m\u00eame de l&rsquo;annuler \u2026 <b>Le chef ne traduit pas autre chose que sa d\u00e9pendance par rapport au groupe <\/b>et l&rsquo;obligation dans laquelle il se trouve de manifester \u00e0 chaque instant l&rsquo;innocence de sa fonction \u2026 C&rsquo;est seulement moyennant cette d\u00e9pendance r\u00e9elle que le chef peut maintenir son statut.<\/i> <i>Cela appara\u00eet tr\u00e8s nettement dans la relation du pouvoir et de la parole : \u2026 il est si peu n\u00e9cessaire au discours du chef d&rsquo;\u00eatre \u00e9cout\u00e9 que les Indiens ne lui pr\u00eatent souvent aucune attention\u00a0\u00bb.<\/i><\/span><\/p>\n<p class=\"MsoNormal\" style=\"text-align: justify; text-indent: -221.25pt;\"><i><span style=\"font-size: 14.0pt; font-family: 'Arial Narrow','sans-serif';\"><span style=\"mso-tab-count: 2;\">\u00a0\u00a0\u00a0\u00a0\u00a0\u00a0\u00a0\u00a0\u00a0\u00a0\u00a0\u00a0\u00a0\u00a0\u00a0\u00a0\u00a0\u00a0\u00a0\u00a0\u00a0\u00a0\u00a0\u00a0\u00a0\u00a0\u00a0\u00a0\u00a0\u00a0\u00a0\u00a0\u00a0\u00a0\u00a0\u00a0\u00a0\u00a0\u00a0\u00a0\u00a0\u00a0\u00a0\u00a0\u00a0\u00a0\u00a0\u00a0\u00a0\u00a0\u00a0\u00a0\u00a0\u00a0\u00a0\u00a0\u00a0\u00a0\u00a0\u00a0\u00a0\u00a0\u00a0\u00a0\u00a0\u00a0\u00a0\u00a0\u00a0\u00a0\u00a0\u00a0\u00a0\u00a0\u00a0\u00a0\u00a0\u00a0\u00a0\u00a0\u00a0\u00a0\u00a0\u00a0\u00a0 <\/span><\/span><\/i><span style=\"font-size: 14.0pt; font-family: 'Arial Narrow','sans-serif';\">Belle le\u00e7on de philosophie politique ! <b>Tous les attributs du pouvoir doivent donc \u00eatre retourn\u00e9s en instruments de d\u00e9pendance des dirigeants par rapport au groupe<\/b>, \u00e0 la soci\u00e9t\u00e9. Ce que nous, en d\u00e9mocratie repr\u00e9sentative, faisons aussi mais une fois tous les cinq ans \u2026 pour quelques heures de d\u00e9mocratie d\u00e9l\u00e9gataire et largement fantasm\u00e9e. Nos \u00e9lus en r\u00e9gime d&rsquo;autogestion seront choisis pour leur <b>capacit\u00e9 d&rsquo;\u00e9coute et de synth\u00e8se<\/b>. Lorsque cette capacit\u00e9 s&rsquo;av\u00e8rera d\u00e9faillante, on \u00e9lira un meilleur \u00e9couteur de ses mandants sans attendre cinq ans ! <\/span><\/p>\n<p class=\"MsoNormal\" style=\"text-align: justify; text-indent: -221.25pt;\"><span style=\"font-size: 14.0pt; font-family: 'Arial Narrow','sans-serif';\">\u00a0<\/span><\/p>\n<p class=\"MsoNormal\" style=\"text-align: justify; text-indent: -221.25pt;\"><b><span style=\"font-size: 14.0pt; font-family: 'Arial Narrow','sans-serif';\"><span style=\"mso-tab-count: 1;\">\u00a0\u00a0\u00a0\u00a0\u00a0\u00a0\u00a0\u00a0\u00a0\u00a0\u00a0\u00a0\u00a0\u00a0\u00a0\u00a0\u00a0\u00a0\u00a0\u00a0\u00a0\u00a0\u00a0\u00a0\u00a0\u00a0\u00a0\u00a0\u00a0\u00a0\u00a0\u00a0\u00a0\u00a0\u00a0\u00a0\u00a0\u00a0\u00a0\u00a0\u00a0\u00a0\u00a0\u00a0\u00a0\u00a0\u00a0\u00a0\u00a0\u00a0\u00a0\u00a0\u00a0\u00a0\u00a0\u00a0\u00a0\u00a0\u00a0\u00a0\u00a0\u00a0\u00a0\u00a0\u00a0\u00a0\u00a0\u00a0\u00a0\u00a0\u00a0\u00a0\u00a0 <\/span>3. La question d\u00e9mocratique (du mod\u00e8le bolch\u00e9vick au projet autogestionnaire) :<\/span><\/b><\/p>\n<p class=\"MsoNormal\" style=\"text-align: justify; text-indent: -221.25pt;\"><span style=\"font-size: 14.0pt; font-family: 'Arial Narrow','sans-serif';\"><span style=\"mso-tab-count: 1;\">\u00a0\u00a0\u00a0\u00a0\u00a0\u00a0\u00a0\u00a0\u00a0\u00a0\u00a0\u00a0\u00a0\u00a0\u00a0\u00a0\u00a0\u00a0\u00a0\u00a0\u00a0\u00a0\u00a0\u00a0\u00a0\u00a0\u00a0\u00a0\u00a0\u00a0\u00a0\u00a0\u00a0\u00a0\u00a0\u00a0\u00a0\u00a0\u00a0\u00a0\u00a0\u00a0\u00a0\u00a0\u00a0\u00a0\u00a0\u00a0\u00a0\u00a0\u00a0\u00a0\u00a0\u00a0\u00a0\u00a0\u00a0\u00a0\u00a0\u00a0\u00a0\u00a0\u00a0\u00a0\u00a0\u00a0\u00a0\u00a0\u00a0\u00a0\u00a0\u00a0\u00a0 <\/span><span style=\"mso-spacerun: yes;\">\u00a0\u00a0\u00a0\u00a0\u00a0\u00a0\u00a0\u00a0 <\/span>La question de la d\u00e9mocratie n&rsquo;a pas \u00e9t\u00e9 \u00e9puis\u00e9e par l&rsquo;analyse marxiste traditionnelle qui s&rsquo;est concentr\u00e9e sur la critique de la d\u00e9mocratie bourgeoise : la critique \u00e9tait fond\u00e9e, car la d\u00e9mocratie capitaliste a \u00e9t\u00e9 et reste un trompe-l&rsquo;oeil. Mais elle allait trop vite en besogne en jetant l&rsquo;enfant avec l&rsquo;eau sale du bain. Compte tenu de l&rsquo;impossibilit\u00e9 d&rsquo;improviser un changement r\u00e9volutionnaire du jour au lendemain, les principes d\u00e9mocratiques auraient pu et d\u00fb \u00eatre d\u00e9velopp\u00e9s et exploit\u00e9s par les r\u00e9volutionnaires pour modifier les rapports de forces (ce qui d&rsquo;ailleurs a \u00e9t\u00e9 en partie le cas avec les nouveaux droits des travailleurs, des femmes, de la s\u00e9curit\u00e9 sociale, etc), mais <b>ne s&rsquo;est jamais traduit en th\u00e9orie<\/b>. <\/span><\/p>\n<p class=\"MsoNormal\" style=\"text-align: justify; text-indent: -221.25pt;\"><span style=\"font-size: 14.0pt; font-family: 'Arial Narrow','sans-serif';\"><span style=\"mso-tab-count: 1;\">\u00a0\u00a0\u00a0\u00a0\u00a0\u00a0\u00a0\u00a0\u00a0\u00a0\u00a0\u00a0\u00a0\u00a0\u00a0\u00a0\u00a0\u00a0\u00a0\u00a0\u00a0\u00a0\u00a0\u00a0\u00a0\u00a0\u00a0\u00a0\u00a0\u00a0\u00a0\u00a0\u00a0\u00a0\u00a0\u00a0\u00a0\u00a0\u00a0\u00a0\u00a0\u00a0\u00a0\u00a0\u00a0\u00a0\u00a0\u00a0\u00a0\u00a0\u00a0\u00a0\u00a0\u00a0\u00a0\u00a0\u00a0\u00a0\u00a0\u00a0\u00a0\u00a0\u00a0\u00a0\u00a0\u00a0\u00a0\u00a0\u00a0\u00a0\u00a0\u00a0\u00a0 <\/span><span style=\"mso-spacerun: yes;\">\u00a0\u00a0\u00a0\u00a0\u00a0\u00a0\u00a0 <\/span>D&rsquo;o\u00f9 l&rsquo;\u00e9ternel refrain qu&rsquo;on oppose aux autogestionnaires : \u00ab\u00a0Vous mettez la charrue avant les boeufs\u00a0\u00bb, ce qui revient \u00e0 dire que l&rsquo;autogestion ne peut surgir qu&rsquo;apr\u00e8s la r\u00e9volution (et ils s&rsquo;appuient d&rsquo;ailleurs sur les pr\u00e9c\u00e9dents historiques de la Commune de Paris, des exemples yougoslave et alg\u00e9rien). Ce faisant, ils renvoient l&rsquo;\u00e9ducation des classes travailleuses \u00e0 plus tard, ils <b>renvoient la pr\u00e9paration m\u00eame du processus r\u00e9volutionnaire \u00e0 plus tard<\/b>. Or, les moyens m\u00eames de la transformation sociale pr\u00e9figurent la soci\u00e9t\u00e9 qu&rsquo;on cherche \u00e0 instaurer. <b>Les moyens pr\u00e9figurent toujours la fin<\/b>. C&rsquo;est dans les pratiques d&rsquo;aujourd&rsquo;hui qu&rsquo;on esquisse les institutions et les comportements de demain, certes imparfaitement, mais c&rsquo;est un processus auto-\u00e9ducatif collectif. <\/span><\/p>\n<p class=\"MsoNormal\" style=\"text-align: justify; text-indent: -221.25pt;\"><span style=\"font-size: 14.0pt; font-family: 'Arial Narrow','sans-serif';\"><span style=\"mso-tab-count: 2;\">\u00a0\u00a0\u00a0\u00a0\u00a0\u00a0\u00a0\u00a0\u00a0\u00a0\u00a0\u00a0\u00a0\u00a0\u00a0\u00a0\u00a0\u00a0\u00a0\u00a0\u00a0\u00a0\u00a0\u00a0\u00a0\u00a0\u00a0\u00a0\u00a0\u00a0\u00a0\u00a0\u00a0\u00a0\u00a0\u00a0\u00a0\u00a0\u00a0\u00a0\u00a0\u00a0\u00a0\u00a0\u00a0\u00a0\u00a0\u00a0\u00a0\u00a0\u00a0\u00a0\u00a0\u00a0\u00a0\u00a0\u00a0\u00a0\u00a0\u00a0\u00a0\u00a0\u00a0\u00a0\u00a0\u00a0\u00a0\u00a0\u00a0\u00a0\u00a0\u00a0\u00a0\u00a0\u00a0\u00a0\u00a0\u00a0\u00a0\u00a0\u00a0\u00a0\u00a0\u00a0\u00a0 <\/span>On peut \u00e9galement remarquer combien les impasses et les d\u00e9rives autoritaires ou bureaucratiques des r\u00e9volutions pass\u00e9es ont \u00e9t\u00e9 largement le r\u00e9sultat d&rsquo;un <b>\u00e9tat d&rsquo;arri\u00e9ration socio\u00e9conomique et \u00e9ducatif des soci\u00e9t\u00e9s.<\/b> Rappelons encore que les dirigeants bolchevicks ne croyaient pas possible de d\u00e9velopper une soci\u00e9t\u00e9 socialiste dans un seul pays et \u00e0 quel point L\u00e9nine et Trotski attendaient impatiemment l&rsquo;appui de la r\u00e9volution allemande notamment. Ils \u00e9taient conscients que <b>la transformation sociale exige un niveau de d\u00e9veloppement culturel et \u00e9conomique. <\/b>Or ce niveau est largement atteint aujourd&rsquo;hui dans les pays du Nord.<\/span><\/p>\n<p class=\"MsoNormal\" style=\"text-align: justify; text-indent: -221.25pt;\"><span style=\"font-size: 14.0pt; font-family: 'Arial Narrow','sans-serif';\"><span style=\"mso-tab-count: 2;\">\u00a0\u00a0\u00a0\u00a0\u00a0\u00a0\u00a0\u00a0\u00a0\u00a0\u00a0\u00a0\u00a0\u00a0\u00a0\u00a0\u00a0\u00a0\u00a0\u00a0\u00a0\u00a0\u00a0\u00a0\u00a0\u00a0\u00a0\u00a0\u00a0\u00a0\u00a0\u00a0\u00a0\u00a0\u00a0\u00a0\u00a0\u00a0\u00a0\u00a0\u00a0\u00a0\u00a0\u00a0\u00a0\u00a0\u00a0\u00a0\u00a0\u00a0\u00a0\u00a0\u00a0\u00a0\u00a0\u00a0\u00a0\u00a0\u00a0\u00a0\u00a0\u00a0\u00a0\u00a0\u00a0\u00a0\u00a0\u00a0\u00a0\u00a0\u00a0\u00a0\u00a0\u00a0\u00a0\u00a0\u00a0\u00a0\u00a0\u00a0\u00a0\u00a0\u00a0\u00a0\u00a0 <\/span>Le mod\u00e8le bolchevick \u2013 fond\u00e9 sur la discipline, un certain centralisme et la d\u00e9l\u00e9gation de pouvoirs aux Soviets \u2013 \u00e9tait une r\u00e9ponse pratique et institutionnelle \u00e0 cet arri\u00e9ration de la Russie tsariste. Mais ce qui aurait d\u00fb \u00eatre provisoire devint d\u00e9finitif avec la bureaucratisation in\u00e9vitable de ce pays sous-d\u00e9velopp\u00e9. Staline fut en quelque sorte un produit indirect du sous-d\u00e9veloppement de la Russie r\u00e9volutionnaire.<\/span><\/p>\n<p class=\"MsoNormal\" style=\"text-align: justify; text-indent: -221.25pt;\"><span style=\"font-size: 14.0pt; font-family: 'Arial Narrow','sans-serif';\"><span style=\"mso-tab-count: 2;\">\u00a0\u00a0\u00a0\u00a0\u00a0\u00a0\u00a0\u00a0\u00a0\u00a0\u00a0\u00a0\u00a0\u00a0\u00a0\u00a0\u00a0\u00a0\u00a0\u00a0\u00a0\u00a0\u00a0\u00a0\u00a0\u00a0\u00a0\u00a0\u00a0\u00a0\u00a0\u00a0\u00a0\u00a0\u00a0\u00a0\u00a0\u00a0\u00a0\u00a0\u00a0\u00a0\u00a0\u00a0\u00a0\u00a0\u00a0\u00a0\u00a0\u00a0\u00a0\u00a0\u00a0\u00a0\u00a0\u00a0\u00a0\u00a0\u00a0\u00a0\u00a0\u00a0\u00a0\u00a0\u00a0\u00a0\u00a0\u00a0\u00a0\u00a0\u00a0\u00a0\u00a0\u00a0\u00a0\u00a0\u00a0\u00a0\u00a0\u00a0\u00a0\u00a0\u00a0\u00a0\u00a0 <\/span>Le syst\u00e8me des Conseils, les Soviets, aurait-il pu \u00e9voluer en autogestion ? Au d\u00e9part, en f\u00e9vrier et en octobre 1917, c&rsquo;est d&rsquo;un processus autogestionnaire que naquirent les Soviets (d\u00e9j\u00e0 exp\u00e9riment\u00e9s bri\u00e8vement en 1905). Cette \u00e9volution e\u00fbt \u00e9t\u00e9 possible, mais elle ne <b>correspondait ni \u00e0 l&rsquo;\u00e9tat du pays, ni \u00e0 la conception dominante chez les bolchevicks.<\/b> Tr\u00e8s vite la d\u00e9l\u00e9gation de pouvoirs aux Soviets a tourn\u00e9 en contr\u00f4le du pouvoir par le parti,<span style=\"mso-spacerun: yes;\">\u00a0 <\/span>vite devenu parti unique. Puis la suppression du droit de tendances et le contr\u00f4le des syndcats ont fait le reste. <\/span><\/p>\n<p class=\"MsoNormal\" style=\"text-align: justify; text-indent: -221.25pt;\"><span style=\"font-size: 14.0pt; font-family: 'Arial Narrow','sans-serif';\"><span style=\"mso-tab-count: 2;\">\u00a0\u00a0\u00a0\u00a0\u00a0\u00a0\u00a0\u00a0\u00a0\u00a0\u00a0\u00a0\u00a0\u00a0\u00a0\u00a0\u00a0\u00a0\u00a0\u00a0\u00a0\u00a0\u00a0\u00a0\u00a0\u00a0\u00a0\u00a0\u00a0\u00a0\u00a0\u00a0\u00a0\u00a0\u00a0\u00a0\u00a0\u00a0\u00a0\u00a0\u00a0\u00a0\u00a0\u00a0\u00a0\u00a0\u00a0\u00a0\u00a0\u00a0\u00a0\u00a0\u00a0\u00a0\u00a0\u00a0\u00a0\u00a0\u00a0\u00a0\u00a0\u00a0\u00a0\u00a0\u00a0\u00a0\u00a0\u00a0\u00a0\u00a0\u00a0\u00a0\u00a0\u00a0\u00a0\u00a0\u00a0\u00a0\u00a0\u00a0\u00a0\u00a0\u00a0\u00a0\u00a0 <\/span>Pourtant un r\u00e9gime d&rsquo;introduction graduelle d&rsquo;autogestion aurait pu \u00eatre une vaste <b>entreprise d&rsquo;\u00e9ducation des masses et de parade aux d\u00e9rives bureaucratiques<\/b> ; pour cela il aurait fallu une r\u00e9flexion th\u00e9orique plus aboutie et c&rsquo;est probablement l&rsquo;\u00e9tat d&rsquo;ari\u00e9ration du pays qui a rendu cette r\u00e9flexion impensable et inactuelle. Ce n&rsquo;est plus le cas dans notre monde d&rsquo;aujourd&rsquo;hui, o\u00f9 <b>l&rsquo;exp\u00e9rience sociale et le niveau de formation<\/b> autorisent une refondation de la th\u00e9orie et de la pratique d\u00e9mocratiques.<\/span><\/p>\n<p class=\"MsoNormal\" style=\"text-align: justify; text-indent: -221.25pt;\"><span style=\"font-size: 14.0pt; font-family: 'Arial Narrow','sans-serif';\"><span style=\"mso-tab-count: 2;\">\u00a0\u00a0\u00a0\u00a0\u00a0\u00a0\u00a0\u00a0\u00a0\u00a0\u00a0\u00a0\u00a0\u00a0\u00a0\u00a0\u00a0\u00a0\u00a0\u00a0\u00a0\u00a0\u00a0\u00a0\u00a0\u00a0\u00a0\u00a0\u00a0\u00a0\u00a0\u00a0\u00a0\u00a0\u00a0\u00a0\u00a0\u00a0\u00a0\u00a0\u00a0\u00a0\u00a0\u00a0\u00a0\u00a0\u00a0\u00a0\u00a0\u00a0\u00a0\u00a0\u00a0\u00a0\u00a0\u00a0\u00a0\u00a0\u00a0\u00a0\u00a0\u00a0\u00a0\u00a0\u00a0\u00a0\u00a0\u00a0\u00a0\u00a0\u00a0\u00a0\u00a0\u00a0\u00a0\u00a0\u00a0\u00a0\u00a0\u00a0\u00a0\u00a0\u00a0\u00a0\u00a0 <\/span>Bref, <b>les Soviets \u00e9taient une matrice potentielle d&rsquo;autogestion socialiste<\/b>, mais dans un pays h\u00e9ritier du r\u00e9gime des Tsars, paralys\u00e9 par la guerre puis la guerre civile et l&rsquo;intervention \u00e9trang\u00e8re, les potentialit\u00e9s ont reflu\u00e9 et la pens\u00e9e politique avec elles.<\/span><\/p>\n<p class=\"MsoNormal\" style=\"text-align: justify; text-indent: -221.25pt;\"><span style=\"font-size: 14.0pt; font-family: 'Arial Narrow','sans-serif';\"><span style=\"mso-tab-count: 2;\">\u00a0\u00a0\u00a0\u00a0\u00a0\u00a0\u00a0\u00a0\u00a0\u00a0\u00a0\u00a0\u00a0\u00a0\u00a0\u00a0\u00a0\u00a0\u00a0\u00a0\u00a0\u00a0\u00a0\u00a0\u00a0\u00a0\u00a0\u00a0\u00a0\u00a0\u00a0\u00a0\u00a0\u00a0\u00a0\u00a0\u00a0\u00a0\u00a0\u00a0\u00a0\u00a0\u00a0\u00a0\u00a0\u00a0\u00a0\u00a0\u00a0\u00a0\u00a0\u00a0\u00a0\u00a0\u00a0\u00a0\u00a0\u00a0\u00a0\u00a0\u00a0\u00a0\u00a0\u00a0\u00a0\u00a0\u00a0\u00a0\u00a0\u00a0\u00a0\u00a0\u00a0\u00a0\u00a0\u00a0\u00a0\u00a0\u00a0\u00a0\u00a0\u00a0\u00a0\u00a0\u00a0 <\/span>Au niveau th\u00e9orique la premi\u00e8re r\u00e9surgence d&rsquo;une pens\u00e9e de type autogestionnaire ne sera esquiss\u00e9e qu&rsquo;en 1938 par Trotski dans le fameux &lsquo;Programme de Transition&rsquo; qui est en fait un programme de ruptures partielles avec la d\u00e9mocratie capitaliste et l&rsquo;amorce d&rsquo;une <b>strat\u00e9gie de modification graduelle des rapports de forces<\/b>. Sans attendre le &lsquo;Grand soir&rsquo;! Mais pr\u00e9parant le &lsquo;Grand soir&rsquo; ! La charrue \u00e9tait d\u00e9sormais repass\u00e9e derri\u00e8re les boeufs.<\/span><\/p>\n<p class=\"MsoNormal\" style=\"text-align: justify; text-indent: -221.25pt;\"><span style=\"font-size: 14.0pt; font-family: 'Arial Narrow','sans-serif';\"><span style=\"mso-tab-count: 2;\">\u00a0\u00a0\u00a0\u00a0\u00a0\u00a0\u00a0\u00a0\u00a0\u00a0\u00a0\u00a0\u00a0\u00a0\u00a0\u00a0\u00a0\u00a0\u00a0\u00a0\u00a0\u00a0\u00a0\u00a0\u00a0\u00a0\u00a0\u00a0\u00a0\u00a0\u00a0\u00a0\u00a0\u00a0\u00a0\u00a0\u00a0\u00a0\u00a0\u00a0\u00a0\u00a0\u00a0\u00a0\u00a0\u00a0\u00a0\u00a0\u00a0\u00a0\u00a0\u00a0\u00a0\u00a0\u00a0\u00a0\u00a0\u00a0\u00a0\u00a0\u00a0\u00a0\u00a0\u00a0\u00a0\u00a0\u00a0\u00a0\u00a0\u00a0\u00a0\u00a0\u00a0\u00a0\u00a0\u00a0\u00a0\u00a0\u00a0\u00a0\u00a0\u00a0\u00a0\u00a0\u00a0 <\/span>En ce 21e si\u00e8cle de capitalisme mondialis\u00e9 et d&rsquo;environnement gravement menac\u00e9, seule une d\u00e9mocratie autogestionnaire est susceptible de rassembler de larges couches dans un processus de transformation sociale radicale, de mettre toutes les comp\u00e9tences au service de ce mouvement, de ne l\u00e9ser aucun groupe, aucune minorit\u00e9, de red\u00e9finir la souverainet\u00e9 et la citoyennet\u00e9.<\/span><\/p>\n<p class=\"MsoNormal\" style=\"text-align: justify; text-indent: -221.25pt;\"><b><span style=\"font-size: 14.0pt; font-family: 'Arial Narrow','sans-serif';\"><span style=\"mso-tab-count: 1;\">\u00a0\u00a0\u00a0\u00a0\u00a0\u00a0\u00a0\u00a0\u00a0\u00a0\u00a0\u00a0\u00a0\u00a0\u00a0\u00a0\u00a0\u00a0\u00a0\u00a0\u00a0\u00a0\u00a0\u00a0\u00a0\u00a0\u00a0\u00a0\u00a0\u00a0\u00a0\u00a0\u00a0\u00a0\u00a0\u00a0\u00a0\u00a0\u00a0\u00a0\u00a0\u00a0\u00a0\u00a0\u00a0\u00a0\u00a0\u00a0\u00a0\u00a0\u00a0\u00a0\u00a0\u00a0\u00a0\u00a0\u00a0\u00a0\u00a0\u00a0\u00a0\u00a0\u00a0\u00a0\u00a0\u00a0\u00a0\u00a0\u00a0\u00a0\u00a0\u00a0\u00a0 <\/span>4. Rep\u00e8res anthropologiques (la pulsion humanisante et ses composantes) :<\/span><\/b><\/p>\n<p class=\"MsoNormal\" style=\"text-align: justify; text-indent: -221.25pt;\"><b><span style=\"font-size: 14.0pt; font-family: 'Arial Narrow','sans-serif';\"><span style=\"mso-tab-count: 1;\">\u00a0\u00a0\u00a0\u00a0\u00a0\u00a0\u00a0\u00a0\u00a0\u00a0\u00a0\u00a0\u00a0\u00a0\u00a0\u00a0\u00a0\u00a0\u00a0\u00a0\u00a0\u00a0\u00a0\u00a0\u00a0\u00a0\u00a0\u00a0\u00a0\u00a0\u00a0\u00a0\u00a0\u00a0\u00a0\u00a0\u00a0\u00a0\u00a0\u00a0\u00a0\u00a0\u00a0\u00a0\u00a0\u00a0\u00a0\u00a0\u00a0\u00a0\u00a0\u00a0\u00a0\u00a0\u00a0\u00a0\u00a0\u00a0\u00a0\u00a0\u00a0\u00a0\u00a0\u00a0\u00a0\u00a0\u00a0\u00a0\u00a0\u00a0\u00a0\u00a0\u00a0 <\/span><span style=\"mso-spacerun: yes;\">\u00a0\u00a0\u00a0\u00a0\u00a0\u00a0\u00a0\u00a0\u00a0\u00a0\u00a0 <\/span><\/span><\/b><span style=\"font-size: 14.0pt; font-family: 'Arial Narrow','sans-serif';\">Arriv\u00e9 \u00e0 ce point de l&rsquo;expos\u00e9, le moment est venu de souligner combien la d\u00e9mocratie n&rsquo;est pas seulement une invention de la Gr\u00e8ce antique ou des grandes r\u00e9volutions am\u00e9ricaine et fran\u00e7aise. Il faut aussi en rechercher les racines dans l&rsquo;\u00e9volution mill\u00e9naire d&rsquo;Homo Sapiens.<b> On ne peut comprendre la profondeur de la pulsion d\u00e9mocratique que comme composante du long cheminement de l&rsquo;hominisation.<\/b><\/span><\/p>\n<p class=\"MsoNormal\" style=\"text-align: justify; text-indent: -221.25pt;\"><b><span style=\"font-size: 14.0pt; font-family: 'Arial Narrow','sans-serif';\"><span style=\"mso-tab-count: 2;\">\u00a0\u00a0\u00a0\u00a0\u00a0\u00a0\u00a0\u00a0\u00a0\u00a0\u00a0\u00a0\u00a0\u00a0\u00a0\u00a0\u00a0\u00a0\u00a0\u00a0\u00a0\u00a0\u00a0\u00a0\u00a0\u00a0\u00a0\u00a0\u00a0\u00a0\u00a0\u00a0\u00a0\u00a0\u00a0\u00a0\u00a0\u00a0\u00a0\u00a0\u00a0\u00a0\u00a0\u00a0\u00a0\u00a0\u00a0\u00a0\u00a0\u00a0\u00a0\u00a0\u00a0\u00a0\u00a0\u00a0\u00a0\u00a0\u00a0\u00a0\u00a0\u00a0\u00a0\u00a0\u00a0\u00a0\u00a0\u00a0\u00a0\u00a0\u00a0\u00a0\u00a0\u00a0\u00a0\u00a0\u00a0\u00a0\u00a0\u00a0\u00a0\u00a0\u00a0\u00a0\u00a0 <\/span><\/span><\/b><span style=\"font-size: 14.0pt; font-family: 'Arial Narrow','sans-serif';\">Deux aspects dominent ce cheminement et ont \u00e9t\u00e9 sous-estim\u00e9s : la prolif\u00e9ration des types humains et l&rsquo;invention de la solidarit\u00e9 organis\u00e9e. La diversit\u00e9 croissante des humains devient tr\u00e8s vite une obligation \u2013 souvent contrari\u00e9e, mais in\u00e9vitable sur la longue dur\u00e9e \u2013 de respect de l&rsquo;Autre ou du moins de l&rsquo;acceptation des diff\u00e9rences. Quant \u00e0 la solidarit\u00e9 organis\u00e9e \u2013 qui n&rsquo;est pas r\u00e9ductible \u00e0 l&rsquo;instinct gr\u00e9gaire des mammif\u00e8res \u2013 elle surgit de la faiblesse physique des humains, faiblesse compens\u00e9e par son d\u00e9veloppement neuronal : la sup\u00e9riorit\u00e9 d&rsquo;Homo Sapiens ne tient pas aux seules avanc\u00e9es techniques, mais avant tout \u00e0 sa capacit\u00e9 d&rsquo;organisation solidaire. Reprenons ces deux facteurs de l&rsquo;hominisation.<\/span><\/p>\n<p class=\"MsoNormal\" style=\"text-align: justify; text-indent: -221.25pt;\"><span style=\"font-size: 14.0pt; font-family: 'Arial Narrow','sans-serif';\"><span style=\"mso-tab-count: 2;\">\u00a0\u00a0\u00a0\u00a0\u00a0\u00a0\u00a0\u00a0\u00a0\u00a0\u00a0\u00a0\u00a0\u00a0\u00a0\u00a0\u00a0\u00a0\u00a0\u00a0\u00a0\u00a0\u00a0\u00a0\u00a0\u00a0\u00a0\u00a0\u00a0\u00a0\u00a0\u00a0\u00a0\u00a0\u00a0\u00a0\u00a0\u00a0\u00a0\u00a0\u00a0\u00a0\u00a0\u00a0\u00a0\u00a0\u00a0\u00a0\u00a0\u00a0\u00a0\u00a0\u00a0\u00a0\u00a0\u00a0\u00a0\u00a0\u00a0\u00a0\u00a0\u00a0\u00a0\u00a0\u00a0\u00a0\u00a0\u00a0\u00a0\u00a0\u00a0\u00a0\u00a0\u00a0\u00a0\u00a0\u00a0\u00a0\u00a0\u00a0\u00a0\u00a0\u00a0\u00a0\u00a0 <\/span><\/span><span style=\"font-size: 14.0pt; mso-bidi-font-size: 11.0pt; font-family: 'Arial Narrow','sans-serif'; mso-fareast-font-family: 'Times New Roman';\">La biodiversit\u00e9 \u2013 qui \u00e0 partir d&rsquo;une certaine \u00e8re se saisit d\u2019abord <\/span><span style=\"font-size: 14.0pt; font-family: 'Arial Narrow','sans-serif'; mso-fareast-font-family: 'Times New Roman';\">d\u2019Habilis et d&rsquo;Erectus, puis de Sapiens, et les modifie de mille fa\u00e7ons \u2013 se prolonge naturellement et in\u00e9vitablement par une <b>glossodiversit\u00e9 prolif\u00e9rante : <\/b>profils humains uniques et innombrables, modes de vie, coutumes et civilisations, lesquels s&rsquo;expriment toujours dans des langues et des mythes \u00e9poustouflants de cr\u00e9ativit\u00e9 et d&rsquo;imagination. Il appara\u00eet aujourd&rsquo;hui \u00e9vident que, la biodiversit\u00e9 ayant prolif\u00e9r\u00e9 dans toutes les directions du vivant, elle n&rsquo;allait pas s&rsquo;arr\u00eater au moment o\u00f9 Homo y ajoutait mille nouvelles dimensions de savoirs et d&rsquo;adaptations.<\/span><\/p>\n<p class=\"MsoNormal\" style=\"text-align: justify; text-autospace: ideograph-numeric;\"><span style=\"font-size: 14.0pt; font-family: 'Arial Narrow','sans-serif'; mso-fareast-font-family: 'Times New Roman';\"><span style=\"mso-tab-count: 1;\">\u00a0\u00a0\u00a0\u00a0\u00a0\u00a0\u00a0\u00a0\u00a0\u00a0\u00a0 <\/span>Il existe un lien organique \u2013 qui semble avoir \u00e9t\u00e9 insuffisamment per\u00e7u ou soulign\u00e9 \u2013 entre d&rsquo;une part le foisonnement des profils, des ethnies, des langues et des cultures et, d&rsquo;autre part, tout ce que les neurobiologistes nous r\u00e9v\u00e8lent sur nos capacit\u00e9s d&rsquo;autostimulation, de renouvellement et d&rsquo;autonomie. <b>Notre diversit\u00e9 est bien le fruit de notre cr\u00e9ativit\u00e9 neuronale, comme toujours sous pression de notre environnement.<\/b> Ainsi qu&rsquo;\u00e0 la faveur de m\u00e9tissages de plus en plus nombreux \u00e0 travers les \u00e2ges.<\/span><\/p>\n<p class=\"MsoNormal\" style=\"text-align: justify; text-autospace: ideograph-numeric;\"><span style=\"font-size: 14.0pt; font-family: 'Arial Narrow','sans-serif'; mso-fareast-font-family: 'Times New Roman';\"><span style=\"mso-tab-count: 1;\">\u00a0\u00a0\u00a0\u00a0\u00a0\u00a0\u00a0\u00a0\u00a0\u00a0\u00a0 <\/span>Comment ce foisonnement et cette profusion auraient-ils pu se d\u00e9velopper sans ces <b>r\u00e9serves d&rsquo;inventivit\u00e9 <\/b>au plus profond de nos sillons de mati\u00e8re grise ? Et comment, chemin faisant \u2013 en un million d&rsquo;ann\u00e9es ou plus \u2013 cette diversification et cette complexification auraient-elles pu ne pas s&rsquo;incruster profond\u00e9ment dans nos structures c\u00e9r\u00e9brales qui ont ouvert \u00e0 chaque \u00e9tape les voies du d\u00e9passement et de la survie ? On pressentait au moins depuis Darwin ces \u00e9volutions et ces interactions ? Certes ! Mais en a-t-on tir\u00e9 toutes les implications ?<\/span><\/p>\n<p class=\"MsoNormal\" style=\"text-align: justify; text-autospace: ideograph-numeric;\"><span style=\"font-size: 14.0pt; font-family: 'Arial Narrow','sans-serif'; mso-fareast-font-family: 'Times New Roman';\"><span style=\"mso-tab-count: 1;\">\u00a0\u00a0\u00a0\u00a0\u00a0\u00a0\u00a0\u00a0\u00a0\u00a0\u00a0 <\/span>Notre immaturit\u00e9 \u00e0 la naissance, unique dans le r\u00e8gne du vivant,<span style=\"mso-spacerun: yes;\">\u00a0 <\/span>nous a ouvert le plus vaste <b>champ de potentialit\u00e9s <\/b>d\u2019acquisitions, d\u2019apprentissages et d\u2019inventions, que seule la combinaison unique d\u2019un cerveau inachev\u00e9 \u2013 mais bien dot\u00e9 \u2013 avec une tr\u00e8s longue \u00e9pigen\u00e8se aura fait surgir au b\u00e9n\u00e9fice de l&rsquo;hominisation. Parce que la vuln\u00e9rabilit\u00e9 du nouveau-n\u00e9 humain est compens\u00e9e par une tr\u00e8s longue prise en charge par une m\u00e8re ou un clan qui lui assurent la survie et surtout la transmission des savoirs indispensables \u00e0 son autonomie. <b>Notre \u00e9ducabilit\u00e9, unique par sa dur\u00e9e et exclusive dans le monde vivant, est le b\u00e9n\u00e9fice induit de notre naissance en tant qu&rsquo;\u00eatres immatures.<\/b><\/span><\/p>\n<p class=\"MsoNormal\" style=\"text-align: justify; text-autospace: ideograph-numeric;\"><span style=\"font-size: 14.0pt; font-family: 'Arial Narrow','sans-serif'; mso-fareast-font-family: 'Times New Roman';\"><span style=\"mso-tab-count: 1;\">\u00a0\u00a0\u00a0\u00a0\u00a0\u00a0\u00a0\u00a0\u00a0\u00a0\u00a0 <\/span>Le langage, mais aussi les nouveaux outils, les mythes, les musiques, les techniques et les religions ne sont pas le premier grand saut qualitatif, ils sont la cons\u00e9quence et les retomb\u00e9es de cette \u00e9ducabilit\u00e9 in\u00e9dite d&rsquo;un b\u00e9b\u00e9 immature. Si Homo n&rsquo;a jamais cess\u00e9 de na\u00eetre au fil de ses inventions, c&rsquo;est bien \u00e0 partir de cette immaturit\u00e9 initiale qu&rsquo;il va conna\u00eetre sa v\u00e9ritable acc\u00e9l\u00e9ration en Sapiens Sapiens. Ce toujours dans une grande diversit\u00e9 humaine.<\/span><\/p>\n<p class=\"MsoNormal\" style=\"text-align: justify; text-autospace: ideograph-numeric;\"><span style=\"font-size: 14.0pt; font-family: 'Arial Narrow','sans-serif'; mso-fareast-font-family: 'Times New Roman';\"><span style=\"mso-tab-count: 1;\">\u00a0\u00a0\u00a0\u00a0\u00a0\u00a0\u00a0\u00a0\u00a0\u00a0\u00a0 <\/span><b>L&rsquo;hominisation fut donc ins\u00e9parable de la diversification. <\/b>Or la glossodiversit\u00e9, celle des langues et des cultures, est \u00e0 la fois source et condition de notre diversit\u00e9 intellectuelle et donc de toute libert\u00e9 de pens\u00e9e. Elle est m\u00eame partie int\u00e9grante de notre cr\u00e9ativit\u00e9 et de nos capacit\u00e9s d&rsquo;adaptation futures. Le saut qualitatif vers une civilisation alternative n&rsquo;est pas \u00e0 rechercher du c\u00f4t\u00e9 d&rsquo;un nivellement culturel et d&rsquo;une uniformisation linguistique (dont r\u00e8vent certains), mais de nos enrichissements mutuels et du respect de l&rsquo;Autre. <b>Le respect de cette diversit\u00e9 acquise et enrichie au cours des \u00e2ges est une composante de notre humanisation encore fragile.<\/b><\/span><\/p>\n<p class=\"MsoNormal\" style=\"text-align: justify; text-autospace: ideograph-numeric;\"><b><span style=\"font-size: 14.0pt; font-family: 'Arial Narrow','sans-serif'; mso-fareast-font-family: 'Times New Roman';\"><span style=\"mso-tab-count: 1;\">\u00a0\u00a0\u00a0\u00a0\u00a0\u00a0\u00a0\u00a0\u00a0\u00a0\u00a0 <\/span><\/span><\/b><span style=\"font-size: 14.0pt; font-family: 'Arial Narrow','sans-serif'; mso-fareast-font-family: 'Times New Roman';\">Pourtant le maintien et la prise en charge de nos diversit\u00e9s appelle une solidarit\u00e9 organis\u00e9e. L&rsquo;invention mill\u00e9naire de la solidarit\u00e9 et son organisation politique sont \u00e0 remettre au centre de nos combats et de notre r\u00e9flexion : <b>\u00e0 l&rsquo;\u00e8re de la mondialisation, la solidarit\u00e9 ne peut plus se confiner au clan, \u00e0 l&rsquo;ethnie, \u00e0 la nation <\/b>; elle n&rsquo;est pas non plus compatible avec une culture unique mondialis\u00e9e. N&rsquo;est-ce pas le m\u00e9pris colonial et post-colonial qui ont mis l&rsquo;Afrique et le Sud en g\u00e9n\u00e9ral dans l&rsquo;\u00e9tat d&rsquo;exploitation et de d\u00e9laissement qui a s\u00e9vi pendant deux cents ans ?<\/span><\/p>\n<p class=\"MsoNormal\" style=\"text-align: justify; text-autospace: ideograph-numeric;\"><span style=\"font-size: 14.0pt; font-family: 'Arial Narrow','sans-serif'; mso-fareast-font-family: 'Times New Roman';\"><span style=\"mso-tab-count: 1;\">\u00a0\u00a0\u00a0\u00a0\u00a0\u00a0\u00a0\u00a0\u00a0\u00a0\u00a0 <\/span>Diversification et solidarit\u00e9 organis\u00e9e ayant \u00e9t\u00e9 \u2013 bien avant les progr\u00e8s techniques \u2013 <b>les vrais moteurs de l&rsquo;hominisation<\/b>, ce sont encore ces deux moteurs qui permettront les avanc\u00e9es d\u00e9mocratiques \u00e0 inventer : c&rsquo;est l\u00e0 <b>une d\u00e9finition anthropologique de la soci\u00e9t\u00e9 autogestionnaire. Elle est inscrite dans notre longue pr\u00e9histoire et dans sillons de mati\u00e8re grise.<\/b><\/span><\/p>\n<p class=\"MsoNormal\" style=\"text-align: justify; text-autospace: ideograph-numeric;\"><span style=\"font-size: 14.0pt; font-family: 'Arial Narrow','sans-serif'; mso-fareast-font-family: 'Times New Roman';\"><span style=\"mso-tab-count: 1;\">\u00a0\u00a0\u00a0\u00a0\u00a0\u00a0\u00a0\u00a0\u00a0\u00a0\u00a0 <\/span><\/span><\/p>\n<p class=\"MsoNormal\" style=\"margin-left: 36.0pt; text-align: justify; text-indent: -18.0pt; mso-list: l4 level1 lfo5; tab-stops: list 36.0pt; text-autospace: ideograph-numeric;\"><b><span style=\"font-size: 14.0pt; font-family: 'Arial Narrow','sans-serif'; mso-fareast-font-family: 'Arial Narrow'; mso-bidi-font-family: 'Arial Narrow';\"><span style=\"mso-list: Ignore;\">5.<span style=\"font: 7.0pt 'Times New Roman';\">\u00a0\u00a0\u00a0\u00a0\u00a0 <\/span><\/span><\/span><\/b><b><span style=\"font-size: 14.0pt; font-family: 'Arial Narrow','sans-serif'; mso-fareast-font-family: 'Times New Roman';\">La perspective strat\u00e9gique :<\/span><\/b><\/p>\n<p class=\"MsoNormal\" style=\"text-align: justify; text-indent: -18.0pt; text-autospace: ideograph-numeric;\"><span style=\"font-size: 14.0pt; font-family: 'Arial Narrow','sans-serif'; mso-fareast-font-family: 'Times New Roman';\"><span style=\"mso-spacerun: yes;\">\u00a0\u00a0\u00a0\u00a0\u00a0\u00a0\u00a0 <\/span>Il semble \u00e9vident que la conception des finalit\u00e9s et des principes ci-dessus expos\u00e9s appelle de nouvelles formes d&rsquo;organisation socio-politique : le parti du changement et des transformation sociales radicales ne peut plus se concevoir comme parti centralis\u00e9 et hi\u00e9rarchis\u00e9. <b>Le parti de l&rsquo;autogestion solidaire est n\u00e9cessairement un parti-mouvement, un parti-r\u00e9seau,<\/b> compos\u00e9 de militants politiques, associatifs et syndicaux, repr\u00e9sentant en son sein les couches sociales mais aussi les int\u00e9r\u00eats de d\u00e9fense de l&rsquo;environnement, des services publics, notamment de la sant\u00e9 et de l&rsquo;\u00e9ducation.<\/span><\/p>\n<p class=\"MsoNormal\" style=\"text-align: justify; text-indent: -18.0pt; text-autospace: ideograph-numeric;\"><span style=\"font-size: 14.0pt; font-family: 'Arial Narrow','sans-serif'; mso-fareast-font-family: 'Times New Roman';\"><span style=\"mso-spacerun: yes;\">\u00a0\u00a0\u00a0\u00a0\u00a0 <\/span><span style=\"mso-tab-count: 1;\">\u00a0\u00a0\u00a0\u00a0\u00a0\u00a0\u00a0\u00a0\u00a0\u00a0\u00a0 <\/span>Le r\u00e9gime interne de ce parti-mouvement n&rsquo;est pas un r\u00e9gime de courants et de tendances fig\u00e9es, mais un confrontation mouvante d&rsquo;objectifs et de points de vue, avec le but de d\u00e9gager sur chaque question le meilleur consensus possible : que des alliances se nouent est in\u00e9vitable et probablement indispensable, mais aucune alliance n&rsquo;y sera un affrontement cartel contre cartel. La qualit\u00e9 premi\u00e8re de ce parti-mouvement sera son aptitude \u00e0 faire passer l&rsquo;int\u00e9r\u00eat le plus large avant les int\u00e9r\u00eats cat\u00e9goriels, <b>une sorte de &lsquo;nouveau civisme autogestionnaire&rsquo;<\/b> en somme.<\/span><\/p>\n<p class=\"MsoNormal\" style=\"text-align: justify; text-indent: -18.0pt; text-autospace: ideograph-numeric;\"><span style=\"font-size: 14.0pt; font-family: 'Arial Narrow','sans-serif'; mso-fareast-font-family: 'Times New Roman';\"><span style=\"mso-spacerun: yes;\">\u00a0\u00a0\u00a0\u00a0\u00a0\u00a0\u00a0\u00a0\u00a0\u00a0 <\/span>Pourtant cet esprit de synth\u00e8se d&rsquo;un nouveau genre n&rsquo;est pas issu d&rsquo;un esprit n\u00e9buleux et b\u00e9atement optimiste : l&rsquo;autogestion g\u00e9n\u00e9ralis\u00e9e, telle que nous venons de la d\u00e9finir dans ses grads traits, <b>est une base de rassemblement possible<\/b> \u2013 et en partie d\u00e9j\u00e0 r\u00e9elle dans les luttes et les textes \u2013 de plusieurs courants poltiques constitu\u00e9s : l&rsquo;autogestion est d&rsquo;ores<span style=\"mso-spacerun: yes;\">\u00a0 <\/span>et d\u00e9j\u00e0 un point de rencontre entre libertaires et marxistes ; elle peut aussi donner \u00e0 r\u00e9fl\u00e9chir aux \u00e9cologistes les plus avanc\u00e9s dans la rupture avec le capitalisme.<\/span><\/p>\n<p class=\"MsoNormal\" style=\"text-align: justify; text-indent: -18.0pt; text-autospace: ideograph-numeric;\"><span style=\"font-size: 14.0pt; font-family: 'Arial Narrow','sans-serif'; mso-fareast-font-family: 'Times New Roman';\"><span style=\"mso-spacerun: yes;\">\u00a0\u00a0\u00a0\u00a0\u00a0\u00a0\u00a0\u00a0\u00a0\u00a0\u00a0 <\/span>Nous avons dit que l&rsquo;autogestion n&rsquo;\u00e9tait pas une r\u00e9ponse cl\u00e9s-en-mains \u00e0 tous les probl\u00e8mes. Pourtant qu&rsquo;on ne vienne pas dire : &lsquo;\u00e0 quoi sert-elle ?&rsquo;. Car la vraie question est : <b>y a-t-il une autre solution d\u00e9mocratique pour renverser le syst\u00e8me capitaliste \u00e0 l&rsquo;agonie ?<\/b><\/span><\/p>\n<gcse:search><\/gcse:search>","protected":false},"excerpt":{"rendered":"<p>\u00a0\u00a0 1. Enjeux et caract\u00e9ristiques de l&rsquo;autogestion : \u00a0\u00a0\u00a0\u00a0\u00a0\u00a0\u00a0\u00a0\u00a0\u00a0\u00a0\u00a0\u00a0\u00a0\u00a0\u00a0\u00a0\u00a0\u00a0\u00a0\u00a0\u00a0\u00a0\u00a0\u00a0\u00a0\u00a0\u00a0\u00a0\u00a0\u00a0\u00a0\u00a0\u00a0\u00a0\u00a0\u00a0\u00a0\u00a0\u00a0\u00a0\u00a0\u00a0\u00a0\u00a0\u00a0\u00a0\u00a0\u00a0\u00a0\u00a0\u00a0\u00a0\u00a0\u00a0\u00a0\u00a0\u00a0\u00a0\u00a0\u00a0\u00a0\u00a0\u00a0\u00a0\u00a0\u00a0\u00a0\u00a0\u00a0\u00a0\u00a0\u00a0\u00a0\u00a0\u00a0\u00a0\u00a0\u00a0\u00a0\u00a0\u00a0\u00a0\u00a0\u00a0 Premier point : L&rsquo;autogestion n&rsquo;a jamais \u00e9t\u00e9 l&rsquo;application d&rsquo;un mod\u00e8le pr\u00e9con\u00e7u : elle a toujours \u00e9t\u00e9 le produit d&rsquo;une crise. Crise de l&rsquo;entreprise (Lip, Fralib et entreprises autog\u00e9r\u00e9es en Argentine) ; mais aussi crise de l&rsquo;Etat (crise de l&rsquo;\u00e9conomie \u00e9tatis\u00e9e en Yougoslavie titiste, solution urgente au [&hellip;]<\/p>\n","protected":false},"author":1,"featured_media":0,"comment_status":"open","ping_status":"closed","sticky":false,"template":"","format":"standard","meta":{"footnotes":""},"categories":[15,5,21,6,123],"tags":[34,398,103,117,51],"class_list":["post-9528","post","type-post","status-publish","format-standard","hentry","category-autogestion","category-les-alters-kezako","category-les-alters-dans-les-luttes","category-notre-projet","category-rouge-et-vert","tag-alternatifs","tag-autogestion","tag-demarche-citoyenne","tag-democratie","tag-reunion-publique"],"_links":{"self":[{"href":"https:\/\/alternatifs81.fr\/index.php?rest_route=\/wp\/v2\/posts\/9528","targetHints":{"allow":["GET"]}}],"collection":[{"href":"https:\/\/alternatifs81.fr\/index.php?rest_route=\/wp\/v2\/posts"}],"about":[{"href":"https:\/\/alternatifs81.fr\/index.php?rest_route=\/wp\/v2\/types\/post"}],"author":[{"embeddable":true,"href":"https:\/\/alternatifs81.fr\/index.php?rest_route=\/wp\/v2\/users\/1"}],"replies":[{"embeddable":true,"href":"https:\/\/alternatifs81.fr\/index.php?rest_route=%2Fwp%2Fv2%2Fcomments&post=9528"}],"version-history":[{"count":0,"href":"https:\/\/alternatifs81.fr\/index.php?rest_route=\/wp\/v2\/posts\/9528\/revisions"}],"wp:attachment":[{"href":"https:\/\/alternatifs81.fr\/index.php?rest_route=%2Fwp%2Fv2%2Fmedia&parent=9528"}],"wp:term":[{"taxonomy":"category","embeddable":true,"href":"https:\/\/alternatifs81.fr\/index.php?rest_route=%2Fwp%2Fv2%2Fcategories&post=9528"},{"taxonomy":"post_tag","embeddable":true,"href":"https:\/\/alternatifs81.fr\/index.php?rest_route=%2Fwp%2Fv2%2Ftags&post=9528"}],"curies":[{"name":"wp","href":"https:\/\/api.w.org\/{rel}","templated":true}]}}