{"id":9520,"date":"2013-09-18T21:46:08","date_gmt":"2013-09-18T20:46:08","guid":{"rendered":"http:\/\/alternatifs81.fr\/?p=9520"},"modified":"2013-10-22T22:50:40","modified_gmt":"2013-10-22T21:50:40","slug":"les-18-19-20-octobre-a-labastide-rouairoux-le-6eme-festival-echos-dici-echos-dailleurs","status":"publish","type":"post","link":"https:\/\/alternatifs81.fr\/?p=9520","title":{"rendered":"Les 18, 19, 20 octobre \u00e0 Labastide-Rouairoux : le 6\u00e8me Festival \u00ab\u00a0Echos d\u2019ici, Echos d\u2019ailleurs\u00a0\u00bb."},"content":{"rendered":"<h3 style=\"text-align: justify;\">\u00a0<img loading=\"lazy\" decoding=\"async\" class=\"alignleft  wp-image-9522\" style=\"margin: 12px; border: 7px solid black;\" alt=\"OLYMPUS DIGITAL CAMERA\" src=\"http:\/\/alternatifs81.fr\/wp-content\/uploads\/PC120061-Small-.jpg\" width=\"266\" height=\"293\" srcset=\"https:\/\/alternatifs81.fr\/wp-content\/uploads\/PC120061-Small-.jpg 380w, https:\/\/alternatifs81.fr\/wp-content\/uploads\/PC120061-Small--272x300.jpg 272w\" sizes=\"auto, (max-width: 266px) 100vw, 266px\" \/>Cette fois encore un joli plateau!!!<\/h3>\n<h3 style=\"text-align: justify;\">Un chapeau bas \u00e0 Jean-Michel Carr\u00e9 des productions Les Films Grain de Sable.<\/h3>\n<h3 style=\"text-align: justify;\">Une conf\u00e9rence\/d\u00e9bat avec Ignacio Ramonet \u00ab un autre monde est possible \u00bb<\/h3>\n<h3 style=\"text-align: justify;\">Un masterclass \u00ab cr\u00e9ation cin\u00e9matographique documentaire \u00bb par Didier Mauro<\/h3>\n<h3 style=\"text-align: justify;\">Une carte blanche \u00e0 la Cin\u00e9math\u00e8que de Toulouse avec un film de Yann Le Masson<\/h3>\n<h3 style=\"text-align: justify;\">Une le\u00e7on de cin\u00e9ma par Jean- Louis Dufour, directeur de l\u2019Esav \u00ab \u00a0C\u00e9sar doit mourir \u00bb de Paolo et Vittorio Taviani<\/h3>\n<h3 style=\"text-align: justify;\">Une s\u00e9lection de Ina Pyr\u00e9n\u00e9es \u00ab \u00a0Sous le soleil vert \u00bb de Chantal Lasbats<\/h3>\n<h3 style=\"text-align: justify;\">Une exposition de photographies \u00ab Somos Cubanos \u00bb de Jean-Fran\u00e7ois Baumard, avec le concours de la mission photographique de Conseil G\u00e9n\u00e9ral du TarnUne soir\u00e9e de cl\u00f4ture avec en avant-premi\u00e8re \u00ab \u00a0Le regard de Georges Brassens \u00bb de Sandrine DumaraisVous voulez tout savoir &#8230;..<\/h3>\n<p><a title=\"ECHOS_DEPLI...pdf\" href=\"http:\/\/webmail.laposte.net\/webmail\/fr_FR\/download\/DOWNLOAD_READ.html?IDMSG=219586&amp;PJRANG=2.2&amp;NAME=ECHOS_DEPLIANT_2013_9SEPT_BDef.pdf&amp;FOLDER=INBOX\"><img decoding=\"async\" id=\"expandImg1\" style=\"margin: 0px;\" title=\"ECHOS_DEPLIANT_2013_9SEPT_BDef.pdf\u00a0(974.3 ko)\" alt=\"\" src=\"http:\/\/webmail.laposte.net\/webmail\/fr_FR\/Images\/Extension_icons\/picto_pdf.gif\" align=\"absmiddle\" border=\"0\" \/><\/a> <span><a title=\"ECHOS_DEPLIANT_2013_9SEPT_BDef.pdf\u00a0(974.3 ko)\" href=\"http:\/\/webmail.laposte.net\/webmail\/fr_FR\/download\/DOWNLOAD_READ.html?IDMSG=219586&amp;PJRANG=2.2&amp;NAME=ECHOS_DEPLIANT_2013_9SEPT_BDef.pdf&amp;FOLDER=INBOX\">ECHOS_DEPLI&#8230;pdf<\/a><\/span><br \/>\n(974.3 ko)<br \/>\n<a href=\"http:\/\/webmail.laposte.net\/webmail\/fr_FR\/download\/DOWNLOAD_READ.html?IDMSG=219586&amp;PJRANG=2.2&amp;NAME=ECHOS_DEPLIANT_2013_9SEPT_BDef.pdf&amp;FOLDER=INBOX\">t\u00e9l\u00e9charger<\/a><\/p>\n<h3>Alors on vous attend!<!--more--><br \/>\nC\u2019est \u00e0 Labastide-Rouairoux les 18, 19, 20 octobre<br \/>\nLe 6\u00e8me Festival \u00ab Echos d\u2019ici, Echos d\u2019ailleurs, sur les pas de Christophe de Ponfilly \u00bb<\/h3>\n<h3><strong><em>FESTIVAL ECHOS D\u2019ICI, ECHOS D&rsquo;AILLEURS,<\/em><\/strong><br \/>\n<strong><em> sur les pas de Christophe de Ponfilly<\/em><\/strong><br \/>\n<strong><em> Association Echos-ci, Echos-l\u00e0<\/em><\/strong><br \/>\n<strong><em> 65 bis, rue Pierre et Fran\u00e7ois Crouzet<\/em><\/strong><br \/>\n<strong><em> 81270 LABASTIDE-ROUAIROUX<\/em><\/strong><\/h3>\n<h3><strong><em>09 80 68 68 00<\/em><\/strong><br \/>\n<strong><em> <span class=\"contextEntry\" id=\"echosdudoc@orange.fr_body\">echosdudoc@orange.fr<\/span><\/em><\/strong><br \/>\n<strong><em> <a href=\"http:\/\/echosdudoc.fr\" target=\"http:\/\/echosdudoc.fr\">http:\/\/echosdudoc.fr<\/a><\/em><\/strong><\/h3>\n<h3><\/h3>\n<h3><span style=\"text-decoration: underline; color: #808000;\"><em>Article illustr\u00e9 par une peinture de KALIE<\/em> <\/span><\/h3>\n<gcse:search><\/gcse:search>","protected":false},"excerpt":{"rendered":"<p>\u00a0Cette fois encore un joli plateau!!! Un chapeau bas \u00e0 Jean-Michel Carr\u00e9 des productions Les Films Grain de Sable. Une conf\u00e9rence\/d\u00e9bat avec Ignacio Ramonet \u00ab un autre monde est possible \u00bb Un masterclass \u00ab cr\u00e9ation cin\u00e9matographique documentaire \u00bb par Didier Mauro Une carte blanche \u00e0 la Cin\u00e9math\u00e8que de Toulouse avec un film de Yann Le [&hellip;]<\/p>\n","protected":false},"author":1,"featured_media":0,"comment_status":"open","ping_status":"closed","sticky":false,"template":"","format":"standard","meta":{"footnotes":""},"categories":[1],"tags":[],"class_list":["post-9520","post","type-post","status-publish","format-standard","hentry","category-non-classe"],"_links":{"self":[{"href":"https:\/\/alternatifs81.fr\/index.php?rest_route=\/wp\/v2\/posts\/9520","targetHints":{"allow":["GET"]}}],"collection":[{"href":"https:\/\/alternatifs81.fr\/index.php?rest_route=\/wp\/v2\/posts"}],"about":[{"href":"https:\/\/alternatifs81.fr\/index.php?rest_route=\/wp\/v2\/types\/post"}],"author":[{"embeddable":true,"href":"https:\/\/alternatifs81.fr\/index.php?rest_route=\/wp\/v2\/users\/1"}],"replies":[{"embeddable":true,"href":"https:\/\/alternatifs81.fr\/index.php?rest_route=%2Fwp%2Fv2%2Fcomments&post=9520"}],"version-history":[{"count":0,"href":"https:\/\/alternatifs81.fr\/index.php?rest_route=\/wp\/v2\/posts\/9520\/revisions"}],"wp:attachment":[{"href":"https:\/\/alternatifs81.fr\/index.php?rest_route=%2Fwp%2Fv2%2Fmedia&parent=9520"}],"wp:term":[{"taxonomy":"category","embeddable":true,"href":"https:\/\/alternatifs81.fr\/index.php?rest_route=%2Fwp%2Fv2%2Fcategories&post=9520"},{"taxonomy":"post_tag","embeddable":true,"href":"https:\/\/alternatifs81.fr\/index.php?rest_route=%2Fwp%2Fv2%2Ftags&post=9520"}],"curies":[{"name":"wp","href":"https:\/\/api.w.org\/{rel}","templated":true}]}}