{"id":9504,"date":"2013-09-17T18:41:58","date_gmt":"2013-09-17T17:41:58","guid":{"rendered":"http:\/\/alternatifs81.fr\/?p=9504"},"modified":"2013-10-15T09:40:14","modified_gmt":"2013-10-15T08:40:14","slug":"pour-les-alternatifs-les-combats-pour-lemancipation-peuvent-se-decliner-dans-toutes-les-langues-et-la-reconnaissance-de-droits-pour-des-communautes-linguistiques-est-legitime","status":"publish","type":"post","link":"https:\/\/alternatifs81.fr\/?p=9504","title":{"rendered":"Pour les Alternatifs, les combats pour l&rsquo;\u00e9mancipation peuvent se d\u00e9cliner dans toutes les langues, et la reconnaissance de droits pour des communaut\u00e9s linguistiques est l\u00e9gitime"},"content":{"rendered":"<div class=\"separator\" style=\"clear: both; text-align: justify;\">\n<h2><span style=\"font-family: Trebuchet MS, sans-serif;\"><b><img loading=\"lazy\" decoding=\"async\" class=\"alignleft  wp-image-5004\" style=\"border: 6px solid black; margin: 12px;\" alt=\"ome-d-oc\" src=\"http:\/\/alternatifs81.fr\/wp-content\/uploads\/ome-d-oc1.jpg\" width=\"200\" height=\"280\" srcset=\"https:\/\/alternatifs81.fr\/wp-content\/uploads\/ome-d-oc1.jpg 286w, https:\/\/alternatifs81.fr\/wp-content\/uploads\/ome-d-oc1-214x300.jpg 214w\" sizes=\"auto, (max-width: 200px) 100vw, 200px\" \/><\/b><\/span><\/h2>\n<h2 class=\"ecxentry-title\"><span style=\"color: #808000;\">Langues des r\u00e9gions et des Peuples sans \u00c9tat: un juste droit.<\/span><\/h2>\n<h3><span style=\"font-family: Trebuchet MS, sans-serif;\"><b>Mercredi 11 septembre, les d\u00e9put\u00e9s europ\u00e9ens r\u00e9unis en pl\u00e9ni\u00e8re \u00e0 Strasbourg se sont prononc\u00e9s clairement en faveur de la diversit\u00e9 linguistique en approuvant le rapport pour les langues menac\u00e9es r\u00e9dig\u00e9 par Fran\u00e7ois Alfonsi, eurod\u00e9put\u00e9 corse. <\/b><\/span><\/h3>\n<h3><span style=\"font-family: Trebuchet MS, sans-serif;\"><b>Ce rapport pr\u00f4ne, au niveau de l&rsquo;Union Europ\u00e9enne comme dans les Etats membres, le d\u00e9ploiement de politiques ambitieuses et volontaristes de revitalisation des langues concern\u00e9es. Il appelle en particulier les Etats membres \u2013 comme la France \u2013 qui ne l\u2019ont pas encore fait \u00e0 ratifier et mettre en \u0153uvre la Charte Europ\u00e9enne des Langues R\u00e9gionales et Minoritaires.\u00a0<\/b><\/span><\/h3>\n<h3><span style=\"font-family: Trebuchet MS, sans-serif;\"><b>Les d\u00e9put<\/b><\/span><span style=\"font-family: Trebuchet MS, sans-serif;\"><b>\u00e9s europ\u00e9ens ont approuv\u00e9 ce rapport \u00e0 une majorit\u00e9 \u00e9crasante (92%) Sur les 700 d\u00e9put\u00e9s qui ont pris part au vote, seulement 29 se sont abstenus et 26 ont vot\u00e9 contre. Parmi les opposants une moiti\u00e9 de d\u00e9put\u00e9s fran\u00e7ais.\u00a0<\/b><\/span><\/h3>\n<\/div>\n<h3 class=\"separator\" style=\"clear: both; text-align: justify;\"><span style=\"font-family: Trebuchet MS, sans-serif;\"><b>Pour les Alternatifs, les combats pour l&rsquo;\u00e9mancipation peuvent se d\u00e9cliner dans toutes les langues, et la reconnaissance de droits pour des communaut\u00e9s linguistiques est l\u00e9gitime. En France ils est temps que ces droits soient garantis, dans l&rsquo;Enseignement, les m\u00e9dias, la signal\u00e9tique&#8230; <\/b><\/span><\/h3>\n<h3 class=\"separator\" style=\"clear: both; text-align: justify;\"><a name=\"more\"><\/a><span style=\"font-family: Trebuchet MS, sans-serif;\"><b>Les Alternatifs poursuivront leur engagement dans ce combat, parie int\u00e9grante d&rsquo;une alternative sociale et \u00e9cologique. <\/b><\/span><\/h3>\n<p style=\"text-align: right;\"><span style=\"color: #0000ff;\"><em><strong>Les Alternatifs, le 18 septembre 2013<\/strong><\/em><\/span><\/p>\n<p>&nbsp;<\/p>\n<gcse:search><\/gcse:search>","protected":false},"excerpt":{"rendered":"<p>Langues des r\u00e9gions et des Peuples sans \u00c9tat: un juste droit. Mercredi 11 septembre, les d\u00e9put\u00e9s europ\u00e9ens r\u00e9unis en pl\u00e9ni\u00e8re \u00e0 Strasbourg se sont prononc\u00e9s clairement en faveur de la diversit\u00e9 linguistique en approuvant le rapport pour les langues menac\u00e9es r\u00e9dig\u00e9 par Fran\u00e7ois Alfonsi, eurod\u00e9put\u00e9 corse. Ce rapport pr\u00f4ne, au niveau de l&rsquo;Union Europ\u00e9enne comme [&hellip;]<\/p>\n","protected":false},"author":1,"featured_media":0,"comment_status":"open","ping_status":"closed","sticky":false,"template":"","format":"standard","meta":{"footnotes":""},"categories":[124,126,208,21,6],"tags":[43,103,117,50,334],"class_list":["post-9504","post","type-post","status-publish","format-standard","hentry","category-education-2","category-gauche-de-combat","category-langues-regionales-et-minoritaires","category-les-alters-dans-les-luttes","category-notre-projet","tag-appel","tag-demarche-citoyenne","tag-democratie","tag-discriminations","tag-oc"],"_links":{"self":[{"href":"https:\/\/alternatifs81.fr\/index.php?rest_route=\/wp\/v2\/posts\/9504","targetHints":{"allow":["GET"]}}],"collection":[{"href":"https:\/\/alternatifs81.fr\/index.php?rest_route=\/wp\/v2\/posts"}],"about":[{"href":"https:\/\/alternatifs81.fr\/index.php?rest_route=\/wp\/v2\/types\/post"}],"author":[{"embeddable":true,"href":"https:\/\/alternatifs81.fr\/index.php?rest_route=\/wp\/v2\/users\/1"}],"replies":[{"embeddable":true,"href":"https:\/\/alternatifs81.fr\/index.php?rest_route=%2Fwp%2Fv2%2Fcomments&post=9504"}],"version-history":[{"count":0,"href":"https:\/\/alternatifs81.fr\/index.php?rest_route=\/wp\/v2\/posts\/9504\/revisions"}],"wp:attachment":[{"href":"https:\/\/alternatifs81.fr\/index.php?rest_route=%2Fwp%2Fv2%2Fmedia&parent=9504"}],"wp:term":[{"taxonomy":"category","embeddable":true,"href":"https:\/\/alternatifs81.fr\/index.php?rest_route=%2Fwp%2Fv2%2Fcategories&post=9504"},{"taxonomy":"post_tag","embeddable":true,"href":"https:\/\/alternatifs81.fr\/index.php?rest_route=%2Fwp%2Fv2%2Ftags&post=9504"}],"curies":[{"name":"wp","href":"https:\/\/api.w.org\/{rel}","templated":true}]}}