{"id":9459,"date":"2013-09-13T09:51:53","date_gmt":"2013-09-13T08:51:53","guid":{"rendered":"http:\/\/alternatifs81.fr\/?p=9459"},"modified":"2013-09-16T07:51:31","modified_gmt":"2013-09-16T06:51:31","slug":"10-bougies-pour-les-amap-en-midi-pyrenees","status":"publish","type":"post","link":"https:\/\/alternatifs81.fr\/?p=9459","title":{"rendered":"10 bougies pour les AMAP en Midi Pyr\u00e9n\u00e9es ! ! !"},"content":{"rendered":"<p><img loading=\"lazy\" decoding=\"async\" class=\"alignleft size-full wp-image-9460\" style=\"margin: 12px;\" alt=\"flyer_reseau_amap_coul-49012-4edbc\" src=\"http:\/\/alternatifs81.fr\/wp-content\/uploads\/flyer_reseau_amap_coul-49012-4edbc.jpg\" width=\"400\" height=\"544\" srcset=\"https:\/\/alternatifs81.fr\/wp-content\/uploads\/flyer_reseau_amap_coul-49012-4edbc.jpg 400w, https:\/\/alternatifs81.fr\/wp-content\/uploads\/flyer_reseau_amap_coul-49012-4edbc-220x300.jpg 220w\" sizes=\"auto, (max-width: 400px) 100vw, 400px\" \/><\/p>\n<h3><\/h3>\n<h3 style=\"text-align: justify;\"><span class=\"lettrine\">V<\/span>oil\u00e0 dix ans&#8230; naissait la premi\u00e8re AMAP en Midi-Pyr\u00e9n\u00e9es \u00e0 l\u2019initiative d\u2019une poign\u00e9e de citoyens. Aujourd\u2019hui, le mouvement compte plus de 150 AMAP et 3 500 familles.<br \/>\n\u00c0 l\u2019occasion de cet anniversaire, le r\u00e9seau r\u00e9gional des AMAP de Midi-Pyr\u00e9n\u00e9es organise une grande f\u00eate le <strong>samedi 14 septembre 2013 \u00e0 partir de 14h00 \u00e0 la prairie des Filtres (Toulouse)<\/strong>.<br \/>\nConf\u00e9rences, animations pour les petits et les grands, expositions, ateliers, repas et concert sont au programme.<\/h3>\n<h3 style=\"text-align: justify;\">Tout ceci dans l\u2019esprit des AMAP, c\u2019est-\u00e0-dire\u00a0: con\u00e7u, organis\u00e9 et r\u00e9alis\u00e9 par les amapiens (mangeurs et producteurs)<\/h3>\n<gcse:search><\/gcse:search>","protected":false},"excerpt":{"rendered":"<p>Voil\u00e0 dix ans&#8230; naissait la premi\u00e8re AMAP en Midi-Pyr\u00e9n\u00e9es \u00e0 l\u2019initiative d\u2019une poign\u00e9e de citoyens. Aujourd\u2019hui, le mouvement compte plus de 150 AMAP et 3 500 familles. \u00c0 l\u2019occasion de cet anniversaire, le r\u00e9seau r\u00e9gional des AMAP de Midi-Pyr\u00e9n\u00e9es organise une grande f\u00eate le samedi 14 septembre 2013 \u00e0 partir de 14h00 \u00e0 la prairie [&hellip;]<\/p>\n","protected":false},"author":1,"featured_media":0,"comment_status":"open","ping_status":"closed","sticky":false,"template":"","format":"standard","meta":{"footnotes":""},"categories":[8,154,15,125,232,6,246],"tags":[332,103,331],"class_list":["post-9459","post","type-post","status-publish","format-standard","hentry","category-dtm-agenda","category-agriculture","category-autogestion","category-ecologie","category-notre-economie-et-la-leur","category-notre-projet","category-transition-energetique-2","tag-consommer-autrement","tag-demarche-citoyenne","tag-produire-autrement"],"_links":{"self":[{"href":"https:\/\/alternatifs81.fr\/index.php?rest_route=\/wp\/v2\/posts\/9459","targetHints":{"allow":["GET"]}}],"collection":[{"href":"https:\/\/alternatifs81.fr\/index.php?rest_route=\/wp\/v2\/posts"}],"about":[{"href":"https:\/\/alternatifs81.fr\/index.php?rest_route=\/wp\/v2\/types\/post"}],"author":[{"embeddable":true,"href":"https:\/\/alternatifs81.fr\/index.php?rest_route=\/wp\/v2\/users\/1"}],"replies":[{"embeddable":true,"href":"https:\/\/alternatifs81.fr\/index.php?rest_route=%2Fwp%2Fv2%2Fcomments&post=9459"}],"version-history":[{"count":0,"href":"https:\/\/alternatifs81.fr\/index.php?rest_route=\/wp\/v2\/posts\/9459\/revisions"}],"wp:attachment":[{"href":"https:\/\/alternatifs81.fr\/index.php?rest_route=%2Fwp%2Fv2%2Fmedia&parent=9459"}],"wp:term":[{"taxonomy":"category","embeddable":true,"href":"https:\/\/alternatifs81.fr\/index.php?rest_route=%2Fwp%2Fv2%2Fcategories&post=9459"},{"taxonomy":"post_tag","embeddable":true,"href":"https:\/\/alternatifs81.fr\/index.php?rest_route=%2Fwp%2Fv2%2Ftags&post=9459"}],"curies":[{"name":"wp","href":"https:\/\/api.w.org\/{rel}","templated":true}]}}