{"id":9291,"date":"2013-08-30T09:54:47","date_gmt":"2013-08-30T08:54:47","guid":{"rendered":"http:\/\/alternatifs81.fr\/?p=9291"},"modified":"2013-08-30T09:55:32","modified_gmt":"2013-08-30T08:55:32","slug":"syrie-stop-a-lescalade-dans-la-barbarie","status":"publish","type":"post","link":"https:\/\/alternatifs81.fr\/?p=9291","title":{"rendered":"Syrie : Stop \u00e0 l\u2019escalade dans la barbarie"},"content":{"rendered":"<h3><span style=\"color: #008000;\">\u00a0<time itemprop=\"datePublished\"><\/time><em>Les Alternatifs apportent leur soutien \u00e0 l&rsquo;appel du Mouvement de la Paix<\/em><\/span><\/h3>\n<h3><span style=\"color: #0000ff;\"><strong><img loading=\"lazy\" decoding=\"async\" class=\"alignleft size-full wp-image-9292\" style=\"margin: 10px;\" alt=\"ob_98ed793c2216f6e22b7e46f45e4d02dd_bandeau-logo\" src=\"http:\/\/alternatifs81.fr\/wp-content\/uploads\/ob_98ed793c2216f6e22b7e46f45e4d02dd_bandeau-logo.jpg\" width=\"138\" height=\"70\" \/>Communiqu\u00e9 du Mouvement de la Paix<\/strong><\/span><\/h3>\n<h3 style=\"text-align: justify;\"><span style=\"color: #808000;\"><strong>Non \u00e0 l&rsquo;intervention arm\u00e9e en Syrie, non \u00e0 la participation de la France<br \/>\nSolidarit\u00e9 avec les forces de paix, de justice et de d\u00e9mocratie en Sy<\/strong>rie<\/span><\/h3>\n<h3><span style=\"color: #808000;\"><strong>L\u2019escalade propos\u00e9e par le Pr\u00e9sident Hollande n\u2019est pas la bonne issue.<\/strong><\/span><\/h3>\n<h3 style=\"text-align: justify;\">Le Mouvement de la Paix condamne fermement l\u2019utilisation d\u2019armes chimiques. Par leurs luttes, les peuples ont gagn\u00e9 la Convention sur l&rsquo;interdiction des armes chimiques, sign\u00e9e le 13 janvier 1993, qui interdit la mise au point, la fabrication, le stockage et l&rsquo;usage des armes chimiques.<\/h3>\n<h3 style=\"text-align: justify;\">Avant m\u00eame les conclusions de la mission de l\u2019ONU, seule habilit\u00e9e \u00e0 mener une telle enqu\u00eate sur l\u2019utilisation des armes chimiques, la France, les USA et leurs alli\u00e9s membres de l\u2019OTAN, d\u00e9clarent avoir des certitudes. Si<!--more--> preuves il y a, ils ont la responsabilit\u00e9 de les transmettre \u00e0 l\u2019ONU. Envisager une intervention militaire en dehors des Nations Unies, malgr\u00e9 le risque cons\u00e9quent d\u2019un embrasement de toute la r\u00e9gion, consiste \u00e0 se poser en \u00ab juges et gendarmes du monde \u00bb, \u00e0 alimenter le cercle infernal des logiques de guerre et de violence en n\u00e9gligeant l\u2019int\u00e9r\u00eat des peuples.<\/h3>\n<h3 style=\"text-align: justify;\">Il y a deux ans, un soul\u00e8vement citoyen pacifiste exigeait plus de d\u00e9mocratie et de progr\u00e8s social en Syrie. Le r\u00e9gime syrien de Bachar El Assad a r\u00e9pondu par une r\u00e9pression f\u00e9roce refusant toute possibilit\u00e9 de dialogue et provoquant l\u2019escalade d\u2019une guerre civile dans laquelle se sont engouffr\u00e9es des puissances et des forces politiques r\u00e9gionales (Iran, Turquie, Arabie Saoudite, Qatar, Hezbollah\u2026) et permettant aux militants les plus radicaux rescap\u00e9s des interventions militaires en Irak, Afghanistan, Libye, Mali de se mettre au service des uns ou des autres.<\/h3>\n<h3 style=\"text-align: justify;\">Le bilan est effroyable pour le peuple syrien : plus de 100 000 morts, 4 millions de d\u00e9plac\u00e9s qui ont tout perdu, 1 500 000 exil\u00e9s, et un pays d\u00e9vast\u00e9. Aujourd\u2019hui cette crise syrienne est devenue une crise g\u00e9opolitique o\u00f9 chacun d\u00e9fend ses int\u00e9r\u00eats dans la r\u00e9gion. Pr\u00e9textant un blocage au Conseil de s\u00e9curit\u00e9 de l\u2019ONU de la part de la Chine et de la Russie, les puissances occidentales membres de l\u2019OTAN n\u2019ont pris aucune initiative pour r\u00e9soudre politiquement ce conflit. Ainsi le plan incarn\u00e9 par Kofi Annan en a fait les frais. La structuration de la soci\u00e9t\u00e9 syrienne rendait n\u00e9cessaire un processus long de concertations, rendu possible par la pr\u00e9sence d\u2019observateurs en nombre, permettant d\u2019assurer une \u00e9volution vers plus de d\u00e9mocratie. Dans ce contexte, l\u2019utilisation de forces de paix non violentes sous l\u2019\u00e9gide de l\u2019ONU, aurait pu le permettre. Au lieu de cela, les antagonismes ont \u00e9t\u00e9 entretenus, voire m\u00eame aliment\u00e9s, et les horreurs de la guerre civile ont affaibli les possibles recours. C\u2019est ainsi que la perspective odieuse d\u2019une intervention arm\u00e9e, en contradiction totale avec l\u2019int\u00e9r\u00eat des peuples, peut aujourd\u2019hui nous \u00eatre pr\u00e9sent\u00e9e comme indispensable. L\u2019indispensable pour la population est de vivre en s\u00e9curit\u00e9, de se nourrir, de s\u2019instruire, d\u2019\u00eatre soign\u00e9 dans de bonnes conditions et de pouvoir s\u2019exprimer en toute libert\u00e9. Or tout cela, la guerre l\u2019interdit. Loin d\u2019\u00eatre la solution, elle ne b\u00e9n\u00e9ficierait qu\u2019aux marchands d\u2019armes.<\/h3>\n<h3 style=\"text-align: justify;\">Le Mouvement de la Paix d\u00e9nonce cat\u00e9goriquement l\u2019argument, relay\u00e9 \u00e0 l\u2019unisson par les m\u00e9dias, d\u2019une guerre indispensable. En Syrie comme ailleurs, ce qui est n\u00e9cessaire c\u2019est la Paix comme socle d\u2019une soci\u00e9t\u00e9 humaine se conformant aux engagements pris en 1998 par la communaut\u00e9 internationale dans le cadre de l\u2019adoption de la culture de paix et de la non-violence.<\/h3>\n<h3 style=\"text-align: justify;\">Le Mouvement de la Paix demande au gouvernement fran\u00e7ais de renoncer \u00e0 l\u2019emploi des forces arm\u00e9es, de faire respecter le droit international et de prendre toutes les initiatives politiques possibles pour obtenir un cessez-le-feu. Le Mouvement de la Paix demande la reprise du plan de Kofi Annan avec des moyens humains renforc\u00e9s pour parvenir \u00e0 une transition d\u00e9mocratique en Syrie et permettre une stabilisation de la r\u00e9gion.<\/h3>\n<h3 style=\"text-align: justify;\">Il appelle les citoyens, les ONG de notre pays \u00e0 se rassembler et \u00e0 d\u00e9velopper toutes les actions collectives marquant le refus d\u2019une intervention militaire. Les premiers rassemblements sont pr\u00e9vus le jeudi 29 ao\u00fbt \u00e0 Paris, Toulouse et Marseille.<\/h3>\n<p><span style=\"color: #0000ff;\"><strong>Le Mouvement de la Paix<\/strong><\/span><br \/>\n<span style=\"color: #0000ff;\"><em><strong> Saint-Ouen, le 28 ao\u00fbt 2013<\/strong><\/em><\/span><br \/>\n<span style=\"color: #0000ff;\">Contacts :<\/span><br \/>\n<span style=\"color: #0000ff;\"> Guillaume du Souich : noussmvtpaix.org &#8211; 06 81 64 74 52<\/span><br \/>\n<span style=\"color: #0000ff;\"> Presse: catherine.riomvtpaix.org &#8211; 01 40 12 72 34<\/span><\/p>\n<gcse:search><\/gcse:search>","protected":false},"excerpt":{"rendered":"<p>\u00a0Les Alternatifs apportent leur soutien \u00e0 l&rsquo;appel du Mouvement de la Paix Communiqu\u00e9 du Mouvement de la Paix Non \u00e0 l&rsquo;intervention arm\u00e9e en Syrie, non \u00e0 la participation de la France Solidarit\u00e9 avec les forces de paix, de justice et de d\u00e9mocratie en Syrie L\u2019escalade propos\u00e9e par le Pr\u00e9sident Hollande n\u2019est pas la bonne issue. [&hellip;]<\/p>\n","protected":false},"author":1,"featured_media":0,"comment_status":"open","ping_status":"closed","sticky":false,"template":"","format":"standard","meta":{"footnotes":""},"categories":[126,147,244],"tags":[64,175],"class_list":["post-9291","post","type-post","status-publish","format-standard","hentry","category-gauche-de-combat","category-international","category-point-de-vue","tag-guerre","tag-syrie"],"_links":{"self":[{"href":"https:\/\/alternatifs81.fr\/index.php?rest_route=\/wp\/v2\/posts\/9291","targetHints":{"allow":["GET"]}}],"collection":[{"href":"https:\/\/alternatifs81.fr\/index.php?rest_route=\/wp\/v2\/posts"}],"about":[{"href":"https:\/\/alternatifs81.fr\/index.php?rest_route=\/wp\/v2\/types\/post"}],"author":[{"embeddable":true,"href":"https:\/\/alternatifs81.fr\/index.php?rest_route=\/wp\/v2\/users\/1"}],"replies":[{"embeddable":true,"href":"https:\/\/alternatifs81.fr\/index.php?rest_route=%2Fwp%2Fv2%2Fcomments&post=9291"}],"version-history":[{"count":0,"href":"https:\/\/alternatifs81.fr\/index.php?rest_route=\/wp\/v2\/posts\/9291\/revisions"}],"wp:attachment":[{"href":"https:\/\/alternatifs81.fr\/index.php?rest_route=%2Fwp%2Fv2%2Fmedia&parent=9291"}],"wp:term":[{"taxonomy":"category","embeddable":true,"href":"https:\/\/alternatifs81.fr\/index.php?rest_route=%2Fwp%2Fv2%2Fcategories&post=9291"},{"taxonomy":"post_tag","embeddable":true,"href":"https:\/\/alternatifs81.fr\/index.php?rest_route=%2Fwp%2Fv2%2Ftags&post=9291"}],"curies":[{"name":"wp","href":"https:\/\/api.w.org\/{rel}","templated":true}]}}