{"id":9280,"date":"2013-08-30T08:01:57","date_gmt":"2013-08-30T07:01:57","guid":{"rendered":"http:\/\/alternatifs81.fr\/?p=9280"},"modified":"2013-08-30T08:03:14","modified_gmt":"2013-08-30T07:03:14","slug":"sortir-de-leuro-sortir-de-leurope-raoul-marc-jennar-tribune-libre","status":"publish","type":"post","link":"https:\/\/alternatifs81.fr\/?p=9280","title":{"rendered":"Sortir de l\u2019euro ? Sortir de l\u2019Europe ? Raoul-Marc JENNAR  &#8211; Tribune libre"},"content":{"rendered":"<div id=\"message\">\n<h3 style=\"text-align: justify;\"><img loading=\"lazy\" decoding=\"async\" class=\"alignleft size-full wp-image-6339\" style=\"margin: 12px;\" alt=\"rmjennar2-195x300\" src=\"http:\/\/alternatifs81.fr\/wp-content\/uploads\/rmjennar2-195x3001.jpg\" width=\"195\" height=\"300\" \/>Comme promis \u00e0 un lecteur de mon blog, je reviens sur le sujet de l\u2019euro. J\u2019ai lu attentivement les arguments des uns et des autres, en particulier ceux de mes amis Fr\u00e9d\u00e9ric Lordon et Pierre Kalfa, en opposition sur le sujet. J\u2019ai, \u00e0 Grenoble, lors des ateliers qui lui \u00e9taient consacr\u00e9s par le Parti de Gauche puis par le Front de Gauche, \u00e9cout\u00e9 attentivement les \u00e9changes \u00e0 ce propos. Je ne suis pas un \u00e9conomiste et, dans une mati\u00e8re d\u2019une telle complexit\u00e9 o\u00f9, de surcro\u00eet, on a pu observer \u00e0 de multiples reprises que l\u2019\u00e9conomie est loin d\u2019\u00eatre une science exacte, mais plut\u00f4t une discipline faite de sp\u00e9culations (sans mauvais jeu de mots), je m\u2019efforce de retenir ce que la raison ne peut contester.<\/h3>\n<h3 style=\"text-align: justify;\">J\u2019observe que le statut (ind\u00e9pendance totale \u00e0 l\u2019\u00e9gard des instances issues du suffrage universel) et les missions (lutter contre l\u2019inflation sans se pr\u00e9occuper du d\u00e9veloppement \u00e9conomique et de la justice sociale) de la BCE sont insupportables et que le moins qu\u2019on puisse envisager est de les modifier radicalement. J\u2019observe \u00e9galement que le passage \u00e0 l\u2019euro s\u2019est op\u00e9r\u00e9 dans des conditions scandaleuses de laisser faire, laisser aller. Tous les abus ont \u00e9t\u00e9 autoris\u00e9s au m\u00e9pris du co\u00fbt de la vie des plus faibles. J\u2019observe enfin qu\u2019il y a une dynamique de d\u00e9mant\u00e8lement de tous les encadrements de la finance qui furent mis en place apr\u00e8s la grande crise des ann\u00e9es 30 et \u00e0 la Lib\u00e9ration et qu\u2019on n\u2019a jamais \u00e9t\u00e9 aussi loin dans la d\u00e9r\u00e9gulation des activit\u00e9s financi\u00e8res. Voil\u00e0 d\u00e9j\u00e0 trois pistes sur lesquelles on pourrait avancer pour proposer des alternatives.<!--more--><\/h3>\n<h3 style=\"text-align: justify;\"><\/h3>\n<h3 style=\"text-align: justify;\">Par ailleurs, nul ne peut contester que l\u2019UE telle qu\u2019elle est r\u00e9sulte de la volont\u00e9 des gouvernements successifs depuis 1957. Si j\u2019excepte la jurisprudence de la Cour de Justice de l\u2019UE qui, \u00e0 partir d\u2019une interpr\u00e9tation extensive des trait\u00e9s, cr\u00e9e du droit, force m\u2019est d\u2019observer qu\u2019on fait grief \u00e0 l\u2019UE d\u2019\u00eatre ce que les Etats (et donc les gouvernements successifs) on voulu qu\u2019elle soit de 1957 \u00e0 nos jours. Ce n\u2019est pas une institution autonome qui a cr\u00e9\u00e9 l\u2019euro, ce sont les gouvernements (et donc les Etats) qui ont n\u00e9goci\u00e9 et sign\u00e9 le trait\u00e9 de Maastricht. Les Etats, dans lesquels certains, avec un enthousiasme que je comprends mal, voient le recours miraculeux, ne sont donc pas, <em>per se,<\/em> ceux qui peuvent apporter le rem\u00e8de \u00e0 un mal qu\u2019ils ont eux-m\u00eames cr\u00e9\u00e9s. La rupture avec l\u2019Europe telle qu\u2019elle est et l\u2019euro tel qu\u2019il est exige d\u2019abord une rupture avec la France telle qu\u2019elle est dirig\u00e9e depuis tant d\u2019ann\u00e9es.<\/h3>\n<h3 style=\"text-align: justify;\"><\/h3>\n<h3 style=\"text-align: justify;\"><span style=\"color: #000000;\">Enfin, je veux aborder la question de la souverainet\u00e9 populaire, essentielle, primordiale. L\u2019h\u00e9ritage des Lumi\u00e8res et de 1789. Souverainet\u00e9 populaire et monnaie (qui en est une des manifestations) vont de pair. Je n\u2019ai pas cess\u00e9 de d\u00e9noncer la construction europ\u00e9enne comme une \u00ab\u00a0<em>soustraction d\u00e9mocratique\u00a0<\/em>\u00bb (Lordon)\u00a0 parce que la volont\u00e9 de l\u00e9gitimer une souverainet\u00e9 populaire europ\u00e9enne a toujours \u00e9t\u00e9 absente chez tous les gouvernements incapables d\u2019accepter qu\u2019il n\u2019y a pas concurrence, mais bien compl\u00e9mentarit\u00e9 entre la souverainet\u00e9 populaire qui s\u2019exprime au niveau de l\u2019Etat et celle qui s\u2019exprimerait au niveau de l\u2019Europe. Nul ne peut nier que la cr\u00e9ation de l\u2019euro qui aurait \u00e9t\u00e9 inscrite dans un processus soumettant les choix op\u00e9r\u00e9s dans le trait\u00e9 de Maastricht \u00e0 la sanction populaire dans toute l\u2019Europe des Quinze aurait d\u00e9bouch\u00e9 sur un autre euro g\u00e9r\u00e9 autrement par une autre BCE.<\/span><\/h3>\n<h3 style=\"text-align: justify;\">La question maintenant est de savoir comment se sortir de ce pi\u00e8ge infernal : sortir de l\u2019Europe et de l\u2019euro ? C\u2019est mettre fin d\u00e9finitivement \u00e0 tout espoir d\u2019une union d\u00e9mocratique et sociale des peuples d\u2019Europe. C\u2019est renoncer \u00e0 l\u2019exigence de solidarit\u00e9 entre les peuples qui doit primer entre Europ\u00e9ens pour qu\u2019elle puisse s\u2019exprimer \u00e0 l\u2019\u00e9gard des autres peuples du monde. En ces temps de mont\u00e9e en puissance des \u00e9go\u00efsmes, des nationalismes et des fascismes, le risque est grand de se retrouver dans une situation analogue \u00e0 celle des ann\u00e9es 20. Je me souviens que lors de l\u2019\u00e9clatement de l\u2019ex-Yougoslavie, sans concertation, tout de suite, retrouvant des affinit\u00e9s d\u2019avant 1914, l\u2019Allemagne a reconnu la Croatie et la France a reconnu la Serbie. Ce qui a pour beaucoup nourrit le conflit en gestation. Nous sommes dans un monde multipolaire avec des firmes transnationales plus fortes que jamais dont les moyens d\u00e9passent parfois le PIB d\u2019un pays comme la France. Pour rendre aux peuples d\u2019Europe la souverainet\u00e9 \u00e0 laquelle ils ont droit, un effet de taille s\u2019av\u00e8re indispensable hors duquel, c\u2019est la colonisation assur\u00e9e par le pouvoir priv\u00e9.<\/h3>\n<h3 style=\"text-align: justify;\">Il nous faut trouver autre chose pour bloquer le rouleau compresseur n\u00e9o-lib\u00e9ral. Qu\u2019on se souvienne de 1966 : la France estime alors que ses int\u00e9r\u00eats agricoles sont gravement l\u00e9s\u00e9s. Elle suspend sa participation aux travaux des institutions europ\u00e9ennes. Neuf mois plus tard, elle obtient satisfaction. C\u2019est la strat\u00e9gie que je propose. Ne pas remettre en cause le principe d\u2019une union des peuples d\u2019Europe, mais exiger une ren\u00e9gociation compl\u00e8te des trait\u00e9s pour une refondation d\u00e9mocratique, sociale et \u00e9cologique de l\u2019UE. Tant qu\u2019on ne l\u2019obtient pas \u2013 ce qui ne devrait pas durer, car la France qui demanderait cela serait vite rejointe par plusieurs Etats \u2013 on ne discute plus, on ne n\u00e9gocie plus, on ne participe plus aux instances de l\u2019UE. C\u2019est une strat\u00e9gie de la chaise vide qui ne porte pas en elle le risque d\u2019un retour au paysage europ\u00e9en que l\u2019on a connu dans un pass\u00e9 domin\u00e9 par les nationalismes. Contrairement \u00e0 ce que certains pensent, la guerre est une tentation \u00e0 laquelle certains ne r\u00e9sistent pas. Et je prends comme un bien extr\u00eamement pr\u00e9cieux les 68 ann\u00e9es de paix dont nous profitons, la plus longue p\u00e9riode de paix au regard des 1945 ann\u00e9es de guerres successives qui l\u2019ont pr\u00e9c\u00e9d\u00e9e (pour ne parler que de notre \u00e8re). Ceux qui ignorent si souvent l\u2019Histoire et ses le\u00e7ons feraient bien d\u2019y r\u00e9fl\u00e9chir.<\/h3>\n<h3 style=\"text-align: justify;\">Je voudrais terminer en appelant \u00e0 un d\u00e9bat paisible et serein sur ces questions. La passion que certains mettent de part et d\u2019autre r\u00e9duit l\u2019espace de la raison pourtant si n\u00e9cessaire. Point n\u2019est besoin de caricaturer le point de vue de l\u2019autre. La mati\u00e8re est d\u00e9j\u00e0 assez complexe et la gauche de transformation sociale et \u00e9cologique renforcerait sa cr\u00e9dibilit\u00e9 en pr\u00e9sentant au peuple un \u00e9change d\u2019arguments certes compr\u00e9hensibles, mais aussi courtois.<\/h3>\n<p><span style=\"color: #0000ff;\"><strong>rmj\u00a0 &#8211; raoul marc jennar<\/strong><\/span><\/p>\n<p><span style=\"color: #0000ff;\"><strong>26.08.2013<\/strong><\/span><\/p>\n<\/div>\n<gcse:search><\/gcse:search>","protected":false},"excerpt":{"rendered":"<p>Comme promis \u00e0 un lecteur de mon blog, je reviens sur le sujet de l\u2019euro. J\u2019ai lu attentivement les arguments des uns et des autres, en particulier ceux de mes amis Fr\u00e9d\u00e9ric Lordon et Pierre Kalfa, en opposition sur le sujet. J\u2019ai, \u00e0 Grenoble, lors des ateliers qui lui \u00e9taient consacr\u00e9s par le Parti de [&hellip;]<\/p>\n","protected":false},"author":1,"featured_media":0,"comment_status":"open","ping_status":"closed","sticky":false,"template":"","format":"standard","meta":{"footnotes":""},"categories":[126,232,244],"tags":[103,16,326,118],"class_list":["post-9280","post","type-post","status-publish","format-standard","hentry","category-gauche-de-combat","category-notre-economie-et-la-leur","category-point-de-vue","tag-demarche-citoyenne","tag-economie","tag-euro","tag-europe"],"_links":{"self":[{"href":"https:\/\/alternatifs81.fr\/index.php?rest_route=\/wp\/v2\/posts\/9280","targetHints":{"allow":["GET"]}}],"collection":[{"href":"https:\/\/alternatifs81.fr\/index.php?rest_route=\/wp\/v2\/posts"}],"about":[{"href":"https:\/\/alternatifs81.fr\/index.php?rest_route=\/wp\/v2\/types\/post"}],"author":[{"embeddable":true,"href":"https:\/\/alternatifs81.fr\/index.php?rest_route=\/wp\/v2\/users\/1"}],"replies":[{"embeddable":true,"href":"https:\/\/alternatifs81.fr\/index.php?rest_route=%2Fwp%2Fv2%2Fcomments&post=9280"}],"version-history":[{"count":0,"href":"https:\/\/alternatifs81.fr\/index.php?rest_route=\/wp\/v2\/posts\/9280\/revisions"}],"wp:attachment":[{"href":"https:\/\/alternatifs81.fr\/index.php?rest_route=%2Fwp%2Fv2%2Fmedia&parent=9280"}],"wp:term":[{"taxonomy":"category","embeddable":true,"href":"https:\/\/alternatifs81.fr\/index.php?rest_route=%2Fwp%2Fv2%2Fcategories&post=9280"},{"taxonomy":"post_tag","embeddable":true,"href":"https:\/\/alternatifs81.fr\/index.php?rest_route=%2Fwp%2Fv2%2Ftags&post=9280"}],"curies":[{"name":"wp","href":"https:\/\/api.w.org\/{rel}","templated":true}]}}