{"id":9176,"date":"2013-08-14T14:58:55","date_gmt":"2013-08-14T13:58:55","guid":{"rendered":"http:\/\/alternatifs81.fr\/?p=9176"},"modified":"2013-08-16T20:40:36","modified_gmt":"2013-08-16T19:40:36","slug":"communique-du-comite-local-de-castres-du-mrap-et-de-la-ldh-81","status":"publish","type":"post","link":"https:\/\/alternatifs81.fr\/?p=9176","title":{"rendered":"Communiqu\u00e9 du Comit\u00e9 Local de CASTRES du MRAP et de la LDH 81"},"content":{"rendered":"<h3 style=\"text-align: justify;\"><img loading=\"lazy\" decoding=\"async\" class=\"alignleft size-full wp-image-9178\" style=\"margin: 8px;\" alt=\"logo\" src=\"http:\/\/alternatifs81.fr\/wp-content\/uploads\/logo1.png\" width=\"180\" height=\"80\" \/>Le Comit\u00e9 Local de Castres du MRAP ( Mouvement contre le Racisme et pour l&rsquo;Amiti\u00e9 entre les Peuples), la F\u00e9d\u00e9ration du Tarn du MRAP, la section du Tarn de la LDH (Ligue des Droits de l&rsquo;Homme)\u00a0\u00a0se disent profond\u00e9ment choqu\u00e9s de la d\u00e9molition brutale des cabanons de l&rsquo;aire de la Vivari\u00e9.<\/h3>\n<h3 style=\"text-align: justify;\">Construits il y a quelques ann\u00e9es avec l&rsquo;accord tacite de la Municipalit\u00e9, certains \u00e9taient m\u00eame l&rsquo;habitation de toute une famille.<\/h3>\n<h3 style=\"text-align: justify;\">Au nom du respect d\u00fb \u00e0 toute personne humaine, nous d\u00e9sapprouvons de tels agissements, contraires aux valeurs de la R\u00e9publique et nous poursuivrons notre engagement aupr\u00e8s de ces familles, trop souvent rejet\u00e9es par une grande partie de la population.<\/h3>\n<p>Castres, le 14 ao\u00fbt 2013<\/p>\n<h3 style=\"text-align: justify;\"><span style=\"color: #808000;\"><em>Les Alternatifs du Tarn s&rsquo;associent \u00e0 cette protestation.<\/em> <\/span><\/h3>\n<gcse:search><\/gcse:search>","protected":false},"excerpt":{"rendered":"<p>Le Comit\u00e9 Local de Castres du MRAP ( Mouvement contre le Racisme et pour l&rsquo;Amiti\u00e9 entre les Peuples), la F\u00e9d\u00e9ration du Tarn du MRAP, la section du Tarn de la LDH (Ligue des Droits de l&rsquo;Homme)\u00a0\u00a0se disent profond\u00e9ment choqu\u00e9s de la d\u00e9molition brutale des cabanons de l&rsquo;aire de la Vivari\u00e9. Construits il y a quelques [&hellip;]<\/p>\n","protected":false},"author":1,"featured_media":0,"comment_status":"open","ping_status":"closed","sticky":false,"template":"","format":"standard","meta":{"footnotes":""},"categories":[9,173,1],"tags":[103],"class_list":["post-9176","post","type-post","status-publish","format-standard","hentry","category-communiques","category-no-pasaran","category-non-classe","tag-demarche-citoyenne"],"_links":{"self":[{"href":"https:\/\/alternatifs81.fr\/index.php?rest_route=\/wp\/v2\/posts\/9176","targetHints":{"allow":["GET"]}}],"collection":[{"href":"https:\/\/alternatifs81.fr\/index.php?rest_route=\/wp\/v2\/posts"}],"about":[{"href":"https:\/\/alternatifs81.fr\/index.php?rest_route=\/wp\/v2\/types\/post"}],"author":[{"embeddable":true,"href":"https:\/\/alternatifs81.fr\/index.php?rest_route=\/wp\/v2\/users\/1"}],"replies":[{"embeddable":true,"href":"https:\/\/alternatifs81.fr\/index.php?rest_route=%2Fwp%2Fv2%2Fcomments&post=9176"}],"version-history":[{"count":0,"href":"https:\/\/alternatifs81.fr\/index.php?rest_route=\/wp\/v2\/posts\/9176\/revisions"}],"wp:attachment":[{"href":"https:\/\/alternatifs81.fr\/index.php?rest_route=%2Fwp%2Fv2%2Fmedia&parent=9176"}],"wp:term":[{"taxonomy":"category","embeddable":true,"href":"https:\/\/alternatifs81.fr\/index.php?rest_route=%2Fwp%2Fv2%2Fcategories&post=9176"},{"taxonomy":"post_tag","embeddable":true,"href":"https:\/\/alternatifs81.fr\/index.php?rest_route=%2Fwp%2Fv2%2Ftags&post=9176"}],"curies":[{"name":"wp","href":"https:\/\/api.w.org\/{rel}","templated":true}]}}