{"id":9160,"date":"2013-08-14T08:53:03","date_gmt":"2013-08-14T07:53:03","guid":{"rendered":"http:\/\/alternatifs81.fr\/?p=9160"},"modified":"2013-08-16T19:19:18","modified_gmt":"2013-08-16T18:19:18","slug":"projection-de-ne-vivons-plus-comme-des-esclaves","status":"publish","type":"post","link":"https:\/\/alternatifs81.fr\/?p=9160","title":{"rendered":"Projection de \u00ab\u00a0NE VIVONS PLUS COMME DES ESCLAVES\u00a0\u00bb"},"content":{"rendered":"<p style=\"text-align: center;\"><img loading=\"lazy\" decoding=\"async\" class=\"aligncenter\" alt=\"\" src=\"http:\/\/nevivonspluscommedesesclaves.net\/IMG\/jpg\/16_aout_a_la_fontaine_magique.jpg\" width=\"548\" height=\"776\" \/><\/p>\n<h3 style=\"text-align: left;\">http:\/\/nevivonspluscommedesesclaves.net\/spip.php?rubrique15<!--more--><\/h3>\n<div>\n<h3>Bonjour,<\/h3>\n<h3><\/h3>\n<h3>Nous avons le plaisir de vous inviter aux trois derni\u00e8res projections du film \u00ab\u00a0Ne vivons plus comme des esclaves\u00a0\u00bb \u00e0 l&rsquo;occasion de\u00a0sa tourn\u00e9e exp\u00e9rimentale dans\u00a0la r\u00e9gion.<\/h3>\n<h3><\/h3>\n<h3>D\u00e8s la projection de Durfort ce vendredi,<b> vous pourrez d\u00e9couvrir nos <span style=\"text-decoration: underline;\">premi\u00e8res grandes modifications de ce film construit avec le public<\/span> (phase estivale), comme annonc\u00e9 d\u00e8s le lancement. Nous y voil\u00e0 : nouveau montage d\u00e9sormais (un peu plus court et rythme diff\u00e9rent), meilleur son (trait\u00e9 ces jours-ci en auditorium), sous-titrage retouch\u00e9 (plus synth\u00e9tique et sur fond noir quand n\u00e9cessaire), <\/b>et puis, quelques surprises&#8230;<\/h3>\n<h3><\/h3>\n<h3>Voici les trois derniers rendez-vous qui seront suivis d&rsquo;une tourn\u00e9e en Gr\u00e8ce, puis en France (d\u00e9but le 21 septembre au Festival International du Film Grolandais \u00e0 Toulouse, suite dans l&rsquo;agenda sur le site du film) :<\/h3>\n<h3><\/h3>\n<h3><b>1- Vendredi 16 ao\u00fbt \u00e0 DURFORT : dans le sud du TARN (25mn de Castres), limitrophe <\/b><b>de l&rsquo;AUDE (25mn de Castelnaudary, 45mn de Carcassonne) et de\u00a0<\/b><b>la HAUTE-GARONNE (50mn de Toulouse),<\/b>\u00a0dans un nouveau lieu alternatif \u00e0 d\u00e9couvrir (grand \u00e9cran de cin\u00e9ma), pr\u00e9c\u00e9d\u00e9 d&rsquo;un ap\u00e9ro-slam et suivi d&rsquo;un concert de Cyril Gontier. D\u00e9tails :<\/h3>\n<h3><a href=\"http:\/\/lafontainemagique.com\/?p=225\" target=\"_blank\">http:\/\/lafontainemagique.com\/?p=225<\/a><\/h3>\n<h3><a href=\"http:\/\/nevivonspluscommedesesclaves.net\/spip.php?rubrique15\" target=\"_blank\">http:\/\/nevivonspluscommedesesclaves.net\/spip.php?rubrique15<\/a><\/h3>\n<h3><a href=\"http:\/\/blog.cyrilgontier.fr\" target=\"_blank\">http:\/\/blog.cyrilgontier.fr<\/a><\/h3>\n<h3><\/h3>\n<h3><b>2- Mercredi 21 ao\u00fbt \u00e0 GINALS : dans l&rsquo;est du TARN-ET-GARONNE (30mn de Caussade), limitrophe du TARN et de l&rsquo;AVEYRON (30mn de<\/b><b>\u00a0Villefranche-de-Rouergue<\/b><b>), et pas tr\u00e8s loin du LOT (1h de Cahors)<\/b>, pr\u00e9c\u00e9d\u00e9 d&rsquo;un repas grec et d&rsquo;un concert de Ta Limania Xena. D\u00e9tails :<\/h3>\n<h3><a href=\"http:\/\/heterotopies.overblog.com\/actualit%C3%A9s\" target=\"_blank\">http:\/\/heterotopies.overblog.com\/actualit\u00e9s<\/a><\/h3>\n<h3><a href=\"http:\/\/nevivonspluscommedesesclaves.net\/spip.php?rubrique15\" target=\"_blank\">http:\/\/nevivonspluscommedesesclaves.net\/spip.php?rubrique15<\/a><\/h3>\n<h3><a href=\"http:\/\/rebetiko.wix.com\/ta-limania-xena\" target=\"_blank\">http:\/\/rebetiko.wix.com\/ta-limania-xena<\/a><\/h3>\n<h3><\/h3>\n<h3><b>3- Samedi 24 ao\u00fbt \u00e0 CORDES-SUR-CIEL dans le nord du TARN (25mn d&rsquo;Albi comme de Gaillac, 1h de Castres), proche du TARN-ET-GARONNE et de l&rsquo;AVEYRON<\/b>, suivi d&rsquo;un d\u00e9bat et d&rsquo;un repas partag\u00e9 (r\u00e9servation repas :\u00a0<a class=\"adr black-to-orange contextEntry\" id=\"claudel.81@orange.fr_body\" href=\"http:\/\/webmail1m.orange.fr\/webmail\/fr_FR\/read.html?FOLDER=SF_INBOX&amp;IDMSG=109675&amp;check=&amp;SORTBY=1#\" target=\"_blank\"><span>claudel.81@orange.fr<\/span><\/a>\u00a0). D\u00e9tails :<\/h3>\n<h3><a href=\"http:\/\/nevivonspluscommedesesclaves.net\/spip.php?rubrique15\" target=\"_blank\">http:\/\/nevivonspluscommedesesclaves.net\/spip.php?rubrique15<\/a><\/h3>\n<h3><\/h3>\n<h3>Situation des trois villages sur la\u00a0carte d\u00e9taill\u00e9e en pi\u00e8ce jointe !<\/h3>\n<h3><\/h3>\n<h3>Merci de faire suivre&#8230; \u00a0<b><span style=\"text-decoration: underline;\">TOUTES LES ENTR\u00c9ES SONT \u00c0 PRIX LIBRES !<\/span><\/b><\/h3>\n<h3><\/h3>\n<h3>Fraternellement,<\/h3>\n<h3><\/h3>\n<h3>Maud et Yannis YOULOUNTAS<\/h3>\n<h3><\/h3>\n<div><img loading=\"lazy\" decoding=\"async\" id=\"95ffc91a-f5cd-43f3-8953-5dbac186d8f4\" alt=\"\" src=\"http:\/\/webmail1m.orange.fr\/webmail\/fr_FR\/download\/Download.html?IDMSG=109675&amp;PJRANG=2.2&amp;NAME=carte+d%C3%A9taill%C3%A9e+tourn%C3%A9e.jpeg&amp;FOLDER=INBOX&amp;STREAM_TYPE=IMAGE&amp;EMBEDDED=true\" width=\"618\" height=\"449\" \/><\/div>\n<\/div>\n<gcse:search><\/gcse:search>","protected":false},"excerpt":{"rendered":"<p>http:\/\/nevivonspluscommedesesclaves.net\/spip.php?rubrique15<\/p>\n","protected":false},"author":1,"featured_media":0,"comment_status":"open","ping_status":"closed","sticky":false,"template":"","format":"standard","meta":{"footnotes":""},"categories":[126],"tags":[],"class_list":["post-9160","post","type-post","status-publish","format-standard","hentry","category-gauche-de-combat"],"_links":{"self":[{"href":"https:\/\/alternatifs81.fr\/index.php?rest_route=\/wp\/v2\/posts\/9160","targetHints":{"allow":["GET"]}}],"collection":[{"href":"https:\/\/alternatifs81.fr\/index.php?rest_route=\/wp\/v2\/posts"}],"about":[{"href":"https:\/\/alternatifs81.fr\/index.php?rest_route=\/wp\/v2\/types\/post"}],"author":[{"embeddable":true,"href":"https:\/\/alternatifs81.fr\/index.php?rest_route=\/wp\/v2\/users\/1"}],"replies":[{"embeddable":true,"href":"https:\/\/alternatifs81.fr\/index.php?rest_route=%2Fwp%2Fv2%2Fcomments&post=9160"}],"version-history":[{"count":0,"href":"https:\/\/alternatifs81.fr\/index.php?rest_route=\/wp\/v2\/posts\/9160\/revisions"}],"wp:attachment":[{"href":"https:\/\/alternatifs81.fr\/index.php?rest_route=%2Fwp%2Fv2%2Fmedia&parent=9160"}],"wp:term":[{"taxonomy":"category","embeddable":true,"href":"https:\/\/alternatifs81.fr\/index.php?rest_route=%2Fwp%2Fv2%2Fcategories&post=9160"},{"taxonomy":"post_tag","embeddable":true,"href":"https:\/\/alternatifs81.fr\/index.php?rest_route=%2Fwp%2Fv2%2Ftags&post=9160"}],"curies":[{"name":"wp","href":"https:\/\/api.w.org\/{rel}","templated":true}]}}