{"id":9139,"date":"2013-08-05T15:41:30","date_gmt":"2013-08-05T14:41:30","guid":{"rendered":"http:\/\/alternatifs81.fr\/?p=9139"},"modified":"2013-08-11T09:37:33","modified_gmt":"2013-08-11T08:37:33","slug":"cet-aeroport-ne-se-fera-pas-la-terre-aux-paysans-on-ne-lachera-rien-vinci-degage-intervention-de-jean-francois-pelissier-a-notre-dame-des-landes-dimanche-4-aout","status":"publish","type":"post","link":"https:\/\/alternatifs81.fr\/?p=9139","title":{"rendered":"Cet a\u00e9roport ne se fera pas !  La terre aux paysans !  On ne l\u00e2chera rien !  Vinci d\u00e9gage !    Intervention de Jean-Fran\u00e7ois P\u00e9lissier \u00e0 Notre Dame des Landes dimanche 4 ao\u00fbt"},"content":{"rendered":"<div class=\"post-body entry-content\" id=\"post-body-3329701675367555702\" itemprop=\"description articleBody\" style=\"text-align: justify;\">\n<h3><span style=\"font-family: Trebuchet MS, sans-serif;\"><b><img loading=\"lazy\" decoding=\"async\" class=\"alignleft  wp-image-8544\" alt=\"1\" src=\"http:\/\/alternatifs81.fr\/wp-content\/uploads\/13.jpg\" width=\"237\" height=\"356\" \/>Quel succ\u00e8s ! Pour la quatri\u00e8me fois en moins d\u2019un an, nous sommes encore aujourd\u2019hui plusieurs dizaines de milliers pr\u00e9sents \u00e0 Notre Dame des landes pour affirmer notre opposition \u00e0 la b\u00e9tonisation de centaines d\u2019hectares de terres agricoles pour construire un a\u00e9roport inutile au regard de l\u2019existant et des besoins.\u00a0<\/b><\/span><\/h3>\n<h3><span style=\"font-family: Trebuchet MS, sans-serif;\"><b>Et le moins qu\u2019on puisse dire c\u2019est que rien ne nous aura \u00e9t\u00e9 \u00e9pargn\u00e9. Des brutalit\u00e9s et intimidations polici\u00e8res de l\u2019op\u00e9ration C\u00e9sar avec son millier de gendarmes, CRS et garde-mobiles au harc\u00e8lement juridique des opposants, des intimidations, mensonges et calomnies aux tentatives de division de la r\u00e9sistance populaire, les promoteurs locaux et nationaux, gouvernement Ayrault en t\u00eate, n\u2019ont pas l\u00e9sin\u00e9 pour briser l\u2019opposition et la r\u00e9sistance de toute une population. <\/b><\/span><span style=\"font-family: Trebuchet MS, sans-serif;\"><b><br \/>\n<\/b><\/span> <span style=\"font-family: Trebuchet MS, sans-serif;\"><b>Bravo aux habitants de Notre Dame des landes et des communes d\u2019Erdre et Gesvre toujours aussi mobilis\u00e9s, bravo aux ZADistes qui ont r\u00e9sist\u00e9 malgr\u00e9 des conditions climatiques difficiles, bravo aux paysans et \u00e0 la Conf\u00e9d\u00e9ration paysanne qui, \u00e0 chaque coup dur, ont r\u00e9pondu pr\u00e9sents par centaines et donn\u00e9 pleinement sens \u00e0 cette premi\u00e8re jacquerie du 21\u00e8me si\u00e8cle pour la d\u00e9fense de la terre nourrici\u00e8re, bravo \u00e0 chacune des 70 organisations, associations, syndicats et partis politiques, de la coordination des opposants au projet d\u2019a\u00e9roport. <\/b><\/span><\/h3>\n<h3><span style=\"font-family: Trebuchet MS, sans-serif;\"><b><br \/>\n<\/b><\/span> <span style=\"font-family: Trebuchet MS, sans-serif;\"><b>Oui, l\u2019\u00e9preuve de force voulue par le gouvernement Ayrault est aujourd\u2019hui en \u00e9chec. Mais notre combat commun<!--more--> n\u2019est pour autant pas gagn\u00e9. La commission dite du dialogue mise en place par le gouvernement \u2013 dialogue que n\u2019a cess\u00e9 de r\u00e9clamer la coordination des opposants, dialogue direct qu\u2019ont toujours refus\u00e9 M. Ayrault, Auxiette et Grovallet, y compris lors de la gr\u00e8ve de la faim du printemps 2012 qui a marqu\u00e9 un tournant majeur permettant que le refus de ce nouvel a\u00e9roport devienne un enjeu \u00e9cologique, \u00e9conomique, social et politique majeur, la commission dite du dialogue est un premier recul qui ne dit pas son nom mais elle peut \u00eatre aussi une man\u0153uvre pour passer les \u00e9ch\u00e9ances \u00e9lectorales de 2014. <\/b><\/span><span style=\"font-family: Trebuchet MS, sans-serif;\"><b><br \/>\n<\/b><\/span><\/h3>\n<h3><span style=\"font-family: Trebuchet MS, sans-serif;\"><b>Qui d\u2019entre nous, aujourd\u2019hui, pourrait encore avoir confiance dans le Premier Ministre et le gouvernement ? S\u2019ils c\u00e8dent ce ne sera que contraints, ce ne sera que gr\u00e2ce au rapport de force que construisent, jour apr\u00e8s jour, notre unit\u00e9 et notre mobilisation<\/b><\/span><\/h3>\n<h3><span style=\"font-family: Trebuchet MS, sans-serif;\"><b>Unit\u00e9 et mobilisation, les cl\u00e9s de la victoire.\u00a0<\/b><\/span><\/h3>\n<h3><span style=\"font-family: Trebuchet MS, sans-serif;\"><b>Unit\u00e9 et d\u00e9termination, car l\u2019adversaire est redoutable. L\u2019adversaire politique, \u00e9videmment, qui unit dans la d\u00e9fense du projet d\u2019a\u00e9roport, comme dans la poursuite d\u2019une politique d\u2019aust\u00e9rit\u00e9 et de remise en cause des retraites et des acquis sociaux, la droite sarkozyste et filloniste et les sociaux-lib\u00e9raux, un gouvernement PS qui jour apr\u00e8s jour n\u2019a plus grand-chose de social mais beaucoup plus de lib\u00e9ral ! <\/b><\/span><span style=\"font-family: Trebuchet MS, sans-serif;\"><b><br \/>\n<\/b><\/span><\/h3>\n<h3><span style=\"font-family: Trebuchet MS, sans-serif;\"><b>Et c\u2019est l\u00e0 que se niche cet adversaire autrement redoutable qu\u2019est le groupe Vinvi, la pieuvre Vinci avec son armada de lobbyiste, de juristes et d\u2019avocats. Vinci a qui on a donn\u00e9, et pour soixante dix ans, la gestion de l\u2019a\u00e9roport de Nantes !\u00a0<\/b><\/span><\/h3>\n<h3><span style=\"font-family: Trebuchet MS, sans-serif;\"><b><br \/>\n<\/b><\/span> <span style=\"font-family: Trebuchet MS, sans-serif;\"><b>Pour les Alternatifs et le Front de Gauche, toutes les infrastructures de transport, a\u00e9roport, gare, autoroute, plate-forme routi\u00e8re, toutes les infrastructures de transport doivent redevenir dans le domaine public. Et la gestion de l\u2019a\u00e9roport de Nantes retir\u00e9 des griffes de Vinci sans la moindre indemnit\u00e9 et sous le contr\u00f4le des salari\u00e9s et des associations d\u2019usagers. <\/b><\/span><\/h3>\n<h3><span style=\"font-family: Trebuchet MS, sans-serif;\"><b>L\u00e0 encore la cl\u00e9 pour y parvenir c\u2019est le rapport de force, dans les luttes et dans les urnes. La pieuvre Vinci se blottit aujourd\u2019hui derri\u00e8re le gouvernement. Mais si elle a le sentiment qu\u2019un recul est possible, comme \u00e0 Khimki en Russie pour imposer une autoroute d\u00e9truisant la seule for\u00eat de Moscou, elle sera aux avant-postes de la provocation.\u00a0<\/b><\/span><\/h3>\n<h3><span style=\"font-family: Trebuchet MS, sans-serif;\"><b>C\u2019est pour cela qu\u2019il nous faut \u00ab <i>marquer \u00e0 la culotte <\/i>\u00bb comme on dit, les activit\u00e9s du groupe Vinci tant en France que dans le monde. C\u2019est un axe essentiel que les Alternatifs et les organisations du Front de Gauche pr\u00e9sentes \u00e0 Notre Dames de landes soumettront \u00e0 la coordination des comit\u00e9s de soutien de lundi et mardi.\u00a0<\/b><\/span><\/h3>\n<h3><span style=\"font-family: Trebuchet MS, sans-serif;\"><b>Amis et camarades, Rien n\u2019est acquis mais tout est encore possible.\u00a0<\/b><\/span><\/h3>\n<h3><span style=\"font-family: Trebuchet MS, sans-serif;\"><b>Gagner \u00e0 Notre Dame des Landes serait un encouragement extraordinaire pour toutes celles et tous ceux, syndicalistes, militants associatifs et politiques, qui jours apr\u00e8s jour s\u2019acharnent \u00e0 remettre \u00e0 l\u2019endroit ce que le lib\u00e9ralisme met \u00e0 l\u2019envers, celles et ceux qui refusent la dictature du fric et du profit et qui choisissent l\u2019Humain d\u2019abord.\u00a0<\/b><\/span><\/h3>\n<p><span style=\"font-family: Trebuchet MS, sans-serif;\"><b><br \/>\n<\/b><\/span><\/p>\n<h2><span style=\"font-family: Trebuchet MS,sans-serif; color: #808000;\"><b>Cet a\u00e9roport ne se fera pas ! La terre aux paysans ! On ne l\u00e2chera rien ! Vinci d\u00e9gage !<\/b> <\/span><\/h2>\n<\/div>\n<div class=\"post-body entry-content\" itemprop=\"description articleBody\"><\/div>\n<div class=\"post-footer\">\n<div class=\"post-footer-line post-footer-line-1\"><span class=\"post-author vcard\"><span style=\"color: #0000ff;\"><em> Publi\u00e9 par Les Alternatifs 44\u00a0\u00a0\u00a0 <\/em><\/span><\/span><br \/>\nhttp:\/\/www.alternatifs44.com<\/div>\n<\/div>\n<gcse:search><\/gcse:search>","protected":false},"excerpt":{"rendered":"<p>Quel succ\u00e8s ! Pour la quatri\u00e8me fois en moins d\u2019un an, nous sommes encore aujourd\u2019hui plusieurs dizaines de milliers pr\u00e9sents \u00e0 Notre Dame des landes pour affirmer notre opposition \u00e0 la b\u00e9tonisation de centaines d\u2019hectares de terres agricoles pour construire un a\u00e9roport inutile au regard de l\u2019existant et des besoins.\u00a0 Et le moins qu\u2019on puisse [&hellip;]<\/p>\n","protected":false},"author":1,"featured_media":0,"comment_status":"open","ping_status":"closed","sticky":false,"template":"","format":"standard","meta":{"footnotes":""},"categories":[154,21,1,180,246],"tags":[34,43,103,23,204,72],"class_list":["post-9139","post","type-post","status-publish","format-standard","hentry","category-agriculture","category-les-alters-dans-les-luttes","category-non-classe","category-services-publics-2","category-transition-energetique-2","tag-alternatifs","tag-appel","tag-demarche-citoyenne","tag-luttes","tag-notre-dame-des-landes","tag-transports"],"_links":{"self":[{"href":"https:\/\/alternatifs81.fr\/index.php?rest_route=\/wp\/v2\/posts\/9139","targetHints":{"allow":["GET"]}}],"collection":[{"href":"https:\/\/alternatifs81.fr\/index.php?rest_route=\/wp\/v2\/posts"}],"about":[{"href":"https:\/\/alternatifs81.fr\/index.php?rest_route=\/wp\/v2\/types\/post"}],"author":[{"embeddable":true,"href":"https:\/\/alternatifs81.fr\/index.php?rest_route=\/wp\/v2\/users\/1"}],"replies":[{"embeddable":true,"href":"https:\/\/alternatifs81.fr\/index.php?rest_route=%2Fwp%2Fv2%2Fcomments&post=9139"}],"version-history":[{"count":0,"href":"https:\/\/alternatifs81.fr\/index.php?rest_route=\/wp\/v2\/posts\/9139\/revisions"}],"wp:attachment":[{"href":"https:\/\/alternatifs81.fr\/index.php?rest_route=%2Fwp%2Fv2%2Fmedia&parent=9139"}],"wp:term":[{"taxonomy":"category","embeddable":true,"href":"https:\/\/alternatifs81.fr\/index.php?rest_route=%2Fwp%2Fv2%2Fcategories&post=9139"},{"taxonomy":"post_tag","embeddable":true,"href":"https:\/\/alternatifs81.fr\/index.php?rest_route=%2Fwp%2Fv2%2Ftags&post=9139"}],"curies":[{"name":"wp","href":"https:\/\/api.w.org\/{rel}","templated":true}]}}