{"id":9135,"date":"2013-08-02T16:31:26","date_gmt":"2013-08-02T15:31:26","guid":{"rendered":"http:\/\/alternatifs81.fr\/?p=9135"},"modified":"2013-08-11T09:38:03","modified_gmt":"2013-08-11T08:38:03","slug":"notre-dame-des-landes-du-ble-dans-nos-champs-pas-dans-leurs-poches-par-laurent-pinatel","status":"publish","type":"post","link":"https:\/\/alternatifs81.fr\/?p=9135","title":{"rendered":"Notre-Dame-des Landes : du bl\u00e9 dans nos champs, pas dans leurs poches par Laurent PINATEL"},"content":{"rendered":"<div class=\"post-body entry-content\" id=\"post-body-2701165793790041433\" itemprop=\"description articleBody\">\n<div class=\"separator\" style=\"text-align: center; clear: both;\"><a style=\"margin-bottom: 1em; float: left; clear: left; margin-right: 1em;\" href=\"http:\/\/1.bp.blogspot.com\/-fDpMJuFwEkk\/UfvOn7WuTKI\/AAAAAAAAFV8\/SaYxX_uewTo\/s1600\/P1090300.JPG\" rel=\"lightbox[9135]\"><img loading=\"lazy\" decoding=\"async\" alt=\"\" src=\"http:\/\/1.bp.blogspot.com\/-fDpMJuFwEkk\/UfvOn7WuTKI\/AAAAAAAAFV8\/SaYxX_uewTo\/s320\/P1090300.JPG\" width=\"320\" height=\"212\" border=\"0\" \/><\/a><\/div>\n<h3 style=\"text-align: justify;\"><b><span style=\"font-family: 'Trebuchet MS',sans-serif;\">Nous ne pouvons plus accepter ni tol\u00e9rer la destruction d\u2019emplois paysans, le gaspillage de terres agricoles. L\u2019agriculture a perdu 160 000 emplois paysans en 10 ans dans la plus grande indiff\u00e9rence.<\/span><\/b><\/h3>\n<h3 style=\"text-align: justify;\"><b><span style=\"font-family: 'Trebuchet MS',sans-serif;\">Si l\u2019on en croit les discours politiques, l\u2019artificialisation des terres agricoles est un mal \u00e0 combattre absolument ! Nous avons entendu Fran\u00e7ois Hollande le dire \u00e0 Rennes en septembre, puis \u00e0 nouveau, de mani\u00e8re forte, lors de la conf\u00e9rence environnementale. Pourtant, depuis des d\u00e9cennies, pour chaque projet routier, d\u2019urbanisation, de plate-forme de distribution, de zone d\u2019activit\u00e9\u2026 on exproprie et on s\u2019accapare la \u00ab<i>rase campagne<\/i>\u00bb au d\u00e9triment de l\u2019agriculture et des paysans.\u00a0<\/span><\/b><\/h3>\n<h3 style=\"text-align: justify;\"><b><span style=\"font-family: 'Trebuchet MS',sans-serif;\">Nous, militants de la Conf\u00e9d\u00e9ration paysanne, ne pouvons plus accepter ni tol\u00e9rer la destruction d\u2019emplois paysans, le gaspillage de terres agricoles. Nous sommes oppos\u00e9s \u00e0 ce projet embl\u00e9matique des luttes fonci\u00e8res actuelles car<!--more--> nous refusons que l\u2019activit\u00e9 agricole serve de variable d\u2019ajustement et soit sacrifi\u00e9e sur l\u2019autel d\u2019un d\u00e9veloppement \u00e9conomique d\u00e9brid\u00e9.\u00a0<\/span><\/b><\/h3>\n<h3 style=\"text-align: justify;\"><b><span style=\"font-family: 'Trebuchet MS',sans-serif;\">A l\u2019heure des d\u00e9fis alimentaires et \u00e9nerg\u00e9tiques \u00e0 relever, \u00e0 l\u2019heure o\u00f9 il faudra produire mieux avec moins, le gaspillage de la terre agricole est une aberration. La terre arable, la terre nourrici\u00e8re, est un bien \u00e0 pr\u00e9server et non \u00e0 massacrer, \u00e0 b\u00e9tonner, \u00e0 d\u00e9truire\u2026 C\u2019est inscrit dans tous les projets d\u2019am\u00e9nagement et de d\u00e9veloppement durable. Maintenant, il faut le faire !\u00a0<\/span><\/b><\/h3>\n<h3 style=\"text-align: justify;\"><a name=\"more\"><\/a><\/h3>\n<h3 style=\"text-align: justify;\"><b><span style=\"font-family: 'Trebuchet MS',sans-serif;\">L\u2019agriculture a perdu 160 000 emplois paysans en 10 ans \u2013 l\u2019\u00e9quivalent de deux plans sociaux PSA\/Citro\u00ebn par an \u2013 dans la plus grande indiff\u00e9rence. Les supermarch\u00e9s sont largement approvisionn\u00e9s, alors quelques dizaines de paysans en moins ici et l\u00e0, qu\u2019est ce que \u00e7a change ?\u00a0<\/span><\/b><\/h3>\n<h3 style=\"text-align: justify;\"><b><span style=\"font-family: 'Trebuchet MS',sans-serif;\">Dans ce grand concert ou chaque ministre donne de la voix contre la d\u00e9sindustrialisation, contre la mondialisation, contre le lib\u00e9ralisme sauvage\u2026 doit on comprendre que l\u2019agriculture n\u2019est pas concern\u00e9e par ces pseudos intentions vertueuses ?\u00a0<\/span><\/b><\/h3>\n<h3 style=\"text-align: justify;\"><b><span style=\"font-family: 'Trebuchet MS',sans-serif;\">Alors aujourd\u2019hui comme hier, nous soutenons les paysans qui d\u00e9fendent leur m\u00e9tier, qui r\u00e9sistent et qui luttent pour pr\u00e9server leur outil de travail : la terre, ici \u00e0 Notre-Dame-des-Landes, mais aussi dans le Gard sur la ZAD golfique (Zone d\u2019am\u00e9nagement diff\u00e9r\u00e9, projet d\u2019am\u00e9nager une zone r\u00e9sidentielle et touristique assortie de deux terrains de golf, ndlr) dans le Morvan, \u00e0 Avignon, comme dans tous les pays o\u00f9 ce fameux dogme du d\u00e9veloppement \u00e9conomique justifie tout, autorise tout, agresse et martyrise les plus faibles et g\u00e9n\u00e8re des wagons d\u2019exclus au profit des plus nantis, des plus riches.\u00a0<\/span><\/b><\/h3>\n<h3 style=\"text-align: justify;\"><b><span style=\"font-family: 'Trebuchet MS',sans-serif;\">De nombreux jeunes veulent devenir paysans, veulent travailler dans et avec la nature, veulent cultiver la terre, veulent produire pour approvisionner les march\u00e9s de proximit\u00e9 ou les cantines scolaires, nourrir leurs voisins, participer au d\u00e9veloppement \u00e9conomique de leur territoire.\u00a0<\/span><\/b><\/h3>\n<h3 style=\"text-align: justify;\"><b><span style=\"font-family: 'Trebuchet MS',sans-serif;\">Alors pour eux, pour nos enfants, pour tous ceux qui veulent continuer \u00e0 vivre de la terre, nous refusons l\u2019implantation de cet a\u00e9roport \u00e0 Notre-Dame-des-Landes. La campagne massive de d\u00e9sinformation men\u00e9e par les tenants de ce projet p\u00e9rim\u00e9 n\u2019a que trop dur\u00e9e ! Il existe d\u00e9j\u00e0 un a\u00e9roport qui peut \u00eatre adapt\u00e9 pour r\u00e9pondre aux besoins d\u2019\u00e9changes actuels et \u00e0 venir. Il est encore temps d\u2019arr\u00eater l\u2019escalade, d\u2019arr\u00eater cette fuite en avant !\u00a0<\/span><\/b><\/h3>\n<h3 style=\"text-align: justify;\"><b><span style=\"font-family: 'Trebuchet MS',sans-serif;\">Les egos surdimensionn\u00e9s de certains \u00ab<i>barons<\/i>\u00bb locaux nous interpellent sur la fa\u00e7on de penser et de concevoir la d\u00e9mocratie dans ce pays ! L\u2019ent\u00eatement intol\u00e9rable des promoteurs de ce projet, leur autisme face aux interpellations des citoyens est r\u00e9v\u00e9lateur d\u2019un \u00e9tat d\u2019esprit.\u00a0<\/span><\/b><\/h3>\n<h3 style=\"text-align: justify;\"><b><span style=\"font-family: 'Trebuchet MS',sans-serif;\">A leur condescendance et leur m\u00e9pris nous, paysans de la Conf\u00e9d\u00e9ration paysanne, r\u00e9pondons par cet invincible espoir, par cette in\u00e9branlable confiance en l\u2019Histoire en marche, l\u2019Histoire qui condamne ce projet d\u00e9finitivement inutile ! Alors, ce week-end \u00e0 Notre-Dame-des-Landes, nous serons nombreux \u00e0 crier, clamer une nouvelle fois que ce projet doit \u00eatre retir\u00e9 dans les plus brefs d\u00e9lais.\u00a0<\/span><\/b><\/h3>\n<h3 style=\"text-align: justify;\"><b><span style=\"font-family: 'Trebuchet MS',sans-serif;\">Etre en phase avec les enjeux sociaux, donner un avenir \u00e0 l\u2019agriculture, relever les d\u00e9fis environnementaux, \u00eatre coh\u00e9rent, \u00eatre ambitieux, voire visionnaire, c\u2019est pour Fran\u00e7ois Hollande renoncer d\u00e9finitivement \u00e0 cet a\u00e9roport. Ce week-end encore, et ensuite s\u2019il le faut, nous saurons le lui rappeler !\u00a0<\/span><\/b><\/h3>\n<h3 class=\"post-title entry-title\" itemprop=\"name\"><em>Laurent PINATEL, porte-parole pour le secr\u00e9tariat national de la Conf\u00e9d\u00e9ration paysanne<\/em><\/h3>\n<p><span style=\"color: #0000ff;\"><b><span style=\"font-family: 'Trebuchet MS',sans-serif;\"><i>(cette tribune a \u00e9t\u00e9 publi\u00e9e dans le quotidien Lib\u00e9ration)<\/i><\/span><\/b><\/span><\/p>\n<\/div>\n<gcse:search><\/gcse:search>","protected":false},"excerpt":{"rendered":"<p>Nous ne pouvons plus accepter ni tol\u00e9rer la destruction d\u2019emplois paysans, le gaspillage de terres agricoles. L\u2019agriculture a perdu 160 000 emplois paysans en 10 ans dans la plus grande indiff\u00e9rence. Si l\u2019on en croit les discours politiques, l\u2019artificialisation des terres agricoles est un mal \u00e0 combattre absolument ! Nous avons entendu Fran\u00e7ois Hollande le [&hellip;]<\/p>\n","protected":false},"author":1,"featured_media":0,"comment_status":"open","ping_status":"closed","sticky":false,"template":"","format":"standard","meta":{"footnotes":""},"categories":[154,125,232,246],"tags":[23,204],"class_list":["post-9135","post","type-post","status-publish","format-standard","hentry","category-agriculture","category-ecologie","category-notre-economie-et-la-leur","category-transition-energetique-2","tag-luttes","tag-notre-dame-des-landes"],"_links":{"self":[{"href":"https:\/\/alternatifs81.fr\/index.php?rest_route=\/wp\/v2\/posts\/9135","targetHints":{"allow":["GET"]}}],"collection":[{"href":"https:\/\/alternatifs81.fr\/index.php?rest_route=\/wp\/v2\/posts"}],"about":[{"href":"https:\/\/alternatifs81.fr\/index.php?rest_route=\/wp\/v2\/types\/post"}],"author":[{"embeddable":true,"href":"https:\/\/alternatifs81.fr\/index.php?rest_route=\/wp\/v2\/users\/1"}],"replies":[{"embeddable":true,"href":"https:\/\/alternatifs81.fr\/index.php?rest_route=%2Fwp%2Fv2%2Fcomments&post=9135"}],"version-history":[{"count":0,"href":"https:\/\/alternatifs81.fr\/index.php?rest_route=\/wp\/v2\/posts\/9135\/revisions"}],"wp:attachment":[{"href":"https:\/\/alternatifs81.fr\/index.php?rest_route=%2Fwp%2Fv2%2Fmedia&parent=9135"}],"wp:term":[{"taxonomy":"category","embeddable":true,"href":"https:\/\/alternatifs81.fr\/index.php?rest_route=%2Fwp%2Fv2%2Fcategories&post=9135"},{"taxonomy":"post_tag","embeddable":true,"href":"https:\/\/alternatifs81.fr\/index.php?rest_route=%2Fwp%2Fv2%2Ftags&post=9135"}],"curies":[{"name":"wp","href":"https:\/\/api.w.org\/{rel}","templated":true}]}}