{"id":9107,"date":"2013-07-25T18:09:32","date_gmt":"2013-07-25T17:09:32","guid":{"rendered":"http:\/\/alternatifs81.fr\/?p=9107"},"modified":"2013-08-01T14:47:02","modified_gmt":"2013-08-01T13:47:02","slug":"un-nouvel-assassinat-politique-en-tunisie-communique-de-presse","status":"publish","type":"post","link":"https:\/\/alternatifs81.fr\/?p=9107","title":{"rendered":"Un nouvel assassinat politique en Tunisie ! (Communiqu\u00e9 de Presse des Alternatifs)"},"content":{"rendered":"<p style=\"text-align: justify;\"><b><img loading=\"lazy\" decoding=\"async\" class=\"alignleft size-full wp-image-7737\" style=\"margin: 12px;\" alt=\"tunisie\" src=\"http:\/\/alternatifs81.fr\/wp-content\/uploads\/tunisie.jpg\" width=\"204\" height=\"139\" \/>Mohamed BRAHMI, d\u00e9l\u00e9gu\u00e9 \u00e0 l\u2019Assembl\u00e9e constituante et dirigeant du Front Populaire vient d\u2019\u00eatre assassin\u00e9 par balles devant son domicile.<\/b><\/p>\n<p class=\"MsoNormal\" style=\"text-indent: 108pt; line-height: 150%; text-align: justify;\"><b>C\u2019est dans des circonstances semblables qu\u2019avait d\u00e9j\u00e0 \u00e9t\u00e9 assassin\u00e9 le 6 f\u00e9vrier dernier notre camarade <span style=\"mso-spacerun: yes;\">\u00a0<\/span>Chokri BELAID dirigeant du Parti des Patriotes D\u00e9mocrates Unifi\u00e9s .<\/b><\/p>\n<p class=\"MsoNormal\" style=\"text-indent: 108pt; line-height: 150%; text-align: justify;\"><b>Les Alternatifs, solidaires du processus d\u00e9mocratique et r\u00e9volutionnaire en cours<span style=\"mso-spacerun: yes;\">\u00a0 <\/span>en Tunisie, pr\u00e9sentent leurs sinc\u00e8res condol\u00e9ances \u00e0 la famille de Mohamed <\/b><b><b>BRAHMI<\/b> ainsi qu\u2019\u00e0 l\u2019ensemble des camarades du Front Populaire. <\/b><\/p>\n<p class=\"MsoNormal\" style=\"text-indent: 108pt; line-height: 150%; text-align: justify;\"><b>Les actes de violence politique en cours en Tunisie doivent cesser, et les complicit\u00e9s du Pouvoir, d\u2019Ennahda <span style=\"mso-spacerun: yes;\">\u00a0\u00a0<\/span>et <span style=\"mso-spacerun: yes;\">\u00a0<\/span>de la \u00ab\u00a0 tro\u00eeka\u00a0\u00bb \u00eatre <span style=\"mso-spacerun: yes;\">\u00a0<\/span>d\u00e9nonc\u00e9es. Enfin il faut que toute la v\u00e9rit\u00e9 soit faite sur les auteurs et commanditaires <span style=\"mso-spacerun: yes;\">\u00a0<\/span>de ces assassinats politiques. Il en va de la poursuite du d\u00e9veloppement du processus<img loading=\"lazy\" decoding=\"async\" class=\"size-full wp-image-9117 alignright\" style=\"margin: 11px;\" alt=\"ob_5b5f0513eb4e6573a29fe14f56e7a2a6_m-brahmi\" src=\"http:\/\/alternatifs81.fr\/wp-content\/uploads\/ob_5b5f0513eb4e6573a29fe14f56e7a2a6_m-brahmi.jpg\" width=\"100\" height=\"54\" \/> d\u00e9mocratique et r\u00e9volutionnaire tunisien. <\/b><\/p>\n<h3 class=\"MsoNormal\" style=\"text-indent: 108pt; line-height: 150%;\"><span style=\"color: #0000ff;\"><em>Les Alternatifs, le 25 juillet 2013<\/em><\/span><\/h3>\n<gcse:search><\/gcse:search>","protected":false},"excerpt":{"rendered":"<p>Mohamed BRAHMI, d\u00e9l\u00e9gu\u00e9 \u00e0 l\u2019Assembl\u00e9e constituante et dirigeant du Front Populaire vient d\u2019\u00eatre assassin\u00e9 par balles devant son domicile. C\u2019est dans des circonstances semblables qu\u2019avait d\u00e9j\u00e0 \u00e9t\u00e9 assassin\u00e9 le 6 f\u00e9vrier dernier notre camarade \u00a0Chokri BELAID dirigeant du Parti des Patriotes D\u00e9mocrates Unifi\u00e9s . Les Alternatifs, solidaires du processus d\u00e9mocratique et r\u00e9volutionnaire en cours\u00a0 en [&hellip;]<\/p>\n","protected":false},"author":1,"featured_media":0,"comment_status":"open","ping_status":"closed","sticky":false,"template":"","format":"standard","meta":{"footnotes":""},"categories":[9,147,173],"tags":[58],"class_list":["post-9107","post","type-post","status-publish","format-standard","hentry","category-communiques","category-international","category-no-pasaran","tag-tunisie"],"_links":{"self":[{"href":"https:\/\/alternatifs81.fr\/index.php?rest_route=\/wp\/v2\/posts\/9107","targetHints":{"allow":["GET"]}}],"collection":[{"href":"https:\/\/alternatifs81.fr\/index.php?rest_route=\/wp\/v2\/posts"}],"about":[{"href":"https:\/\/alternatifs81.fr\/index.php?rest_route=\/wp\/v2\/types\/post"}],"author":[{"embeddable":true,"href":"https:\/\/alternatifs81.fr\/index.php?rest_route=\/wp\/v2\/users\/1"}],"replies":[{"embeddable":true,"href":"https:\/\/alternatifs81.fr\/index.php?rest_route=%2Fwp%2Fv2%2Fcomments&post=9107"}],"version-history":[{"count":0,"href":"https:\/\/alternatifs81.fr\/index.php?rest_route=\/wp\/v2\/posts\/9107\/revisions"}],"wp:attachment":[{"href":"https:\/\/alternatifs81.fr\/index.php?rest_route=%2Fwp%2Fv2%2Fmedia&parent=9107"}],"wp:term":[{"taxonomy":"category","embeddable":true,"href":"https:\/\/alternatifs81.fr\/index.php?rest_route=%2Fwp%2Fv2%2Fcategories&post=9107"},{"taxonomy":"post_tag","embeddable":true,"href":"https:\/\/alternatifs81.fr\/index.php?rest_route=%2Fwp%2Fv2%2Ftags&post=9107"}],"curies":[{"name":"wp","href":"https:\/\/api.w.org\/{rel}","templated":true}]}}