{"id":9069,"date":"2013-07-22T16:13:09","date_gmt":"2013-07-22T15:13:09","guid":{"rendered":"http:\/\/alternatifs81.fr\/?p=9069"},"modified":"2013-08-01T14:47:51","modified_gmt":"2013-08-01T13:47:51","slug":"commemoration-de-lassassinat-de-jean-jaures-le-31-juillet-2013","status":"publish","type":"post","link":"https:\/\/alternatifs81.fr\/?p=9069","title":{"rendered":"Comm\u00e9moration de l&rsquo;assassinat de Jean Jaur\u00e8s le 31 juillet 2013"},"content":{"rendered":"<p style=\"font-style: normal; font-weight: normal; text-decoration: none; margin-bottom: 0.5cm; text-align: justify;\"><strong><img loading=\"lazy\" decoding=\"async\" class=\"alignleft  wp-image-4496\" style=\"margin: 11px;\" alt=\"21133572\" src=\"http:\/\/alternatifs81.fr\/wp-content\/uploads\/21133572.jpg\" width=\"230\" height=\"307\" srcset=\"https:\/\/alternatifs81.fr\/wp-content\/uploads\/21133572.jpg 600w, https:\/\/alternatifs81.fr\/wp-content\/uploads\/21133572-225x300.jpg 225w\" sizes=\"auto, (max-width: 230px) 100vw, 230px\" \/>\u00a0<\/strong><span style=\"color: #000000;\"><span style=\"font-family: Times New Roman;\"><span style=\"font-size: medium;\"><strong>Comm\u00e9moration de l&rsquo;assassinat de Jean Jaur\u00e8s le 31 juillet 2013 place Jean Jaur\u00e8s \u00e0 Castres \u00e0 18h.<\/strong> <\/span><\/span><\/span><\/p>\n<h3 style=\"font-style: normal; font-weight: normal; text-decoration: none; margin-bottom: 0.5cm; text-align: justify;\"><strong><span style=\"color: #000000;\"><span style=\"font-family: Times New Roman;\"><span style=\"font-size: medium;\">Parce qu&rsquo;il luttait pour la paix, Jean Jaur\u00e8s est assassin\u00e9 par un\u00a0 nationaliste d&rsquo;extr\u00eame droite le 31 juillet 1914, trois jours avant le d\u00e9but de la premi\u00e8re guerre mondiale, au caf\u00e9 du croissant \u00e0 Paris. \u00ab Il cherchait\u00a0 \u00e0 \u00e9carter l&rsquo;horrible et le terrifiant p\u00e9ril \u00bb, Jean Jaur\u00e8s l&rsquo;a pay\u00e9 de sa vie.<\/span><\/span><\/span><\/strong><\/h3>\n<h3 style=\"font-style: normal; font-weight: normal; text-decoration: none; margin-bottom: 0.5cm; text-align: justify;\"><span style=\"color: #000000;\"><span style=\"font-family: Times New Roman;\"><span style=\"font-size: medium;\"><span style=\"color: #808000;\"><strong>Le Parti Socialiste, Parti Communiste Fran\u00e7ais, Europe Ecologie Les Verts, le <\/strong><strong>Parti de Gauche, le Parti Radical de Gauche, Les Alternatifs, Castres \u00e0 <\/strong><strong>Gauche Vraiment, le Cercle Cit\u00e9 Solidaire<\/strong><\/span> <strong>vous invitent \u00e0 comm\u00e9morer cet \u00e9v\u00e8nement le 31 juillet prochain \u00e0 18 heures place Jean Jaur\u00e8s \u00e0 Castres<\/strong> <\/span><\/span><\/span><\/h3>\n<h3 style=\"font-style: normal; font-weight: normal; text-decoration: none; margin-bottom: 0.5cm; text-align: justify;\"><span style=\"color: #000000;\"><span style=\"font-family: Times New Roman;\"><span style=\"font-size: medium;\"><br \/>\n<strong>avec la participation amicale du groupe vocal \u00ab Les Grandes Bouches \u00bb.<\/strong><\/span><\/span><\/span><\/h3>\n<gcse:search><\/gcse:search>","protected":false},"excerpt":{"rendered":"<p>\u00a0Comm\u00e9moration de l&rsquo;assassinat de Jean Jaur\u00e8s le 31 juillet 2013 place Jean Jaur\u00e8s \u00e0 Castres \u00e0 18h. Parce qu&rsquo;il luttait pour la paix, Jean Jaur\u00e8s est assassin\u00e9 par un\u00a0 nationaliste d&rsquo;extr\u00eame droite le 31 juillet 1914, trois jours avant le d\u00e9but de la premi\u00e8re guerre mondiale, au caf\u00e9 du croissant \u00e0 Paris. \u00ab Il cherchait\u00a0 [&hellip;]<\/p>\n","protected":false},"author":1,"featured_media":0,"comment_status":"open","ping_status":"closed","sticky":false,"template":"","format":"standard","meta":{"footnotes":""},"categories":[1],"tags":[],"class_list":["post-9069","post","type-post","status-publish","format-standard","hentry","category-non-classe"],"_links":{"self":[{"href":"https:\/\/alternatifs81.fr\/index.php?rest_route=\/wp\/v2\/posts\/9069","targetHints":{"allow":["GET"]}}],"collection":[{"href":"https:\/\/alternatifs81.fr\/index.php?rest_route=\/wp\/v2\/posts"}],"about":[{"href":"https:\/\/alternatifs81.fr\/index.php?rest_route=\/wp\/v2\/types\/post"}],"author":[{"embeddable":true,"href":"https:\/\/alternatifs81.fr\/index.php?rest_route=\/wp\/v2\/users\/1"}],"replies":[{"embeddable":true,"href":"https:\/\/alternatifs81.fr\/index.php?rest_route=%2Fwp%2Fv2%2Fcomments&post=9069"}],"version-history":[{"count":0,"href":"https:\/\/alternatifs81.fr\/index.php?rest_route=\/wp\/v2\/posts\/9069\/revisions"}],"wp:attachment":[{"href":"https:\/\/alternatifs81.fr\/index.php?rest_route=%2Fwp%2Fv2%2Fmedia&parent=9069"}],"wp:term":[{"taxonomy":"category","embeddable":true,"href":"https:\/\/alternatifs81.fr\/index.php?rest_route=%2Fwp%2Fv2%2Fcategories&post=9069"},{"taxonomy":"post_tag","embeddable":true,"href":"https:\/\/alternatifs81.fr\/index.php?rest_route=%2Fwp%2Fv2%2Ftags&post=9069"}],"curies":[{"name":"wp","href":"https:\/\/api.w.org\/{rel}","templated":true}]}}