{"id":8935,"date":"2013-06-30T16:06:52","date_gmt":"2013-06-30T15:06:52","guid":{"rendered":"http:\/\/alternatifs81.fr\/?p=8935"},"modified":"2013-06-30T16:08:26","modified_gmt":"2013-06-30T15:08:26","slug":"front-republicain-le-mirage-tribune-libre-patrick-mignard","status":"publish","type":"post","link":"https:\/\/alternatifs81.fr\/?p=8935","title":{"rendered":"FRONT REPUBLICAIN : LE MIRAGE. (Tribune libre Patrick MIGNARD)"},"content":{"rendered":"<h3 style=\"text-align: justify;\"><img loading=\"lazy\" decoding=\"async\" class=\"alignleft  wp-image-5513\" style=\"margin: 10px;\" alt=\"239-239-large\" src=\"http:\/\/alternatifs81.fr\/wp-content\/uploads\/239-239-large3.jpg\" width=\"240\" height=\"240\" srcset=\"https:\/\/alternatifs81.fr\/wp-content\/uploads\/239-239-large3.jpg 300w, https:\/\/alternatifs81.fr\/wp-content\/uploads\/239-239-large3-150x150.jpg 150w\" sizes=\"auto, (max-width: 240px) 100vw, 240px\" \/>C\u2019est une strat\u00e9gie, ou plut\u00f4t une tactique entre ce qu\u2019il est convenu d\u2019appeler la Droite et la Gauche pour faire barrage, au moment d\u2019une \u00e9lection, au Front National.<\/h3>\n<h3 style=\"text-align: justify;\">Soyons clairs tout de suite\u00a0: c\u2019est une tactique purement d\u00e9fensive, une attitude \u00ab\u00a0par d\u00e9faut\u00a0\u00bb. Le <strong><em>Front R\u00e9publicain<\/em><\/strong> n\u2019est porteur d\u2019aucune strat\u00e9gie, d\u2019aucun programme\u2026. C\u2019est une \u00ab\u00a0alliance\u00a0\u00bb de circonstance, sans lendemain.<\/h3>\n<h3 style=\"text-align: justify;\">Or, au fur et \u00e0 mesure de l\u2019alternance au pouvoir et de l\u2019incapacit\u00e9 des uns et des autres \u00e0 r\u00e9soudre les probl\u00e8mes, la mondialisation marchande et la crise aggravant la situation, cette man\u0153uvre devient de plus en plus n\u00e9cessaire et a tendance \u00e0 se g\u00e9n\u00e9raliser. Ce <strong><em>Front R\u00e9publicain<\/em><\/strong> qui \u00e9tait pr\u00e9sent\u00e9 comme une exception dans le processus \u00e9lectoral est en passe de devenir la r\u00e8gle. Pourquoi\u00a0?<!--more--><\/h3>\n<h3 style=\"text-align: justify;\">Les marges de man\u0153uvres sont de plus en plus r\u00e9duites pour s\u2019acheter, comme autrefois, la <em>paix sociale<\/em>. Le champ est donc libre pour toutes les d\u00e9magogies mais aussi pour des strat\u00e9gies de rupture. Or, des strat\u00e9gies de rupture ne sont port\u00e9es r\u00e9ellement par aucune organisation politique \u2013 sinon dans leurs discours, et encore\u00a0! Reste la d\u00e9magogie\u00a0! Et l\u00e0, le Front National, comme tous les mouvements n\u00e9o-fascistes (voir l\u2019Histoire du 20<sup>e<\/sup> si\u00e8cle) est au top niveau. Balayant le champ des revendications, il les adopte toutes. Balayant le champ des peurs, il les \u00e9voque toutes. Il fleurit sur le fumier de la d\u00e9cadence politique et sociale, de la peur et de la ranc\u0153ur.<\/h3>\n<h3 style=\"text-align: justify;\">Le <strong><em>Front R\u00e9publicain<\/em><\/strong> c\u2019est la <em>cerise sur le g\u00e2teau<\/em> pour l\u2019extr\u00eame droite, qui non seulement, sur le long terme n\u2019est pas tenable pour ceux qui l\u2019utilisent, mais lui permet d\u2019en rajouter une couche quant \u00e0 la collusion des professionnels de la politique qui se succ\u00e8dent au pouvoir sans jamais r\u00e9soudre les probl\u00e8mes.<\/h3>\n<h3 style=\"text-align: justify;\">Est-ce par une d\u00e9marche purement d\u00e9fensive et conservatrice que l\u2019on va stopper le danger que repr\u00e9sente le Front National\u00a0? La r\u00e9ponse est \u00e9videmment NON\u00a0! Or aujourd\u2019hui c\u2019est la seule strat\u00e9gie propos\u00e9e par les partis politiques dominants.<\/h3>\n<h3 style=\"text-align: justify;\">Le Front National peut ainsi se payer le luxe, sans programme \u00e9conomique et social, \u00e0 faire de la surench\u00e8re. Rien sur le temps et les conditions de travail, les retraites, la sant\u00e9\u2026 Il est l\u2019expression, en creux, des impuissances et des trahisons (pour la gauche) des partis politiques. Il construit un <em>ersatz<\/em> de programme avec les promesses faites par les autres, le tout saupoudr\u00e9 de haine et d\u2019aigreur.<\/h3>\n<h3 style=\"text-align: justify;\">Le <strong><em>Front R\u00e9publicain<\/em><\/strong> ne fait que reculer le moment o\u00f9 l\u2019extr\u00eame droite obtiendra suffisamment de voix, de si\u00e8ges pour jouer v\u00e9ritablement un r\u00f4le politique r\u00e9el\u2026 et l\u2019on sait ce que cela donne\u2026 Il sera alors trop tard. Tout le monde se renverra la responsabilit\u00e9 du d\u00e9sastre\u2026. \u00e7a a d\u00e9j\u00e0 d\u2019ailleurs commenc\u00e9 !<\/h3>\n<h3 style=\"text-align: justify;\"><span style=\"color: #808000;\">Tirer les le\u00e7ons de l\u2019Histoire d\u00eetes-vous\u00a0?&#8230;&#8230;<\/span><\/h3>\n<p>&nbsp;<\/p>\n<h3 style=\"text-align: justify;\"><span style=\"color: #0000ff;\">\u00a0Patrick MIGNARD<\/span><\/h3>\n<p>&nbsp;<\/p>\n<h3 style=\"text-align: justify;\"><em><span style=\"color: #0000ff;\">1<sup>er<\/sup> juillet 2013<\/span><\/em><\/h3>\n<gcse:search><\/gcse:search>","protected":false},"excerpt":{"rendered":"<p>C\u2019est une strat\u00e9gie, ou plut\u00f4t une tactique entre ce qu\u2019il est convenu d\u2019appeler la Droite et la Gauche pour faire barrage, au moment d\u2019une \u00e9lection, au Front National. Soyons clairs tout de suite\u00a0: c\u2019est une tactique purement d\u00e9fensive, une attitude \u00ab\u00a0par d\u00e9faut\u00a0\u00bb. Le Front R\u00e9publicain n\u2019est porteur d\u2019aucune strat\u00e9gie, d\u2019aucun programme\u2026. C\u2019est une \u00ab\u00a0alliance\u00a0\u00bb de [&hellip;]<\/p>\n","protected":false},"author":1,"featured_media":0,"comment_status":"open","ping_status":"closed","sticky":false,"template":"","format":"standard","meta":{"footnotes":""},"categories":[284,62,126],"tags":[103,117],"class_list":["post-8935","post","type-post","status-publish","format-standard","hentry","category-anti-racismes","category-elections","category-gauche-de-combat","tag-demarche-citoyenne","tag-democratie"],"_links":{"self":[{"href":"https:\/\/alternatifs81.fr\/index.php?rest_route=\/wp\/v2\/posts\/8935","targetHints":{"allow":["GET"]}}],"collection":[{"href":"https:\/\/alternatifs81.fr\/index.php?rest_route=\/wp\/v2\/posts"}],"about":[{"href":"https:\/\/alternatifs81.fr\/index.php?rest_route=\/wp\/v2\/types\/post"}],"author":[{"embeddable":true,"href":"https:\/\/alternatifs81.fr\/index.php?rest_route=\/wp\/v2\/users\/1"}],"replies":[{"embeddable":true,"href":"https:\/\/alternatifs81.fr\/index.php?rest_route=%2Fwp%2Fv2%2Fcomments&post=8935"}],"version-history":[{"count":0,"href":"https:\/\/alternatifs81.fr\/index.php?rest_route=\/wp\/v2\/posts\/8935\/revisions"}],"wp:attachment":[{"href":"https:\/\/alternatifs81.fr\/index.php?rest_route=%2Fwp%2Fv2%2Fmedia&parent=8935"}],"wp:term":[{"taxonomy":"category","embeddable":true,"href":"https:\/\/alternatifs81.fr\/index.php?rest_route=%2Fwp%2Fv2%2Fcategories&post=8935"},{"taxonomy":"post_tag","embeddable":true,"href":"https:\/\/alternatifs81.fr\/index.php?rest_route=%2Fwp%2Fv2%2Ftags&post=8935"}],"curies":[{"name":"wp","href":"https:\/\/api.w.org\/{rel}","templated":true}]}}