{"id":8890,"date":"2013-06-24T23:09:52","date_gmt":"2013-06-24T22:09:52","guid":{"rendered":"http:\/\/alternatifs81.fr\/?p=8890"},"modified":"2013-06-24T23:09:52","modified_gmt":"2013-06-24T22:09:52","slug":"communique-des-yourtes-de-bussiere-boffy-pourvoi-en-cassation","status":"publish","type":"post","link":"https:\/\/alternatifs81.fr\/?p=8890","title":{"rendered":"Communiqu\u00e9 des yourtes de Bussiere-Boffy : pourvoi en cassation"},"content":{"rendered":"<p style=\"text-align: justify;\"><span style=\"color: black; font-family: Arial; font-size: 12pt;\"><img loading=\"lazy\" decoding=\"async\" class=\"alignleft size-full wp-image-8767\" style=\"margin: 12px;\" alt=\"index\" src=\"http:\/\/alternatifs81.fr\/wp-content\/uploads\/index.jpg\" width=\"273\" height=\"185\" \/><\/span><strong><span style=\"color: black; font-family: Arial; font-size: 12pt;\">Les trois familles habitant en yourtes depuis 2007, \u00e0 Bussi\u00e8re-Boffy, en Haute-Vienne, ont \u00e9t\u00e9 condamn\u00e9es par la Cour d&rsquo;appel de Limoges du 14 juin 2013, \u00e0 la d\u00e9molition de leurs habitats d&rsquo;ici trois mois, avec une astreinte de 75 \u20ac par jour et par yourte, et une amende totale de 4 340 \u20ac.<\/span><\/strong><\/p>\n<div class=\"contenuArticle\">\n<p style=\"text-align: justify;\"><span style=\"font-size: 12pt;\"><span style=\"color: black; font-family: Arial;\"><strong>Face \u00e0 l&rsquo;indignation g\u00e9n\u00e9rale<\/strong>, <strong>l<\/strong><\/span><strong><span style=\"color: #28009a; font-family: Arial;\">es familles condamn\u00e9es ont d\u00e9cid\u00e9 de se pourvoir en cassation afin de faire reconnaitre leurs droits ainsi que la l\u00e9gitimit\u00e9 de cet habitat \u00e9cologique<\/span> <span style=\"color: black; font-family: Arial;\">et sa fonction sociale,<\/span> <span style=\"color: black; font-family: Arial;\">notamment en zone rurale. Ce pourvoi suspend l&rsquo;application des peines.<\/span><\/strong><\/span><\/p>\n<p style=\"text-align: justify;\"><span style=\"font-size: 12pt; color: #808000;\"><strong><span style=\"font-family: Arial;\">Pour nous permettre de continuer \u00e0 nous d\u00e9fendre, si vous le pouvez, merci de nous aider en envoyant un<!--more--> don<\/span><\/strong><span style=\"font-family: Arial;\">\u00b7<\/span> <\/span><\/p>\n<p style=\"text-align: justify;\"><span style=\"font-size: 12pt; color: #008000;\"><strong><span style=\"font-family: Arial;\">soit par ch\u00e8que \u00e0 l\u2019ordre de :<\/span><\/strong> <\/span><\/p>\n<p style=\"text-align: justify;\"><span style=\"font-size: 12pt;\"><strong><span style=\"color: black; font-family: Arial;\">HALEM<\/span><\/strong> <span style=\"color: black; font-family: Arial;\">(Association des habitants de logements \u00e9ph\u00e9m\u00e8res ou mobiles)<strong>,<\/strong> inscrire au dos du ch\u00e8que : soutien aux yourtes de Bussi\u00e8re-Boffy, puis envoyer \u00e0 l\u2019adresse suivante :<\/span><\/span><\/p>\n<p style=\"text-align: justify;\"><span style=\"font-size: 12pt;\"><strong><span style=\"color: black; font-family: Arial;\">Aude Bach<\/span><\/strong><\/span><\/p>\n<p style=\"text-align: justify;\"><span style=\"font-size: 12pt;\"><strong><span style=\"color: black; font-family: Arial;\">Roche &#8211; 87330 Bussi\u00e8re-Boffy<\/span><\/strong><\/span><\/p>\n<p style=\"text-align: justify;\"><span style=\"font-size: 12pt;\"><strong><span style=\"color: black; font-family: Arial;\">soit par virement internet avec ce lien :<\/span><\/strong><\/span><\/p>\n<p style=\"text-align: justify;\"><span style=\"font-size: 12pt;\"><strong><span style=\"color: #000081; font-family: Arial;\"><a href=\"http:\/\/www.halemfrance.org\/spip.php?article110\">http:\/\/www.halemfrance.org\/spip.php?article110<\/a><\/span><\/strong><\/span><\/p>\n<h3 style=\"text-align: justify;\"><span style=\"color: black; font-family: Arial; font-size: 12pt;\">Depuis son \u00e9lection en 2008, le maire de Bussi\u00e8re-Boffy s&rsquo;acharne par tous les moyens \u2013 c&rsquo;est sans doute le seul maire de France \u00e0 avoir fait ferm\u00e9 l&rsquo;\u00e9cole de sa commune &#8211; \u00e0 faire partir ces familles avec enfants qui vivent dans des yourtes, sur des terrains leur appartenant ou appartenant \u00e0 des amis (\u00e9galement condamn\u00e9s).<\/span><\/h3>\n<h3 style=\"text-align: justify;\"><span style=\"color: black; font-family: Arial; font-size: 12pt;\">Il a pour cela rendu leurs terrains inconstructibles, malgr\u00e9 l\u2019avis de la commission d\u2019enqu\u00eate publique, et s&rsquo;appr\u00eate \u00e0 les exclure du PLU en cours d&rsquo;\u00e9laboration pour geler d\u00e9finitivement leurs droits.<\/span><\/h3>\n<h3 style=\"text-align: justify;\"><span style=\"color: black; font-family: Arial; font-size: 12pt;\">Gr\u00e2ce \u00e0 une mobilisation populaire, les familles avaient \u00e9t\u00e9 r\u00e9gularis\u00e9es en mai 2009 par le sous-pr\u00e9fet, la DDE et le maire. Aucune de ces trois autorit\u00e9s n&rsquo;a respect\u00e9 son engagement.<\/span><\/h3>\n<h3 style=\"text-align: justify;\"><span style=\"color: black; font-family: Arial; font-size: 12pt;\">Depuis 5 ans, ces familles font l&rsquo;objet de nombreux abus de pouvoirs, de plaintes, de harc\u00e8lement administratif et de discriminations de la part du maire.<\/span><\/h3>\n<h3 style=\"text-align: justify;\"><span style=\"color: black; font-family: Arial; font-size: 12pt;\">Jusqu&rsquo;ici, ils ont toujours eu gain de cause dans les proc\u00e9dures qui les ont oppos\u00e9s \u00e0 la mairie. Mais l&rsquo;\u00c9tat a fait appel du jugement de d\u00e9cembre 2012 qui relaxait les habitants des yourtes, et les tr\u00e8s lourdes r\u00e9quisitions de l&rsquo;avocate g\u00e9n\u00e9rale de la Cour d&rsquo;appel ont \u00e9t\u00e9 suivies \u00e0 la lettre, niant les droits fondamentaux et la l\u00e9gitimit\u00e9 de ces habitants.<\/span><\/h3>\n<h3 style=\"text-align: justify;\"><span style=\"color: black; font-family: Arial; font-size: 12pt;\">Dans une p\u00e9riode de crise \u00e9cologique profonde, et une situation \u00e9conomique sans pr\u00e9c\u00e9dent, face \u00e0 la p\u00e9nurie de logements et \u00e0 la d\u00e9sertification des campagnes, les habitats alternatifs comme la yourte apportent une r\u00e9ponse positive. Sa faible empreinte environnementale, l&rsquo;autonomie \u00e9nerg\u00e9tique de ses habitants et ses assainissements \u00e9cologiques en font un habitat qui devrait \u00eatre favoris\u00e9 par l\u2019\u00c9tat plut\u00f4t que criminalis\u00e9.<\/span><\/h3>\n<h3 style=\"text-align: justify;\"><span style=\"color: black; font-family: Arial; font-size: 12pt;\">C&rsquo;est pourquoi, pour d\u00e9fendre leur droit \u00e0 la terre, pour pr\u00e9server l&rsquo;int\u00e9r\u00eat des enfants et des g\u00e9n\u00e9rations futures, les familles concern\u00e9es ont d\u00e9cid\u00e9 de se pourvoir en cassation.<\/span><\/h3>\n<h3 style=\"text-align: justify;\"><span style=\"color: black; font-family: Arial; font-size: 12pt;\">Tous vos dons seront exclusivement utilis\u00e9s pour les frais li\u00e9s \u00e0 la proc\u00e9dure de d\u00e9fense des yourtes.<\/span><\/h3>\n<h3 style=\"text-align: justify;\"><span style=\"color: black; font-family: Arial; font-size: 12pt;\">Merci de faire circuler l&rsquo;info sur vos mails et sites de vos connaissances.<\/span><\/h3>\n<p style=\"text-align: justify;\"><span style=\"font-size: 12pt;\"><span style=\"color: black; font-family: Arial;\"><strong>Pour plus d&rsquo;informations<\/strong> :<\/span> <span style=\"color: #000081; font-family: Arial;\"><a href=\"http:\/\/yourtesbussiere-boffy.info\/\">http:\/\/yourtesbussiere-boffy.info\/<\/a> \u00a0<\/span><span style=\"color: black; font-family: Arial;\">&#8211;<\/span><\/span><\/p>\n<p style=\"text-align: justify;\"><span style=\"font-size: 12pt;\"><span style=\"text-decoration: underline;\"><strong><span style=\"color: black; font-family: Arial; text-decoration: underline;\">courriel :<\/span><\/strong><\/span>\u00a0\u00a0\u00a0 <span style=\"color: #000081; font-family: Arial;\"><a href=\"mailto:yourtesbussieres@yahoo.fr\">yourtesbussieres@yahoo.fr<\/a><\/span><\/span><\/p>\n<p style=\"text-align: justify;\"><span style=\"font-size: 12pt;\"><strong><span style=\"color: black; font-family: Arial;\">\u00a0<\/span><\/strong><\/span><\/p>\n<p style=\"text-align: justify;\"><span style=\"font-size: 12pt;\"><strong><span style=\"color: black; font-family: Arial;\">MERCI DE VOTRE SOUTIEN<\/span><\/strong> <span style=\"color: black; font-family: Arial;\">!<\/span><\/span><\/p>\n<p style=\"text-align: justify;\"><span style=\"font-size: 12pt;\"><span style=\"color: black; font-family: Arial;\">&#8212;&#8212;&#8212;&#8212;&#8212;&#8212;&#8212;&#8212;&#8212;&#8212;&#8212;&#8212;&#8212;&#8212;&#8212;&#8212;&#8212;&#8212;&#8212;&#8212;&#8212;&#8212;&#8212;&#8212;&#8212;&#8212;&#8212;&#8212;&#8212;&#8212;&#8212;&#8212;&#8212;&#8212;&#8212;&#8212;&#8212;&#8211;<\/span><\/span><\/p>\n<p style=\"text-align: justify;\"><span style=\"font-size: 12pt;\"><strong><span style=\"color: #28009a; font-family: Arial;\">Bon de souscription \u00e0 joindre au ch\u00e8que<\/span><\/strong><\/span><\/p>\n<h3 style=\"text-align: justify;\"><span style=\"color: black; font-family: Arial; font-size: 12pt;\">Je fais un don pour contribuer \u00e0 la d\u00e9fense des yourtes de Bussi\u00e8res-Boffy. J&rsquo;accepte que mon don soit affect\u00e9 \u00e0 une autre proc\u00e9dure de d\u00e9fense de yourtes, s&rsquo;il y avait un reliquat.<\/span><\/h3>\n<p style=\"text-align: justify;\"><span style=\"font-size: 12pt;\"><strong><span style=\"color: black; font-family: Arial;\">\u00a0<\/span><\/strong><\/span><\/p>\n<p style=\"text-align: justify;\"><span style=\"font-size: 12pt;\"><strong><span style=\"color: black; font-family: Arial;\">Mon don est de<\/span><\/strong> <span style=\"color: black; font-family: Arial;\">&#8230;&#8230;&#8230;&#8230;&#8230;&#8230;&#8230;&#8230;&#8230;&#8230;&#8230;&#8230;&#8230;&#8230;&#8230;&#8230; <strong>\u20ac<\/strong><\/span><\/span><\/p>\n<p style=\"text-align: justify;\"><span style=\"font-size: 12pt;\"><strong><span style=\"color: black; font-family: Arial;\">Nom<\/span><\/strong><\/span><\/p>\n<p style=\"text-align: justify;\"><span style=\"font-size: 12pt;\"><strong><span style=\"color: black; font-family: Arial;\">Pr\u00e9nom<\/span><\/strong> <span style=\"color: black; font-family: Arial;\">&#8230;&#8230;&#8230;&#8230;&#8230;&#8230;&#8230;&#8230;&#8230;&#8230;&#8230;&#8230;&#8230;&#8230;&#8230;&#8230;&#8230;&#8230;&#8230;&#8230;&#8230;&#8230;&#8230;&#8230;&#8230;&#8230;&#8230;&#8230;&#8230;&#8230;&#8230;&#8230;&#8230;&#8230;&#8230;&#8230;&#8230;&#8230;&#8230;&#8230;&#8230;&#8230;&#8230;&#8230;&#8230;&#8230;<\/span><\/span><\/p>\n<p style=\"text-align: justify;\"><span style=\"font-size: 12pt;\"><strong><span style=\"color: black; font-family: Arial;\">Adresse<\/span><\/strong> <span style=\"color: black; font-family: Arial;\">&#8230;&#8230;&#8230;&#8230;&#8230;&#8230;&#8230;&#8230;&#8230;&#8230;&#8230;&#8230;&#8230;&#8230;&#8230;&#8230;&#8230;&#8230;&#8230;&#8230;&#8230;&#8230;&#8230;&#8230;&#8230;&#8230;&#8230;&#8230;&#8230;&#8230;&#8230;&#8230;&#8230;&#8230;&#8230;&#8230;&#8230;&#8230;&#8230;&#8230;&#8230;&#8230;&#8230;&#8230;&#8230;&#8230;&#8230;&#8230;..<\/span><\/span><\/p>\n<p style=\"text-align: justify;\"><span style=\"font-size: 12pt;\"><strong><span style=\"color: black; font-family: Arial;\">Adresse<\/span><\/strong><\/span><\/p>\n<p style=\"text-align: justify;\"><span style=\"font-size: 12pt;\"><strong><span style=\"color: black; font-family: Arial;\">mail<\/span><\/strong> <span style=\"color: black; font-family: Arial;\">&#8230;&#8230;&#8230;&#8230;&#8230;&#8230;&#8230;&#8230;&#8230;&#8230;&#8230;&#8230;&#8230;&#8230;&#8230;&#8230;&#8230;&#8230;&#8230;&#8230;&#8230;&#8230;&#8230;&#8230;&#8230;&#8230;&#8230;&#8230;&#8230;&#8230;&#8230;&#8230;&#8230;&#8230;&#8230;&#8230;&#8230;&#8230;&#8230;&#8230;&#8230;&#8230;&#8230;&#8230;&#8230;&#8230;<\/span><\/span><\/p>\n<\/div>\n<gcse:search><\/gcse:search>","protected":false},"excerpt":{"rendered":"<p>Les trois familles habitant en yourtes depuis 2007, \u00e0 Bussi\u00e8re-Boffy, en Haute-Vienne, ont \u00e9t\u00e9 condamn\u00e9es par la Cour d&rsquo;appel de Limoges du 14 juin 2013, \u00e0 la d\u00e9molition de leurs habitats d&rsquo;ici trois mois, avec une astreinte de 75 \u20ac par jour et par yourte, et une amende totale de 4 340 \u20ac. Face \u00e0 [&hellip;]<\/p>\n","protected":false},"author":1,"featured_media":0,"comment_status":"open","ping_status":"closed","sticky":false,"template":"","format":"standard","meta":{"footnotes":""},"categories":[9,125],"tags":[103,23],"class_list":["post-8890","post","type-post","status-publish","format-standard","hentry","category-communiques","category-ecologie","tag-demarche-citoyenne","tag-luttes"],"_links":{"self":[{"href":"https:\/\/alternatifs81.fr\/index.php?rest_route=\/wp\/v2\/posts\/8890","targetHints":{"allow":["GET"]}}],"collection":[{"href":"https:\/\/alternatifs81.fr\/index.php?rest_route=\/wp\/v2\/posts"}],"about":[{"href":"https:\/\/alternatifs81.fr\/index.php?rest_route=\/wp\/v2\/types\/post"}],"author":[{"embeddable":true,"href":"https:\/\/alternatifs81.fr\/index.php?rest_route=\/wp\/v2\/users\/1"}],"replies":[{"embeddable":true,"href":"https:\/\/alternatifs81.fr\/index.php?rest_route=%2Fwp%2Fv2%2Fcomments&post=8890"}],"version-history":[{"count":0,"href":"https:\/\/alternatifs81.fr\/index.php?rest_route=\/wp\/v2\/posts\/8890\/revisions"}],"wp:attachment":[{"href":"https:\/\/alternatifs81.fr\/index.php?rest_route=%2Fwp%2Fv2%2Fmedia&parent=8890"}],"wp:term":[{"taxonomy":"category","embeddable":true,"href":"https:\/\/alternatifs81.fr\/index.php?rest_route=%2Fwp%2Fv2%2Fcategories&post=8890"},{"taxonomy":"post_tag","embeddable":true,"href":"https:\/\/alternatifs81.fr\/index.php?rest_route=%2Fwp%2Fv2%2Ftags&post=8890"}],"curies":[{"name":"wp","href":"https:\/\/api.w.org\/{rel}","templated":true}]}}