{"id":8881,"date":"2013-06-24T22:02:17","date_gmt":"2013-06-24T21:02:17","guid":{"rendered":"http:\/\/alternatifs81.fr\/?p=8881"},"modified":"2013-06-24T22:10:39","modified_gmt":"2013-06-24T21:10:39","slug":"26-juin-journee-internationale-de-solidarite-avec-la-lutte-des-travailleurs-de-vio-me","status":"publish","type":"post","link":"https:\/\/alternatifs81.fr\/?p=8881","title":{"rendered":"26 Juin : Journ\u00e9e internationale de solidarit\u00e9 avec la lutte des travailleurs de Vio.Me"},"content":{"rendered":"<p style=\"text-align: justify;\"><strong><span style=\"font-family: 'Trebuchet MS',sans-serif;\">La lutte des travailleurs de Vio.Me. est d\u00e9sormais une longue histoire mais elle est aussi un combat d\u2019avenir.<\/span> <\/strong><\/p>\n<h3><img loading=\"lazy\" decoding=\"async\" class=\"alignleft size-full wp-image-3214\" style=\"margin: 12px;\" alt=\"VioMet\" src=\"http:\/\/www.autogestion.asso.fr\/wp-content\/uploads\/2013\/06\/VioMet.jpg\" width=\"248\" height=\"320\" \/><\/h3>\n<h3 style=\"text-align: justify;\"><span style=\"font-family: 'Trebuchet MS',sans-serif;\">C\u2019est l\u2019histoire d\u2019une usine abandonn\u00e9e par ses employeurs, oubli\u00e9e par l\u2019\u00c9tat et le gouvernement, et ignor\u00e9e des bureaucraties syndicales. C\u2019est l\u2019histoire d\u2019une usine o\u00f9, comme dans nombre d\u2019endroits, les travailleurs ont perdu leur emploi dans le contexte d\u2019un d\u00e9sastre que les dirigeants appellent restructuration \u00e9conomique, et que nous pr\u00e9f\u00e9rons nommer crise et faillite du capitalisme mondialis\u00e9. C\u2019est une histoire de d\u00e9sastre et de destruction, comme il y en a tant d\u2019autres autour de nous.<\/span> <span style=\"font-family: 'Trebuchet MS',sans-serif;\"><span id=\"more-3282\"><\/span>Mais, c\u2019est avant tout l\u2019histoire d\u2019une fraction de la classe ouvri\u00e8re qui refuse de baisser les bras. C\u2019est l\u2019histoire d\u2019une auto-organisation des travailleurs sur la base de la d\u00e9mocratie directe bas\u00e9e sur la conscience d\u2019une unit\u00e9 de classe dans laquelle les principes d\u2019organisation sont l\u2019int\u00e9r\u00eat collectif et les assembl\u00e9es g\u00e9n\u00e9rales. C\u2019est l\u2019histoire de la reprise et de l\u2019autogestion de l\u2019usine Vio.Me., o\u00f9 le besoin d\u2019un travail et d\u2019une r\u00e9mun\u00e9ration digne sont le d\u00e9terminant principal. C\u2019est l\u2019histoire d\u2019une communaut\u00e9 de lutte o\u00f9 les probl\u00e8mes quotidiens trouvent des solutions collectives. C\u2019est une histoire de cr\u00e9ativit\u00e9.<\/span> <a name=\"more\"><\/a> <span style=\"font-family: 'Trebuchet MS',sans-serif;\"><strong>Pour cette raison, le combat des travailleurs de Vio.Me. a suscit\u00e9 la<!--more--> solidarit\u00e9 de milliers de personnes, de travailleurs et de ch\u00f4meurs de tous les endroits de la plan\u00e8te. Pour cette raison pr\u00e9cise, pour la seule derni\u00e8re ann\u00e9e, de Melbourne \u00e0 Tokyo et de Washington \u00e0 Berlin, des dizaines d\u2019\u00e9v\u00e9nements ont \u00e9t\u00e9 organis\u00e9s pour soutenir cette lutte. Pour cette raison pr\u00e9cise, des syndicats, des collectifs, des espaces sociaux et des initiatives ont eu lieu dans toutes les villes de Gr\u00e8ce, grandes comme petites, d\u00e9montrant ainsi de diff\u00e9rentes fa\u00e7ons leur solidarit\u00e9<\/strong> <strong>constante. C\u2019est aussi la raison pour laquelle les gouvernants, l\u2019\u00c9tat et les patrons ont peur des travailleurs de Vio.Me et s\u2019opposent \u00e0 leur lutte de toutes les fa\u00e7ons possibles.<\/strong><\/span><strong> <span style=\"font-family: 'Trebuchet MS',sans-serif;\">Aujourd\u2019hui, quatre mois apr\u00e8s la r\u00e9ouverture de l\u2019usine de Vio.Me. par les travailleurs eux-m\u00eames, en autogestion et sous contr\u00f4le ouvrier, l\u2019\u00c9tat et le gouvernement continuent de mettre des obstacles et d\u2019emp\u00eacher le fonctionnement<!--more--> normal de l\u2019usine. Depuis quatre mois, le gouvernement essaye d\u2019\u00e9trangler financi\u00e8rement ce combat, refusant \u00e0 ce jour aux travailleurs, non pay\u00e9s depuis deux ans, l\u2019indemnit\u00e9 extraordinaire de ch\u00f4mage qui a pourtant \u00e9t\u00e9 allou\u00e9e dans de nombreuses autres situations. Mais les travailleurs et leur syndicat ne se soumettront pas \u00e0 ce chantage \u00e9conomique.<\/span> <\/strong><span style=\"font-family: 'Trebuchet MS',sans-serif;\"><strong>Nous appelon<\/strong>s <strong>chaque travailleur qui comprend les attaques de la classe poss\u00e9dante contre nos vies et nos moyens de subsistance, chaque ch\u00f4meur qui per\u00e7oit dans l\u2019autogestion des moyens de production une voie contre la pauvret\u00e9 et la mis\u00e8re, chaque syndicat, collectif ou espace social du mouvement \u00e0 soutenir le combat des travailleurs de Vio.Me.<\/strong><\/span><strong> <span style=\"font-family: 'Trebuchet MS',sans-serif;\">Mercredi 26 juin, les travailleurs de Vio.Me. appellent \u00e0 un une journ\u00e9e internationale de solidarit\u00e9. Ils distribueront les produits r\u00e9alis\u00e9s sous contr\u00f4le ouvrier lors d\u2019un \u00e9v\u00e8nement central \u00e0 Thessalonique.<\/span> <span style=\"font-family: 'Trebuchet MS',sans-serif;\">Ils invitent toute la soci\u00e9t\u00e9 \u00e0 les soutenir en organisant des \u00e9v\u00e9nements de solidarit\u00e9 en Gr\u00e8ce et \u00e0 l\u2019\u00e9tranger.<\/span> <span style=\"font-family: 'Trebuchet MS',sans-serif;\">Nous exigeons le fonctionnement sans contrainte de l\u2019usine Vio.Me. en autogestion et sous contr\u00f4le ouvrier total !<\/span> <span style=\"font-family: 'Trebuchet MS',sans-serif;\">Nous demandons la l\u00e9galisation imm\u00e9diate de son activit\u00e9.<\/span> <span style=\"font-family: 'Trebuchet MS',sans-serif;\">La production aux mains des producteurs et les usines aux mains des travailleurs!<\/span> <span style=\"font-family: 'Trebuchet MS',sans-serif;\">Autogestion ouvri\u00e8re et d\u00e9mocratie directe \u00e0 la base!<\/span> <span style=\"font-family: 'Trebuchet MS',sans-serif;\">Des bureaux occup\u00e9s de la t\u00e9l\u00e9vision publique grecque et des travailleurs en gr\u00e8ve de toute la Gr\u00e8ce au soul\u00e8vement de nos fr\u00e8res, les travailleurs et ch\u00f4meurs de Turquie, nous participons \u00e0 un mouvement qui vise \u00e0 reprendre en main nos vies! Ensemble, nous allons gagner!<\/span> <span style=\"font-family: 'Trebuchet MS',sans-serif;\">\u00c9v\u00e9nement central de solidarit\u00e9 \u00e0 Thessalonique: Mercredi 26 juin<\/span> <span style=\"font-family: 'Trebuchet MS',sans-serif;\">\u00e0 l\u2019espace social lib\u00e9r\u00e9 \u201cScholio\u201d \u00e0 l\u2019angle des rues Vas. Georgiou et Bizaniou<\/span><\/strong><\/h3>\n<ul>\n<li style=\"text-align: justify;\">\n<h3><span style=\"font-family: 'Trebuchet MS',sans-serif;\">\u00e0 partir de 9 heures, distribution massive de produits de nettoyage \u00e9cologiques fabriqu\u00e9s par l\u2019usine autog\u00e9r\u00e9e,<\/span><\/h3>\n<\/li>\n<li style=\"text-align: justify;\">\n<h3><span style=\"font-family: 'Trebuchet MS',sans-serif;\">le soir, concert de soutien de musique folk Rebetiko<\/span><\/h3>\n<\/li>\n<\/ul>\n<gcse:search><\/gcse:search>","protected":false},"excerpt":{"rendered":"<p>La lutte des travailleurs de Vio.Me. est d\u00e9sormais une longue histoire mais elle est aussi un combat d\u2019avenir. C\u2019est l\u2019histoire d\u2019une usine abandonn\u00e9e par ses employeurs, oubli\u00e9e par l\u2019\u00c9tat et le gouvernement, et ignor\u00e9e des bureaucraties syndicales. C\u2019est l\u2019histoire d\u2019une usine o\u00f9, comme dans nombre d\u2019endroits, les travailleurs ont perdu leur emploi dans le contexte [&hellip;]<\/p>\n","protected":false},"author":1,"featured_media":0,"comment_status":"open","ping_status":"closed","sticky":false,"template":"","format":"standard","meta":{"footnotes":""},"categories":[15,232,6],"tags":[398,103,117],"class_list":["post-8881","post","type-post","status-publish","format-standard","hentry","category-autogestion","category-notre-economie-et-la-leur","category-notre-projet","tag-autogestion","tag-demarche-citoyenne","tag-democratie"],"_links":{"self":[{"href":"https:\/\/alternatifs81.fr\/index.php?rest_route=\/wp\/v2\/posts\/8881","targetHints":{"allow":["GET"]}}],"collection":[{"href":"https:\/\/alternatifs81.fr\/index.php?rest_route=\/wp\/v2\/posts"}],"about":[{"href":"https:\/\/alternatifs81.fr\/index.php?rest_route=\/wp\/v2\/types\/post"}],"author":[{"embeddable":true,"href":"https:\/\/alternatifs81.fr\/index.php?rest_route=\/wp\/v2\/users\/1"}],"replies":[{"embeddable":true,"href":"https:\/\/alternatifs81.fr\/index.php?rest_route=%2Fwp%2Fv2%2Fcomments&post=8881"}],"version-history":[{"count":0,"href":"https:\/\/alternatifs81.fr\/index.php?rest_route=\/wp\/v2\/posts\/8881\/revisions"}],"wp:attachment":[{"href":"https:\/\/alternatifs81.fr\/index.php?rest_route=%2Fwp%2Fv2%2Fmedia&parent=8881"}],"wp:term":[{"taxonomy":"category","embeddable":true,"href":"https:\/\/alternatifs81.fr\/index.php?rest_route=%2Fwp%2Fv2%2Fcategories&post=8881"},{"taxonomy":"post_tag","embeddable":true,"href":"https:\/\/alternatifs81.fr\/index.php?rest_route=%2Fwp%2Fv2%2Ftags&post=8881"}],"curies":[{"name":"wp","href":"https:\/\/api.w.org\/{rel}","templated":true}]}}