{"id":8879,"date":"2013-06-24T23:20:01","date_gmt":"2013-06-24T22:20:01","guid":{"rendered":"http:\/\/alternatifs81.fr\/?p=8879"},"modified":"2013-06-24T23:21:32","modified_gmt":"2013-06-24T22:21:32","slug":"syrie-le-clair-obscur-pae-patrick-mignard","status":"publish","type":"post","link":"https:\/\/alternatifs81.fr\/?p=8879","title":{"rendered":"SYRIE : LE CLAIR \/OBSCUR  pae Patrick MIGNARD"},"content":{"rendered":"<h3>\u00a0<img loading=\"lazy\" decoding=\"async\" class=\"alignleft  wp-image-8410\" style=\"margin: 12px;\" alt=\"OLYMPUS DIGITAL CAMERA\" src=\"http:\/\/alternatifs81.fr\/wp-content\/uploads\/Atelier-27-oct-2009-17-Small-.jpg\" width=\"512\" height=\"384\" srcset=\"https:\/\/alternatifs81.fr\/wp-content\/uploads\/Atelier-27-oct-2009-17-Small-.jpg 640w, https:\/\/alternatifs81.fr\/wp-content\/uploads\/Atelier-27-oct-2009-17-Small--300x225.jpg 300w\" sizes=\"auto, (max-width: 512px) 100vw, 512px\" \/>Souvenez-vous\u00a0: 1936-37-38\u2026 l\u2019Espagne<\/h3>\n<h3 style=\"text-align: justify;\">La pi\u00e8ce est d\u2019un grand classique\u00a0: <em>unit\u00e9 de temps, unit\u00e9 de lieu, unit\u00e9 d\u2019action<\/em><\/h3>\n<h3 style=\"text-align: justify;\">Sur la sc\u00e8ne, deux camps irr\u00e9ductibles, une lutte \u00e0 mort, deux conceptions totalement incompatibles entre un fascisme avou\u00e9 et des principes r\u00e9publicains, entre les d\u00e9fenseurs de l\u2019oligarchie terrienne et ceux qui voulaient un changement social radical. Une lutte atroce o\u00f9 tous les coups \u00e9taient permis\u00a0;<\/h3>\n<h3 style=\"text-align: justify;\">Dans la salle, en spectateurs, les puissances europ\u00e9ennes et quelques autres\u00a0: les unes, les Etats fascistes prenant ouvertement et concr\u00e8tement partie pour les fascistes (logique direz-vous\u00a0!), les autres, les soutiens des r\u00e9publicains qui, soit par l\u00e2chet\u00e9, compromission ou strat\u00e9gie politique, les soutiennent plus ou moins. Ceux-ci sont divis\u00e9s, voire en conflits les uns avec les autres. Certains d\u2019entre eux, soutenus par les sovi\u00e9tiques, sont un danger potentiel pour certains Etats favorables aux r\u00e9publicains, mais aussi pour des factions de la R\u00e9publique.<\/h3>\n<h3 style=\"text-align: justify;\">Bref, le carnage se d\u00e9roule aux yeux de tous, avec la d\u00e9termination farouche des uns, les h\u00e9sitations et les<!--more--> craintes des autres. La suite, on la connait\u00a0!&#8230;&#8230;<\/h3>\n<h3 style=\"text-align: justify;\">Il est vrai qu\u2019il n\u2019y a pas deux situations identiques dans l\u2019Histoire, mais il y a des logiques, des comportements, des dynamiques qui sont identiques. C\u2019est au nom, et en vertu, de la similitude de ces logiques que l\u2019on doit pouvoir tirer des le\u00e7ons de l\u2019Histoire, sinon, ce travail est impossible et le travail de m\u00e9moire, inutile.<\/h3>\n<h3 style=\"text-align: justify;\">Revenons maintenant \u00e0 la \u00ab\u00a0pi\u00e8ce\u00a0\u00bb qui se joue actuellement en Syrie. Bien s\u00fbr l\u2019\u00e9poque est diff\u00e9rente, les acteurs sont diff\u00e9rents, les enjeux, diplomatiques, politiques mais pas \u00e9thiques, le sont aussi. Peut-on affirmer, qu\u2019au nom de ces diff\u00e9rences, les logiques ne se ressemblent pas\u00a0?<\/h3>\n<h3 style=\"text-align: justify;\">Il est clair qu\u2019on laisse un assassin continuer \u00e0 exterminer son peuple avec le soutien d\u2019un autre assassin \u2013 le bourreau de la Tch\u00e9tch\u00e9nie &#8211; mais reconnu et respect\u00e9, lui\u00a0!<\/h3>\n<h3 style=\"text-align: justify;\">Il est clair que, dans le pays, l\u2019opposition \u00e0 l\u2019assassin est divis\u00e9e, voire h\u00e9t\u00e9rog\u00e8ne et peut m\u00eame repr\u00e9senter \u00e0 certains \u00e9gards un risque de d\u00e9rive dangereuse.<\/h3>\n<h3 style=\"text-align: justify;\">Il est clair que le soutien du \u00ab bourreau\u00a0\u00bb \u00e0 son prot\u00e9g\u00e9 est connu de tous et que lui-m\u00eame le revendique, d\u00e9non\u00e7ant au passage tout soutien au camp adverse, ce qui est le comble du cynisme<\/h3>\n<h3 style=\"text-align: justify;\">Il est, une fois encore, clair que rien ne sera fait pour arr\u00eater le massacre.<\/h3>\n<h3 style=\"text-align: justify;\"><span style=\"color: #808000;\">On se gargarise officiellement\u00a0 d\u2019Histoire et de devoir de m\u00e9moire,\u2026 <span style=\"color: #008000;\">mais, au juste, \u00e7a sert \u00e0 quoi\u00a0?<\/span><\/span><\/h3>\n<p>&nbsp;<\/p>\n<p>&nbsp;<\/p>\n<p>&nbsp;<\/p>\n<p><span style=\"font-size: 10px;\">23 juin 2013<\/span><\/p>\n<gcse:search><\/gcse:search>","protected":false},"excerpt":{"rendered":"<p>\u00a0Souvenez-vous\u00a0: 1936-37-38\u2026 l\u2019Espagne La pi\u00e8ce est d\u2019un grand classique\u00a0: unit\u00e9 de temps, unit\u00e9 de lieu, unit\u00e9 d\u2019action Sur la sc\u00e8ne, deux camps irr\u00e9ductibles, une lutte \u00e0 mort, deux conceptions totalement incompatibles entre un fascisme avou\u00e9 et des principes r\u00e9publicains, entre les d\u00e9fenseurs de l\u2019oligarchie terrienne et ceux qui voulaient un changement social radical. Une lutte [&hellip;]<\/p>\n","protected":false},"author":1,"featured_media":0,"comment_status":"open","ping_status":"closed","sticky":false,"template":"","format":"standard","meta":{"footnotes":""},"categories":[244],"tags":[43,103,117],"class_list":["post-8879","post","type-post","status-publish","format-standard","hentry","category-point-de-vue","tag-appel","tag-demarche-citoyenne","tag-democratie"],"_links":{"self":[{"href":"https:\/\/alternatifs81.fr\/index.php?rest_route=\/wp\/v2\/posts\/8879","targetHints":{"allow":["GET"]}}],"collection":[{"href":"https:\/\/alternatifs81.fr\/index.php?rest_route=\/wp\/v2\/posts"}],"about":[{"href":"https:\/\/alternatifs81.fr\/index.php?rest_route=\/wp\/v2\/types\/post"}],"author":[{"embeddable":true,"href":"https:\/\/alternatifs81.fr\/index.php?rest_route=\/wp\/v2\/users\/1"}],"replies":[{"embeddable":true,"href":"https:\/\/alternatifs81.fr\/index.php?rest_route=%2Fwp%2Fv2%2Fcomments&post=8879"}],"version-history":[{"count":0,"href":"https:\/\/alternatifs81.fr\/index.php?rest_route=\/wp\/v2\/posts\/8879\/revisions"}],"wp:attachment":[{"href":"https:\/\/alternatifs81.fr\/index.php?rest_route=%2Fwp%2Fv2%2Fmedia&parent=8879"}],"wp:term":[{"taxonomy":"category","embeddable":true,"href":"https:\/\/alternatifs81.fr\/index.php?rest_route=%2Fwp%2Fv2%2Fcategories&post=8879"},{"taxonomy":"post_tag","embeddable":true,"href":"https:\/\/alternatifs81.fr\/index.php?rest_route=%2Fwp%2Fv2%2Ftags&post=8879"}],"curies":[{"name":"wp","href":"https:\/\/api.w.org\/{rel}","templated":true}]}}