{"id":8873,"date":"2013-06-24T13:00:01","date_gmt":"2013-06-24T12:00:01","guid":{"rendered":"http:\/\/alternatifs81.fr\/?p=8873"},"modified":"2013-06-24T13:00:01","modified_gmt":"2013-06-24T12:00:01","slug":"tunisie-pour-defendre-les-libertes-et-exiger-leur-garantie-dans-la-nouvelle-constitution","status":"publish","type":"post","link":"https:\/\/alternatifs81.fr\/?p=8873","title":{"rendered":"TUNISIE Pour d\u00e9fendre les libert\u00e9s et exiger leur garantie dans la nouvelle Constitution"},"content":{"rendered":"<div class=\"divTitreArticle\"><\/div>\n<p style=\"text-align: center; line-height: normal;\"><span style=\"font-family: arial,helvetica,sans-serif;\"><strong><span style=\"font-size: 13.5pt;\">Les libert\u00e9s menac\u00e9es en Tunisie<\/span><\/strong><\/span><\/p>\n<p>&nbsp;<\/p>\n<p style=\"text-align: center; line-height: normal;\"><span style=\"font-size: 12pt; font-family: arial,helvetica,sans-serif;\">\u00a0<\/span><\/p>\n<p>&nbsp;<\/p>\n<p style=\"text-align: center; line-height: normal;\"><span style=\"font-size: 12pt; font-family: arial,helvetica,sans-serif;\"><a href=\"https:\/\/www.facebook.com\/events\/586363441407793\/586363444741126\/?notif_t=event_mall_comment\" target=\"_blank\">https:\/\/www.facebook.com\/events\/586363441407793\/586363444741126\/?notif_t=event_mall_comment<\/a><\/span><\/p>\n<p style=\"text-align: center; line-height: normal;\"><span style=\"font-size: 12pt; font-family: arial,helvetica,sans-serif;\"><br \/>\n<\/span><\/p>\n<h3 style=\"text-align: justify;\"><span style=\"font-size: 12pt; font-family: arial,helvetica,sans-serif;\"><img loading=\"lazy\" decoding=\"async\" class=\"alignleft size-full wp-image-7737\" style=\"margin: 11px 12px;\" alt=\"tunisie\" src=\"http:\/\/alternatifs81.fr\/wp-content\/uploads\/tunisie.jpg\" width=\"204\" height=\"139\" \/>Alors que le \u00ab d\u00e9bat \u00bb fait rage \u00e0 l\u2019Assembl\u00e9e nationale constituante (ANC) et qu\u2019une tendance pr\u00e9f\u00e8re insister sur les avanc\u00e9es et les progr\u00e8s en mati\u00e8re de droits de l\u2019homme et de libert\u00e9s, la r\u00e9alit\u00e9 sur le terrain nous rappelle qu\u2019il y a loin de la coupe aux l\u00e8vres. En effet, en attendant la mise en place de l\u2019organisme suppos\u00e9 garantir l\u2019ind\u00e9pendance de la justice, les tribunaux ne cessent de prononcer des peines totalement disproportionn\u00e9es au regard des actes commis.<\/span><\/h3>\n<h3 style=\"text-align: justify; line-height: normal;\"><span style=\"font-size: 12pt; font-family: arial,helvetica,sans-serif;\">Le 12 juin 2013, trois Femen europ\u00e9ennes ont \u00e9t\u00e9 condamn\u00e9es \u00e0 quatre mois de prison ferme pour \u00ab\u00a0atteinte \u00e0 la pudeur, aux bonnes m\u0153urs et \u00e0 l\u2019ordre public\u00a0\u00bb. Amina, quant \u00e0 elle, risque d\u2019\u00eatre condamn\u00e9e \u00e0 six ans de prison pour un tag commis pr\u00e8s du cimeti\u00e8re de Kairouan.<\/span><\/h3>\n<h3 style=\"text-align: justify; line-height: normal;\"><span style=\"font-size: 12pt; font-family: arial,helvetica,sans-serif;\">Le 13 juin 2013, c\u2019est au tour du rappeur Weld El 15 (Alaa Yaacoub) d\u2019\u00eatre condamn\u00e9, par le tribunal de Ben Arous, \u00e0 deux ans de prison ferme pour une chanson qui s&rsquo;en prend \u00e0 la police. Dans la salle d\u2019audience et <!--more-->pr\u00e8s du tribunal, la police s\u2019en est brutalement prise \u00e0 des journalistes, dont certains risquent des proc\u00e8s<\/span><\/h3>\n<p>&nbsp;<\/p>\n<h3 style=\"text-align: justify; line-height: normal;\"><span style=\"font-size: 12pt; font-family: arial,helvetica,sans-serif;\">En avril 2012, d\u00e9j\u00e0, le tribunal de Mahdia avait condamn\u00e9 deux jeunes, Ghazi Beji et Jabeur Mejri, \u00e0 sept ans et demi de prison et 1200 dinars d&rsquo;amende pour \u00ab\u00a0atteinte \u00e0 la morale, diffamation et trouble \u00e0 l&rsquo;ordre public\u00a0\u00bb \u2013 en fait, pour avoir publi\u00e9 des \u00e9crits et des dessins blasph\u00e9matoires. Aujourd\u2019hui, Jabeur Mejri croupit en prison alors que Ghazi Beji, en fuite depuis le 9 mars 2012, a obtenu tout r\u00e9cemment l\u2019asile politique en France.<\/span><\/h3>\n<p>&nbsp;<\/p>\n<h3 style=\"text-align: justify; line-height: normal;\"><span style=\"font-size: 12pt; font-family: arial,helvetica,sans-serif;\">On peut multiplier les exemples\u2026 La s\u00e9v\u00e9rit\u00e9 dont ont fait preuve les tribunaux dans ces trois proc\u00e8s cache mal une \u00ab justice \u00bb des \u00ab deux poids, deux mesures \u00bb. Pour m\u00e9moire :<\/span><\/h3>\n<p>&nbsp;<\/p>\n<h3 style=\"text-align: justify; line-height: normal;\"><span style=\"font-size: 12pt; font-family: arial,helvetica,sans-serif;\">En mai 2013, et apr\u00e8s un interminable marathon, le proc\u00e8s, intent\u00e9 par deux jeunes \u00e9tudiantes en niqab contre le doyen de la Facult\u00e9 Manouba, Habib Kazdaghli, pour des faits qui remontent \u00e0 mars 2012, apr\u00e8s une occupation muscl\u00e9e de son bureau, a fini par reconna\u00eetre les deux \u00e9tudiantes coupables et les a condamn\u00e9es \u00e0 deux mois de prison avec sursis, et le Parquet a fait appel contre l&rsquo;acquittement du doyen Kazdaghli.<\/span><\/h3>\n<p>&nbsp;<\/p>\n<h3 style=\"text-align: justify; line-height: normal;\"><span style=\"font-size: 12pt; font-family: arial,helvetica,sans-serif;\">Le 28 mai 2013, c\u2019est au tour du tribunal de premi\u00e8re instance de Tunis de rendre son verdict dans l&rsquo;affaire de l\u2019incendie de l&rsquo;ambassade des Etats-Unis : deux ans de prison avec sursis.<\/span><\/h3>\n<p>&nbsp;<\/p>\n<h3 style=\"text-align: justify; line-height: normal;\"><span style=\"font-size: 12pt; font-family: arial,helvetica,sans-serif;\">L\u00e0 encore, on peut multiplier les exemples, comme celui de tel fonctionnaire du minist\u00e8re des Affaires religieuses qui a publiquement appel\u00e9 au meurtre d\u2019un ancien premier ministre, r\u00e9cemment acquitt\u00e9 en appel\u2026<\/span><\/h3>\n<p>&nbsp;<\/p>\n<h3 style=\"text-align: justify; line-height: normal;\"><span style=\"font-size: 12pt; font-family: arial,helvetica,sans-serif;\">Le message est clair : des opinions, exprim\u00e9es de mani\u00e8re pacifique, sont lourdement condamn\u00e9es, alors que la violence verbale et physique dont font preuve les groupes extr\u00e9mistes, les Ligues de protection de la r\u00e9volution (LPR) et les sympathisants en g\u00e9n\u00e9ral du parti au pouvoir a droit \u00e0 plus de mansu\u00e9tude et \u00e0 des circonstances att\u00e9nuantes aupr\u00e8s de certains tribunaux.<\/span><\/h3>\n<p>&nbsp;<\/p>\n<h3 style=\"text-align: justify; line-height: normal;\"><span style=\"font-size: 12pt; font-family: arial,helvetica,sans-serif;\">Les Tunisiennes et les Tunisiens attendent beaucoup de l\u2019ind\u00e9pendance de la justice \u2013 d\u2019une v\u00e9ritable justice fond\u00e9e sur le respect du droit et sur l\u2019\u00e9galit\u00e9 de traitement entre les citoyennes et les citoyens. Ils attendent notamment que soit, enfin, lev\u00e9 le voile sur les assassins de Chokri Bela\u00efd et leurs commanditaires, et s\u2019\u00e9tonnent du peu d\u2019empressement dont fait preuve l\u2019instruction dans cette affaire.<\/span><\/h3>\n<p>&nbsp;<\/p>\n<p>&nbsp;<\/p>\n<h3 style=\"text-align: justify; line-height: normal;\"><span style=\"font-size: 12pt; font-family: arial,helvetica,sans-serif;\">Outre cette justice \u00e0 deux vitesses, les violences exerc\u00e9es par la police \u00e0 l\u2019encontre de citoyens, de journalistes et des m\u00e9dias ne laissent pas d\u2019inqui\u00e9ter quant au sort r\u00e9serv\u00e9 \u00e0 nos libert\u00e9s.<\/span><\/h3>\n<p>&nbsp;<\/p>\n<h3 style=\"text-align: justify; line-height: normal;\"><span style=\"font-size: 12pt; font-family: arial,helvetica,sans-serif;\">Constatant que :<\/span><\/h3>\n<h3 style=\"text-align: justify; line-height: normal;\"><span style=\"font-size: 12pt; font-family: arial,helvetica,sans-serif;\">\u2022 D\u2019un pouvoir \u00e0 l\u2019autre, de Ben Ali aux islamistes, malgr\u00e9 la r\u00e9sistance de nombreux magistrats, les m\u00eames m\u0153urs judiciaires continuent et la Justice semble juste avoir chang\u00e9 d\u2019ob\u00e9dience politique.<\/span><\/h3>\n<h3 style=\"text-align: justify; line-height: normal;\"><span style=\"font-size: 12pt; font-family: arial,helvetica,sans-serif;\">\u2022 Alors que les Constituants ont consenti \u00e0 ins\u00e9rer la libert\u00e9 de conscience dans le projet de Constitution (apr\u00e8s un long bras de fer il est vrai), on assiste \u00e0 la mise en place rampante d\u2019un insupportable ordre moral qui p\u00e9nalise lourdement l\u2019\u00ab insolence \u00bb et l\u2019anticonformisme et se montre cl\u00e9ment pour les fanatiques et les fauteurs de haine.<\/span><\/h3>\n<h3 style=\"text-align: justify; line-height: normal;\"><span style=\"font-size: 12pt; font-family: arial,helvetica,sans-serif;\">\u2022 Au-del\u00e0, la libert\u00e9 d\u2019expression des citoyens et des journalistes, si ch\u00e8rement acquise, est de plus en plus menac\u00e9e, dans la rue, sur les ondes et, si l\u2019on n\u2019y prend garde, demain dans les textes.<\/span><\/h3>\n<p>&nbsp;<\/p>\n<h3 style=\"text-align: justify; line-height: normal;\"><span style=\"font-size: 12pt; font-family: arial,helvetica,sans-serif;\">Tout en nous d\u00e9clarant pleinement conscients de la n\u00e9cessit\u00e9 de d\u00e9fendre l\u2019Etat de droit et ses institutions, police, gendarmerie, arm\u00e9e, contre la violence et surtout contre le terrorisme, nous voulons des institutions r\u00e9publicaines au service de toutes et tous, ins\u00e9parables de l&rsquo;exercice des libert\u00e9s fondamentales, comme la libert\u00e9 d&rsquo;expression et la libert\u00e9 de conscience \u2013 dont la garantie absolue doit \u00eatre inscrite dans les textes et dans la pratique.<\/span><\/h3>\n<p>&nbsp;<\/p>\n<h3 style=\"text-align: justify; line-height: normal;\"><span style=\"text-decoration: underline;\"> <span style=\"font-size: 12pt; font-family: arial,helvetica,sans-serif;\">Nous exigeons :<\/span> <\/span><\/h3>\n<p>&nbsp;<\/p>\n<p style=\"text-align: justify; line-height: normal;\"><span style=\"font-family: arial,helvetica,sans-serif; color: #808000;\"> <strong><span style=\"font-size: 12pt;\">\u2022 La lib\u00e9ration des personnes condamn\u00e9es et d\u00e9tenues dans le cadre de ces affaires : Amina et les 3 Femen, le rappeur Waled 15 (Alaa Yaacoub), Jabeur Mejri\u2026 ;<\/span><\/strong> <\/span><\/p>\n<p>&nbsp;<\/p>\n<p style=\"text-align: justify; line-height: normal;\"><span style=\"font-family: arial,helvetica,sans-serif; color: #808000;\"> <strong><span style=\"font-size: 12pt;\">\u2022 La r\u00e9vision du proc\u00e8s de Ghazi Beji et Jabeur Mejri ;<\/span><\/strong><strong><span style=\"font-size: 12pt;\">\u2028<\/span><\/strong> <\/span><\/p>\n<p>&nbsp;<\/p>\n<p style=\"text-align: justify; line-height: normal;\"><span style=\"font-family: arial,helvetica,sans-serif; color: #808000;\"> <strong><span style=\"font-size: 12pt;\">\u2022 L\u2019arr\u00eat de toutes les poursuites contre les journalistes (Hind Meddeb, \u2026) ;<\/span><\/strong> <\/span><\/p>\n<p>&nbsp;<\/p>\n<p style=\"text-align: justify; line-height: normal;\"><span style=\"font-family: arial,helvetica,sans-serif; color: #808000;\"> <strong><span style=\"font-size: 12pt;\">\u2022 Une ind\u00e9pendance v\u00e9ritable de la justice dans l\u2019imm\u00e9diat en attendant sa cons\u00e9cration dans le texte constitutionnel ;<\/span><\/strong> <\/span><\/p>\n<p>&nbsp;<\/p>\n<p style=\"text-align: justify; line-height: normal;\"><span style=\"font-family: arial,helvetica,sans-serif; color: #808000;\"> <strong><span style=\"font-size: 12pt;\">\u2022 La dissolution des LPR et de tous les groupes qui pr\u00eachent la violence.<\/span><\/strong> <\/span><\/p>\n<p>&nbsp;<\/p>\n<h3 style=\"text-align: justify; line-height: normal;\"><span style=\"font-size: 12pt; font-family: arial,helvetica,sans-serif; color: #008000;\"> Nous appelons l\u2019ensemble des forces d\u00e9mocratiques \u00e0 la plus grande vigilance face au glissement dangereux contre les libert\u00e9s individuelles, contre la libert\u00e9 de conscience et la libert\u00e9 d\u2019expression sous toutes ses formes en Tunisie. <\/span><\/h3>\n<p>&nbsp;<\/p>\n<p style=\"line-height: normal;\">\u00a0 <span style=\"font-family: arial,helvetica,sans-serif;\"><strong><span style=\"font-size: 12pt;\"><br \/>\n<\/span><\/strong><\/span><\/p>\n<p style=\"text-align: center;\"><span style=\"font-family: arial,helvetica,sans-serif;\"><strong><span style=\"font-size: 24pt; color: #009900;\">Nous vous appelons \u00e0 un rassemblement<\/span><\/strong> <span style=\"font-size: 12pt;\"><br \/>\n<\/span><\/span><\/p>\n<p style=\"text-align: center; line-height: normal;\"><span style=\"font-family: arial,helvetica,sans-serif;\"><strong><span style=\"font-size: 20pt; color: red;\">Mardi 25 juin 2013, \u00e0 18h30<\/span><\/strong><\/span><\/p>\n<p style=\"text-align: center; line-height: normal;\"><span style=\"font-family: arial,helvetica,sans-serif;\"><strong><span style=\"font-size: 20pt; color: red;\">Fontaine des Innocents<\/span><\/strong><\/span><\/p>\n<p style=\"text-align: center; line-height: normal;\"><span style=\"font-family: arial,helvetica,sans-serif;\"><strong><span style=\"font-size: 20pt; color: red;\">Paris (m\u00e9tro Les Halles ou Ch\u00e2telet)<\/span><\/strong><\/span><\/p>\n<p>&nbsp;<\/p>\n<p style=\"line-height: normal;\"><span style=\"text-decoration: underline;\"><span style=\"font-family: arial,helvetica,sans-serif; color: #0000ff; text-decoration: underline;\"> <strong><span style=\"font-size: 12pt;\">Premiers signataires :<\/span><\/strong> <\/span><\/span><\/p>\n<p>&nbsp;<\/p>\n<p><span style=\"color: #808000;\"> <span style=\"font-size: 12pt; font-family: arial,helvetica,sans-serif;\">\u00a0<\/span> <span style=\"font-family: arial,helvetica,sans-serif;\"><strong><span style=\"font-size: 12pt;\">Organisations :<\/span><\/strong><\/span> <\/span><\/p>\n<p>&nbsp;<\/p>\n<p style=\"line-height: normal;\"><span style=\"font-size: 12pt; font-family: arial,helvetica,sans-serif;\">\u00a0<\/span><\/p>\n<p>&nbsp;<\/p>\n<p style=\"line-height: normal;\"><span style=\"font-size: 12pt; font-family: arial,helvetica,sans-serif;\">A<span style=\"color: #0000ff;\"><strong><em>gir pour le Changement et la D\u00e9mocratie en Alg\u00e9rie \u2013 ACDA<\/em><\/strong><\/span><\/span><\/p>\n<p>&nbsp;<\/p>\n<p style=\"line-height: normal;\"><span style=\"color: #0000ff;\"><strong><em> <span style=\"font-size: 12pt; font-family: arial,helvetica,sans-serif;\">AIDDA<\/span> <\/em><\/strong><\/span><\/p>\n<p>&nbsp;<\/p>\n<p style=\"line-height: normal;\"><span style=\"color: #0000ff;\"><strong><em> <span style=\"font-size: 12pt; font-family: arial,helvetica,sans-serif;\">AL Joumhouri France Nord<\/span> <\/em><\/strong><\/span><\/p>\n<p>&nbsp;<\/p>\n<p style=\"line-height: normal;\"><span style=\"color: #0000ff;\"><strong><em> <span style=\"font-size: 12pt; font-family: arial,helvetica,sans-serif;\">Al Massar France<\/span> <\/em><\/strong><\/span><\/p>\n<p>&nbsp;<\/p>\n<p style=\"line-height: normal;\"><span style=\"color: #0000ff;\"><strong><em> <span style=\"font-size: 12pt; font-family: arial,helvetica,sans-serif;\">AMDH-Paris \u2013 IDF<\/span> <\/em><\/strong><\/span><\/p>\n<p>&nbsp;<\/p>\n<p style=\"line-height: normal;\"><span style=\"color: #0000ff;\"><strong><em> <span style=\"font-size: 12pt; font-family: arial,helvetica,sans-serif;\">Appel de Tunisiens de France pour la R\u00e9publique Citoyenne &#8211; ATUF<\/span> <\/em><\/strong><\/span><\/p>\n<p>&nbsp;<\/p>\n<p style=\"line-height: normal;\"><span style=\"color: #0000ff;\"><strong><em> <span style=\"font-size: 12pt; font-family: arial,helvetica,sans-serif;\">ASDHOM<\/span> <\/em><\/strong><\/span><\/p>\n<p>&nbsp;<\/p>\n<p style=\"line-height: normal;\"><span style=\"color: #0000ff;\"><strong><em> <span style=\"font-size: 12pt; font-family: arial,helvetica,sans-serif;\">Assembl\u00e9e Citoyenne des Originaires de Turquies \u2013 ACORT<\/span> <\/em><\/strong><\/span><\/p>\n<p>&nbsp;<\/p>\n<p style=\"line-height: normal;\"><span style=\"color: #0000ff;\"><strong><em> <span style=\"font-size: 12pt; font-family: arial,helvetica,sans-serif;\">Association APEL-EGALIT\u00c9<\/span> <\/em><\/strong><\/span><\/p>\n<p>&nbsp;<\/p>\n<p style=\"line-height: normal;\"><span style=\"color: #0000ff;\"><strong><em> <span style=\"font-size: 12pt; font-family: arial,helvetica,sans-serif;\">Association de Coop\u00e9ration\u00a0Economique entre la France et la Tunisie &#8211; ACEFT<\/span> <\/em><\/strong><\/span><\/p>\n<p>&nbsp;<\/p>\n<p style=\"line-height: normal;\"><span style=\"color: #0000ff;\"><strong><em> <span style=\"font-size: 12pt; font-family: arial,helvetica,sans-serif;\">Association D\u00e9mocratique des Tunisiens en France \u2013 ADTF<\/span> <\/em><\/strong><\/span><\/p>\n<p>&nbsp;<\/p>\n<p style=\"line-height: normal;\"><span style=\"color: #0000ff;\"><strong><em> <span style=\"font-size: 12pt; font-family: arial,helvetica,sans-serif;\">Association des Familles des Prisonniers et Disparus Sahraouis \u2013 AFAPREDESA<\/span> <\/em><\/strong><\/span><\/p>\n<p>&nbsp;<\/p>\n<p style=\"line-height: normal;\"><span style=\"color: #0000ff;\"><strong><em> <span style=\"font-size: 12pt; font-family: arial,helvetica,sans-serif;\">Association des Femmes Migrantes<\/span> <\/em><\/strong><\/span><\/p>\n<p>&nbsp;<\/p>\n<p style=\"line-height: normal;\"><span style=\"color: #0000ff;\"><strong><em> <span style=\"font-size: 12pt; font-family: arial,helvetica,sans-serif;\">Association des Travailleurs Maghr\u00e9bins en France \u2013ATMF<\/span> <\/em><\/strong><\/span><\/p>\n<p>&nbsp;<\/p>\n<p style=\"line-height: normal;\"><span style=\"color: #0000ff;\"><strong><em> <span style=\"font-size: 12pt; font-family: arial,helvetica,sans-serif;\">Association des Tunisiens en France \u2013 ATF<\/span> <\/em><\/strong><\/span><\/p>\n<p>&nbsp;<\/p>\n<p style=\"line-height: normal;\"><span style=\"color: #0000ff;\"><strong><em> <span style=\"font-size: 12pt; font-family: arial,helvetica,sans-serif;\">Association des Tunisiens en Suisse \u2013 ATS<\/span> <\/em><\/strong><\/span><\/p>\n<p>&nbsp;<\/p>\n<p style=\"line-height: normal;\"><span style=\"color: #0000ff;\"><strong><em> <span style=\"font-size: 12pt; font-family: arial,helvetica,sans-serif;\">Association V\u00e9rit\u00e9 et Justice pour Farhat Hached \u2013 AVJFH<\/span> <\/em><\/strong><\/span><\/p>\n<p>&nbsp;<\/p>\n<p style=\"line-height: normal;\"><span style=\"color: #0000ff;\"><strong><em> <span style=\"font-size: 12pt; font-family: arial,helvetica,sans-serif;\">Collectif 3C<\/span> <\/em><\/strong><\/span><\/p>\n<p>&nbsp;<\/p>\n<p style=\"line-height: normal;\"><span style=\"color: #0000ff;\"><strong><em> <span style=\"font-size: 12pt; font-family: arial,helvetica,sans-serif;\">Collectif des Femmes Tunisiennes<\/span> <\/em><\/strong><\/span><\/p>\n<p>&nbsp;<\/p>\n<p style=\"line-height: normal;\"><span style=\"color: #0000ff;\"><strong><em> <span style=\"font-size: 12pt; font-family: arial,helvetica,sans-serif;\">Comit\u00e9 pour le Respect des Libert\u00e9s et des Droits de l&rsquo;Homme en Tunisie \u2013CRLDHT<\/span> <\/em><\/strong><\/span><\/p>\n<p>&nbsp;<\/p>\n<p style=\"line-height: normal;\"><span style=\"color: #0000ff;\"><strong><em> <span style=\"font-size: 12pt; font-family: arial,helvetica,sans-serif;\">Comit\u00e9 pour le Respect des Libert\u00e9s et des Droits Humains au Sahara Occidental \u2013 CORELSO<\/span> <\/em><\/strong><\/span><\/p>\n<p>&nbsp;<\/p>\n<p style=\"line-height: normal;\"><span style=\"color: #0000ff;\"><strong><em> <span style=\"font-size: 12pt; font-family: arial,helvetica,sans-serif;\">Engagement Citoyen<\/span> <\/em><\/strong><\/span><\/p>\n<p>&nbsp;<\/p>\n<p style=\"line-height: normal;\"><span style=\"color: #0000ff;\"><strong><em> <span style=\"font-size: 12pt; font-family: arial,helvetica,sans-serif;\">Familiatouensa<\/span> <\/em><\/strong><\/span><\/p>\n<p>&nbsp;<\/p>\n<p style=\"line-height: normal;\"><span style=\"color: #0000ff;\"><strong><em> <span style=\"font-size: 12pt; font-family: arial,helvetica,sans-serif;\">F\u00e9d\u00e9ration des Tunisiens Citoyens des deux Rives \u2013 FTCR<\/span> <\/em><\/strong><\/span><\/p>\n<p>&nbsp;<\/p>\n<p style=\"line-height: normal;\"><span style=\"color: #0000ff;\"><strong><em> <span style=\"font-size: 12pt; font-family: arial,helvetica,sans-serif;\">F\u00e9d\u00e9ration pour une Alternative Sociale et \u00c9cologique \u2013 FASE<\/span> <\/em><\/strong><\/span><\/p>\n<p>&nbsp;<\/p>\n<p style=\"line-height: normal;\"><span style=\"color: #0000ff;\"><strong><em> <span style=\"font-size: 12pt; font-family: arial,helvetica,sans-serif;\">Femmes Plurielles<\/span> <\/em><\/strong><\/span><\/p>\n<p>&nbsp;<\/p>\n<p style=\"line-height: normal;\"><span style=\"color: #0000ff;\"><strong><em> <span style=\"font-size: 12pt; font-family: arial,helvetica,sans-serif;\">Gauche Anticapitaliste<\/span> <\/em><\/strong><\/span><\/p>\n<p>&nbsp;<\/p>\n<p style=\"line-height: normal;\"><span style=\"color: #0000ff;\"><strong><em> <span style=\"font-size: 12pt; font-family: arial,helvetica,sans-serif;\">Les Alternatifs<\/span> <\/em><\/strong><\/span><\/p>\n<p>&nbsp;<\/p>\n<p style=\"line-height: normal;\"><span style=\"color: #0000ff;\"><strong><em> <span style=\"font-size: 12pt; font-family: arial,helvetica,sans-serif;\">Ligue des Droits de l&rsquo;Homme \u2013 LDH<\/span> <\/em><\/strong><\/span><\/p>\n<p>&nbsp;<\/p>\n<p style=\"line-height: normal;\"><span style=\"color: #0000ff;\"><strong><em> <span style=\"font-size: 12pt; font-family: arial,helvetica,sans-serif;\">Manifeste des Libert\u00e9s<\/span> <\/em><\/strong><\/span><\/p>\n<p>&nbsp;<\/p>\n<p style=\"line-height: normal;\"><span style=\"color: #0000ff;\"><strong><em> <span style=\"font-size: 12pt; font-family: arial,helvetica,sans-serif;\">Marche Mondiale des Femmes<\/span> <\/em><\/strong><\/span><\/p>\n<p>&nbsp;<\/p>\n<p style=\"line-height: normal;\"><span style=\"color: #0000ff;\"><strong><em> <span style=\"font-size: 12pt; font-family: arial,helvetica,sans-serif;\">Mouvement Citoyen des Tunisiens en France \u2013 MCTF<\/span> <\/em><\/strong><\/span><\/p>\n<p>&nbsp;<\/p>\n<p style=\"line-height: normal;\"><span style=\"color: #0000ff;\"><strong><em> <span style=\"font-size: 12pt; font-family: arial,helvetica,sans-serif;\">MRAP<\/span> <\/em><\/strong><\/span><\/p>\n<p>&nbsp;<\/p>\n<p style=\"line-height: normal;\"><span style=\"color: #0000ff;\"><strong><em> <span style=\"font-size: 12pt; font-family: arial,helvetica,sans-serif;\">Nidaa Tounes France Nord<\/span> <\/em><\/strong><\/span><\/p>\n<p>&nbsp;<\/p>\n<p style=\"line-height: normal;\"><span style=\"color: #0000ff;\"><strong><em> <span style=\"font-size: 12pt; font-family: arial,helvetica,sans-serif;\">Organisation Apposition et Engagement Civique<\/span> <\/em><\/strong><\/span><\/p>\n<p>&nbsp;<\/p>\n<p style=\"line-height: normal;\"><span style=\"color: #0000ff;\"><strong><em> <span style=\"font-size: 12pt; font-family: arial,helvetica,sans-serif;\">Parti Communiste Fran\u00e7ais<\/span> <\/em><\/strong><\/span><\/p>\n<p>&nbsp;<\/p>\n<p style=\"line-height: normal;\"><span style=\"color: #0000ff;\"><strong><em> <span style=\"font-size: 12pt; font-family: arial,helvetica,sans-serif;\">Parti de Gauche<\/span> <\/em><\/strong><\/span><\/p>\n<p>&nbsp;<\/p>\n<p style=\"line-height: normal;\"><span style=\"color: #0000ff;\"><strong><em> <span style=\"font-size: 12pt; font-family: arial,helvetica,sans-serif;\">R\u00e9seau F\u00e9ministe \u00ab\u00a0Ruptures\u00a0\u00bb<\/span> <\/em><\/strong><\/span><\/p>\n<p>&nbsp;<\/p>\n<p style=\"line-height: normal;\"><span style=\"color: #0000ff;\"><strong><em> <span style=\"font-size: 12pt; font-family: arial,helvetica,sans-serif;\">Uni-E Vers Elles<\/span> <\/em><\/strong><\/span><\/p>\n<p>&nbsp;<\/p>\n<p style=\"line-height: normal;\"><span style=\"color: #0000ff;\"><strong><em> <span style=\"font-size: 12pt; font-family: arial,helvetica,sans-serif;\">Union des Travailleurs Immigr\u00e9s Tunisien \u2013 UTIT<\/span> <\/em><\/strong><\/span><\/p>\n<p>&nbsp;<\/p>\n<p><span style=\"color: #0000ff;\"><strong><em> <span style=\"font-size: 12pt; font-family: arial,helvetica,sans-serif;\">Union syndicale Solidaires<\/span> <\/em><\/strong><\/span><\/p>\n<gcse:search><\/gcse:search>","protected":false},"excerpt":{"rendered":"<p>Les libert\u00e9s menac\u00e9es en Tunisie &nbsp; \u00a0 &nbsp; https:\/\/www.facebook.com\/events\/586363441407793\/586363444741126\/?notif_t=event_mall_comment Alors que le \u00ab d\u00e9bat \u00bb fait rage \u00e0 l\u2019Assembl\u00e9e nationale constituante (ANC) et qu\u2019une tendance pr\u00e9f\u00e8re insister sur les avanc\u00e9es et les progr\u00e8s en mati\u00e8re de droits de l\u2019homme et de libert\u00e9s, la r\u00e9alit\u00e9 sur le terrain nous rappelle qu\u2019il y a loin de la [&hellip;]<\/p>\n","protected":false},"author":1,"featured_media":0,"comment_status":"open","ping_status":"closed","sticky":false,"template":"","format":"standard","meta":{"footnotes":""},"categories":[149,126,147,217,173],"tags":[34,43],"class_list":["post-8873","post","type-post","status-publish","format-standard","hentry","category-feminisme","category-gauche-de-combat","category-international","category-libertes","category-no-pasaran","tag-alternatifs","tag-appel"],"_links":{"self":[{"href":"https:\/\/alternatifs81.fr\/index.php?rest_route=\/wp\/v2\/posts\/8873","targetHints":{"allow":["GET"]}}],"collection":[{"href":"https:\/\/alternatifs81.fr\/index.php?rest_route=\/wp\/v2\/posts"}],"about":[{"href":"https:\/\/alternatifs81.fr\/index.php?rest_route=\/wp\/v2\/types\/post"}],"author":[{"embeddable":true,"href":"https:\/\/alternatifs81.fr\/index.php?rest_route=\/wp\/v2\/users\/1"}],"replies":[{"embeddable":true,"href":"https:\/\/alternatifs81.fr\/index.php?rest_route=%2Fwp%2Fv2%2Fcomments&post=8873"}],"version-history":[{"count":0,"href":"https:\/\/alternatifs81.fr\/index.php?rest_route=\/wp\/v2\/posts\/8873\/revisions"}],"wp:attachment":[{"href":"https:\/\/alternatifs81.fr\/index.php?rest_route=%2Fwp%2Fv2%2Fmedia&parent=8873"}],"wp:term":[{"taxonomy":"category","embeddable":true,"href":"https:\/\/alternatifs81.fr\/index.php?rest_route=%2Fwp%2Fv2%2Fcategories&post=8873"},{"taxonomy":"post_tag","embeddable":true,"href":"https:\/\/alternatifs81.fr\/index.php?rest_route=%2Fwp%2Fv2%2Ftags&post=8873"}],"curies":[{"name":"wp","href":"https:\/\/api.w.org\/{rel}","templated":true}]}}