{"id":8867,"date":"2013-06-24T09:29:01","date_gmt":"2013-06-24T08:29:01","guid":{"rendered":"http:\/\/alternatifs81.fr\/?p=8867"},"modified":"2013-06-28T19:23:50","modified_gmt":"2013-06-28T18:23:50","slug":"8867","status":"publish","type":"post","link":"https:\/\/alternatifs81.fr\/?p=8867","title":{"rendered":"Cercle de silence de CASTRES, Vendredi 28 juin de 18 h \u00e0 19 h"},"content":{"rendered":"<p><img loading=\"lazy\" decoding=\"async\" class=\"alignleft  wp-image-7447\" style=\"margin: 12px;\" alt=\"Cercle-Silence-300x292\" src=\"http:\/\/alternatifs81.fr\/wp-content\/uploads\/Cercle-Silence-300x2922.png\" width=\"210\" height=\"204\" \/><\/p>\n<h3>Faut-il encore vous donner des arguments pour vous convaincre de participer au prochain Cercle. ?<\/h3>\n<h3>En toute conscience admettez-vous que l\u2019on puisse enfermer sans jugement ?<\/h3>\n<h3>Admettez-vous que des mesures de bannissement viennent d\u00e9chirer des familles et des couples ?&#8230;<\/h3>\n<h3>la liste est longue&#8230;.<\/h3>\n<h3><span style=\"text-decoration: underline; color: #808000;\">Rendez-vous :<\/span> <span style=\"color: #008000;\">Vendredi 28 juin de 18 h \u00e0 19 h place Jean Jaur\u00e8s \u00e0 Castres.<\/span><\/h3>\n<h3>Votre pr\u00e9sence silencieuse, m\u00eame courte, t\u00e9moignera de votre solidarit\u00e9.<\/h3>\n<h3><span style=\"text-decoration: underline; color: #0000ff;\">contact :<\/span><span style=\"color: #0000ff;\"> \u00a0<\/span><span class=\"contextEntry\" id=\"cerclesilencecastres@voila.fr_body\" style=\"color: #0000ff;\"> cerclesilencecastres@voila.fr<\/span><\/h3>\n<gcse:search><\/gcse:search>","protected":false},"excerpt":{"rendered":"<p>Faut-il encore vous donner des arguments pour vous convaincre de participer au prochain Cercle. ? En toute conscience admettez-vous que l\u2019on puisse enfermer sans jugement ? Admettez-vous que des mesures de bannissement viennent d\u00e9chirer des familles et des couples ?&#8230; la liste est longue&#8230;. Rendez-vous : Vendredi 28 juin de 18 h \u00e0 19 h [&hellip;]<\/p>\n","protected":false},"author":1,"featured_media":0,"comment_status":"open","ping_status":"closed","sticky":false,"template":"","format":"standard","meta":{"footnotes":""},"categories":[217,173,193],"tags":[103,117,50,20],"class_list":["post-8867","post","type-post","status-publish","format-standard","hentry","category-libertes","category-no-pasaran","category-social","tag-demarche-citoyenne","tag-democratie","tag-discriminations","tag-manifestations"],"_links":{"self":[{"href":"https:\/\/alternatifs81.fr\/index.php?rest_route=\/wp\/v2\/posts\/8867","targetHints":{"allow":["GET"]}}],"collection":[{"href":"https:\/\/alternatifs81.fr\/index.php?rest_route=\/wp\/v2\/posts"}],"about":[{"href":"https:\/\/alternatifs81.fr\/index.php?rest_route=\/wp\/v2\/types\/post"}],"author":[{"embeddable":true,"href":"https:\/\/alternatifs81.fr\/index.php?rest_route=\/wp\/v2\/users\/1"}],"replies":[{"embeddable":true,"href":"https:\/\/alternatifs81.fr\/index.php?rest_route=%2Fwp%2Fv2%2Fcomments&post=8867"}],"version-history":[{"count":0,"href":"https:\/\/alternatifs81.fr\/index.php?rest_route=\/wp\/v2\/posts\/8867\/revisions"}],"wp:attachment":[{"href":"https:\/\/alternatifs81.fr\/index.php?rest_route=%2Fwp%2Fv2%2Fmedia&parent=8867"}],"wp:term":[{"taxonomy":"category","embeddable":true,"href":"https:\/\/alternatifs81.fr\/index.php?rest_route=%2Fwp%2Fv2%2Fcategories&post=8867"},{"taxonomy":"post_tag","embeddable":true,"href":"https:\/\/alternatifs81.fr\/index.php?rest_route=%2Fwp%2Fv2%2Ftags&post=8867"}],"curies":[{"name":"wp","href":"https:\/\/api.w.org\/{rel}","templated":true}]}}