{"id":8861,"date":"2013-06-23T23:10:53","date_gmt":"2013-06-23T22:10:53","guid":{"rendered":"http:\/\/alternatifs81.fr\/?p=8861"},"modified":"2013-06-25T14:41:48","modified_gmt":"2013-06-25T13:41:48","slug":"ecole-il-faut-une-autre-refondation-dans-loptique-de-lemancipation-et-de-lautogestion","status":"publish","type":"post","link":"https:\/\/alternatifs81.fr\/?p=8861","title":{"rendered":"ECOLE: IL FAUT UNE AUTRE REFONDATION DANS L&rsquo;OPTIQUE DE L&rsquo;EMANCIPATION ET DE L&rsquo;AUTOGESTION"},"content":{"rendered":"<div class=\"divTitreArticle\">\n<h3><span style=\"text-decoration: underline; color: #808000;\"><strong><span style=\"line-height: 115%; font-family: Arial; font-size: 12pt;\">Communiqu\u00e9 de la commission Education des Alternatifs<\/span><\/strong><\/span><\/h3>\n<\/div>\n<div class=\"contenuArticle\">\n<h3 style=\"text-align: justify;\"><span style=\"line-height: 115%; font-family: Arial; font-size: 12pt;\"><img loading=\"lazy\" decoding=\"async\" class=\"alignleft size-full wp-image-8114\" alt=\"5-142x300\" src=\"http:\/\/alternatifs81.fr\/wp-content\/uploads\/5-142x3001.jpg\" width=\"142\" height=\"300\" \/>L&rsquo;examen au s\u00e9nat<span style=\"mso-spacerun: yes;\">\u00a0<\/span> en 2\u00e8me lecture de la loi de refondation de l&rsquo;Ecole va d\u00e9buter. Ce projet de loi Peillon a \u00e9t\u00e9 peu modifi\u00e9 lors de son examen par les assembl\u00e9es parlementaires.<\/span><\/h3>\n<h3 style=\"text-align: justify;\"><span style=\"line-height: 115%; font-family: Arial; font-size: 12pt;\">Certes les r\u00e9gions devront se concerter avec les recteurs d&rsquo;Acad\u00e9mie pour d\u00e9cider de la carte des formations professionnelles, certes la mise en \u0153uvre<span style=\"mso-spacerun: yes;\">\u00a0<\/span> du service public d&rsquo;orientation tout au long de la vie n&rsquo;est pas confi\u00e9e \u00e0 la r\u00e9gion seule.<\/span><\/h3>\n<h3 style=\"text-align: justify;\"><span style=\"line-height: 115%; font-family: Arial; font-size: 12pt;\">Mais l&rsquo;essentiel demeure: les cr\u00e9ations de postes sont insuffisantes pour r\u00e9cup\u00e9rer les postes supprim\u00e9s sous le quinquennat de Sarkozy, largement compenser les d\u00e9parts en retraite \u00e0 venir et tenir compte de la d\u00e9mographie scolaire. Plus inqui\u00e9tant encore aucune garantie n&rsquo;existe<span style=\"mso-spacerun: yes;\">\u00a0<\/span> puisque l&rsquo;annonce de cette augmentation de moyens est plac\u00e9e en annexe et non dans le corps du projet de loi.<br \/>\n<\/span><\/h3>\n<h3 style=\"text-align: justify;\"><span style=\"line-height: 115%; font-family: Arial; font-size: 12pt;\">Le socle commun, pilier de la r\u00e9forme Fillon de 2005 et qui \u00e9tablit une \u00e9cole \u00e0 plusieurs vitesses est maintenu quasiment tel quel.<\/span><\/h3>\n<h3 style=\"text-align: justify;\"><span style=\"line-height: 115%; font-family: Arial; font-size: 12pt;\"><span style=\"mso-spacerun: yes;\">\u00a0<\/span>C&rsquo;est aussi un projet impos\u00e9 par le haut, sans aucune consultation \u00e0 la base des personnels et des usagers<span style=\"mso-spacerun: yes;\">\u00a0<\/span> dans les \u00e9tablissements, les quartiers et les localit\u00e9s.<!--more--><\/span><\/h3>\n<h3 style=\"text-align: justify;\"><span style=\"line-height: 115%; font-family: Arial; font-size: 12pt;\">C\u2019est un projet qui ignore la n\u00e9cessit\u00e9 d\u2019un v\u00e9ritable travail en \u00e9quipes p\u00e9dagogiques<span style=\"mso-spacerun: yes;\">\u00a0<\/span> avec un temps de concertation int\u00e9gr\u00e9 au service des personnels enseignant-e-s.<span style=\"mso-spacerun: yes;\">\u00a0<\/span> La transformation n\u00e9cessaire des programmes, des contenus et des p\u00e9dagogies \u00e0 mettre en \u0153uvre est repouss\u00e9e, les lyc\u00e9es restent inchang\u00e9s<!--more--> ainsi que le statut des \u00e9l\u00e8ves d\u00e9pourvus de droits significatifs. Ces \u00e9l\u00e9ments sont pourtant d\u00e9cisifs pour aider les enseignant-e-s \u00e0 faire reculer l&rsquo;\u00e9chec scolaire. Comment, dans de telles conditions, pr\u00e9tendre lutter contre l&rsquo;\u00e9chec scolaire qui continue de p\u00e9naliser en particulier les enfants issus des milieux populaires ?<\/span><\/h3>\n<h3 style=\"text-align: justify;\"><span style=\"line-height: 115%; font-family: Arial; font-size: 12pt;\">De plus, c\u2019est un projet qui ne touche aucunement \u00e0 la hi\u00e9rarchie, celle-l\u00e0 m\u00eame qui a impos\u00e9 les changements de programmes, le plus souvent r\u00e9actionnaires, sous la droite.<\/span><\/h3>\n<h3 style=\"text-align: justify;\"><span style=\"line-height: 115%; font-family: Arial; font-size: 12pt;\"><span style=\"mso-spacerun: yes;\">\u00a0<\/span>Et enfin, ce projet satisfait aux exigences du MEDEF, d&rsquo;une part en cautionnant le discours mensonger selon lequel c&rsquo;est une mauvaise formation des jeunes qui expliquerait le ch\u00f4mage et, d&rsquo;autre part, en s&rsquo;inscrivant dans les pas de la droite \u00e0 travers la volont\u00e9 de<span style=\"mso-spacerun: yes;\">\u00a0<\/span> rapprochement entre l&rsquo;Ecole et le monde de l&rsquo;entreprise<\/span><\/h3>\n<h3 style=\"text-align: justify;\"><span style=\"line-height: 115%; font-family: Arial; font-size: 12pt;\">Ce projet de loi Peillon tourne le dos \u00e0 une n\u00e9cessaire et v\u00e9ritable refondation de l&rsquo;\u00e9cole .Les Alternatifs, membres du Front de Gauche, regrettent l&rsquo;abstention des \u00e9lu-e-s du Fdg en 1\u00e8re lecture \u00e0 l&rsquo;assembl\u00e9e nationale et leurs votes favorables au projet de loi au s\u00e9nat<span style=\"mso-spacerun: yes;\">\u00a0<\/span> puis \u00e0 l&rsquo;assembl\u00e9e en 2nde lecture. Si un nouveau vote positif intervenait au s\u00e9nat, les Alternatifs ne se consid\u00e9reraient pas engag\u00e9s par un tel vote.<\/span><\/h3>\n<h3 style=\"text-align: justify;\"><span style=\"line-height: 115%; font-family: Arial; font-size: 12pt;\">Les Alternatifs continueront, comme ils l\u2019ont toujours fait, \u00e0 lutter pour une autre \u00e9cole et une autre soci\u00e9t\u00e9, une \u00e9cole r\u00e9ellement refond\u00e9e, une \u00e9cole \u00e9mancipatrice et autogestionnaire.<\/span><\/h3>\n<\/div>\n<gcse:search><\/gcse:search>","protected":false},"excerpt":{"rendered":"<p>Communiqu\u00e9 de la commission Education des Alternatifs L&rsquo;examen au s\u00e9nat\u00a0 en 2\u00e8me lecture de la loi de refondation de l&rsquo;Ecole va d\u00e9buter. Ce projet de loi Peillon a \u00e9t\u00e9 peu modifi\u00e9 lors de son examen par les assembl\u00e9es parlementaires. Certes les r\u00e9gions devront se concerter avec les recteurs d&rsquo;Acad\u00e9mie pour d\u00e9cider de la carte des [&hellip;]<\/p>\n","protected":false},"author":1,"featured_media":0,"comment_status":"open","ping_status":"closed","sticky":false,"template":"","format":"standard","meta":{"footnotes":""},"categories":[9,124,21],"tags":[103,66],"class_list":["post-8861","post","type-post","status-publish","format-standard","hentry","category-communiques","category-education-2","category-les-alters-dans-les-luttes","tag-demarche-citoyenne","tag-services-publics"],"_links":{"self":[{"href":"https:\/\/alternatifs81.fr\/index.php?rest_route=\/wp\/v2\/posts\/8861","targetHints":{"allow":["GET"]}}],"collection":[{"href":"https:\/\/alternatifs81.fr\/index.php?rest_route=\/wp\/v2\/posts"}],"about":[{"href":"https:\/\/alternatifs81.fr\/index.php?rest_route=\/wp\/v2\/types\/post"}],"author":[{"embeddable":true,"href":"https:\/\/alternatifs81.fr\/index.php?rest_route=\/wp\/v2\/users\/1"}],"replies":[{"embeddable":true,"href":"https:\/\/alternatifs81.fr\/index.php?rest_route=%2Fwp%2Fv2%2Fcomments&post=8861"}],"version-history":[{"count":0,"href":"https:\/\/alternatifs81.fr\/index.php?rest_route=\/wp\/v2\/posts\/8861\/revisions"}],"wp:attachment":[{"href":"https:\/\/alternatifs81.fr\/index.php?rest_route=%2Fwp%2Fv2%2Fmedia&parent=8861"}],"wp:term":[{"taxonomy":"category","embeddable":true,"href":"https:\/\/alternatifs81.fr\/index.php?rest_route=%2Fwp%2Fv2%2Fcategories&post=8861"},{"taxonomy":"post_tag","embeddable":true,"href":"https:\/\/alternatifs81.fr\/index.php?rest_route=%2Fwp%2Fv2%2Ftags&post=8861"}],"curies":[{"name":"wp","href":"https:\/\/api.w.org\/{rel}","templated":true}]}}