{"id":8857,"date":"2013-06-21T22:24:25","date_gmt":"2013-06-21T21:24:25","guid":{"rendered":"http:\/\/alternatifs81.fr\/?p=8857"},"modified":"2013-06-21T22:25:44","modified_gmt":"2013-06-21T21:25:44","slug":"la-reunion-du-15-juin-une-etape-importante-dans-la-construction-dune-nouvelle-force-politique-par-les-alternatifs","status":"publish","type":"post","link":"https:\/\/alternatifs81.fr\/?p=8857","title":{"rendered":"La r\u00e9union du 15 juin : une \u00e9tape importante dans la construction d&rsquo;une nouvelle force politique &#8211; par les Alternatifs"},"content":{"rendered":"<div class=\"separator\" style=\"clear: both; text-align: justify;\"><a style=\"clear: left; float: left; margin-bottom: 1em; margin-right: 1em;\" href=\"http:\/\/2.bp.blogspot.com\/-qQvkA_JRW-o\/UcP8cIZT5gI\/AAAAAAAAFPk\/OlCm60gTKOs\/s1600\/Les-alternatifs.jpg\" rel=\"lightbox[8857]\"><img loading=\"lazy\" decoding=\"async\" alt=\"\" src=\"http:\/\/2.bp.blogspot.com\/-qQvkA_JRW-o\/UcP8cIZT5gI\/AAAAAAAAFPk\/OlCm60gTKOs\/s400\/Les-alternatifs.jpg\" width=\"400\" height=\"178\" border=\"0\" \/><\/a><\/p>\n<h3><b><span style=\"font-family: 'Trebuchet MS',sans-serif;\">La r\u00e9union du 15 juin 2013 rassemblait pour la premi\u00e8re fois de mani\u00e8re significative des repr\u00e9sentant-e-s d&rsquo;organisations politiques, des d\u00e9l\u00e9gu\u00e9-e-s des collectifs constitu\u00e9s dans une trentaine de d\u00e9partements et des militant-e-s des mouvements sociaux et altermondialistes non-encart\u00e9-e-s. Les Alternatifs, Convergences et Alternative, FASE et Gauche Anticapitaliste \u00e9taient pr\u00e9sents. Les deux courants de Gauche Unitaire se sont exprim\u00e9s : un courant trouve le processus trop rapide et pas assez clarifi\u00e9 et souhaite reporter le d\u00e9but de la d\u00e9marche apr\u00e8s les \u00e9lections de 2014, l&rsquo;autre s&rsquo;y engage clairement.\u00a0<\/span><\/b><\/h3>\n<\/div>\n<h3 style=\"text-align: justify;\"><b><span style=\"font-family: 'Trebuchet MS',sans-serif;\">Les Alternatifs saluent la tonalit\u00e9 g\u00e9n\u00e9rale tr\u00e8s positive de cette r\u00e9union large qui refl\u00e8te, cette fois sans ambigu\u00eft\u00e9, la volont\u00e9 partag\u00e9e des quatre composantes, d&rsquo;une partie de GU et de militant-e-s non encart\u00e9-e-s de<!--more--> construire un nouveau mouvement politique commun dans le Front de Gauche et les mouvements sociaux.\u00a0<\/span><\/b><\/h3>\n<p><b><span style=\"font-family: 'Trebuchet MS',sans-serif;\">De plus, et c&rsquo;est pour nous tr\u00e8s important, un acquis se d\u00e9gage en ce qui concerne le projet de la forme de la future force politique commune : la conception g\u00e9n\u00e9rale se rapproche de celle d&rsquo;un parti-mouvement, m\u00eame si le terme fait discussion et c&rsquo;est bien normal, et non plus celle d&rsquo;un parti-guide \u00e0 l&rsquo;ancienne et \u00e0 pr\u00e9tention avant-gardiste.\u00a0<\/span><\/b><br \/>\n<a name=\"more\"><\/a><\/p>\n<p><b><span style=\"font-family: 'Trebuchet MS',sans-serif;\">Par ailleurs, la question du nom de la future organisation commence \u00e0 faire l&rsquo;objet d&rsquo;une r\u00e9flexion et le fait a \u00e9t\u00e9 mentionn\u00e9 que dans plusieurs d\u00e9partements (la C\u00f4te d&rsquo;Or, les Alpes-Maritimes, le Var&#8230;), c&rsquo;est l&rsquo;appellation Gauche Alternative qui a \u00e9t\u00e9 retenue pour diverses raisons et parfois d\u00e9j\u00e0 rendue publique.\u00a0<\/span><\/b><\/p>\n<p><b><span style=\"font-family: 'Trebuchet MS',sans-serif;\">Cependant, pour les Alternatifs des questions demeurent et nous souhaitons porter le d\u00e9bat sur ces points dans le processus pour la construction de la nouvelle force politique:\u00a0<\/span><\/b><\/p>\n<p><b><span style=\"font-family: 'Trebuchet MS',sans-serif;\">&#8211; pour beaucoup, et nous sommes peut-\u00eatre minoritaires en contestant ce point, le Front de Gauche borne tout l&rsquo;horizon de la transformation \u00e9cologique et sociale, et la question de l&rsquo;exp\u00e9rimentation autogestionnaire nous semble sous estim\u00e9e.\u00a0<\/span><\/b><\/p>\n<p><b><span style=\"font-family: 'Trebuchet MS',sans-serif;\">&#8211; la question des discriminations que nous jugeons, au del\u00e0 de nos propres diff\u00e9rences, importante, est certes prise au s\u00e9rieux par certain-e-s notamment par les rares participant-e-s issu-e-s de l&rsquo;immigration post-coloniale et par des militant-e-s du f\u00e9minisme radical, mais elle reste peu abord\u00e9e par d&rsquo;autres et peu visible dans les textes propos\u00e9s lors de cette r\u00e9union.\u00a0<\/span><\/b><\/p>\n<p><b><span style=\"font-family: 'Trebuchet MS',sans-serif;\">&#8211; le \u00ab\u00a0vert\u00a0\u00bb est pr\u00e9sent, en particulier dans le texte de r\u00e9f\u00e9rence mais la culture encore pr\u00e9gnante reste celle du \u00ab\u00a0rouge\u00a0\u00bb, comme l&rsquo;atteste l&rsquo;utilisation fr\u00e9quente encore dans les \u00e9changes le 15 juin des termes de \u00ab<i> transformation sociale<\/i> \u00bb plut\u00f4t que de \u00ab <i>transformation de la soci\u00e9t\u00e9 <\/i>\u00bb &#8211; qui implique le social mais aussi l&rsquo;\u00e9cologie, le f\u00e9minisme&#8230; &#8211; quand on \u00e9voque les perspectives de changement de soci\u00e9t\u00e9 ou de projet alternatif.<\/span><\/b><\/p>\n<p><b><span style=\"font-family: 'Trebuchet MS',sans-serif;\">La phase transitoire vers les Assises qui auront lieu les 23 et 24 novembre est bien lanc\u00e9e, et la perspective d&rsquo;une organisation commune clairement affirm\u00e9e. Cette perspective sera d\u00e9battue lors du congr\u00e8s des Alternatifs des 9, 10 et 11 novembre 2013.\u00a0<\/span><\/b><\/p>\n<p><b><span style=\"font-family: 'Trebuchet MS',sans-serif;\">Deux temps de r\u00e9flexion collective (organisations, collectifs locaux et non-encart\u00e9-e-s) sont pr\u00e9vus le vendredi 23 ao\u00fbt \u00e0 Grenoble et fin septembre ou d\u00e9but octobre \u00e0 Paris.\u00a0<\/span><\/b><\/p>\n<p><b><span style=\"font-family: 'Trebuchet MS',sans-serif;\">Les Alternatifs se r\u00e9jouissent de l&rsquo;\u00e9tape importante dans le processus de construction d&rsquo;une nouvelle force politique qu&rsquo;a constitu\u00e9e la r\u00e9union du 15 juin. Les Alternatifs s&rsquo;investissent pleinement dans cette phase transitoire pour faire avancer la r\u00e9flexion commune sur les aspects organisationnels et programmatiques de cette nouvelle force politique. <\/span><\/b><\/p>\n<gcse:search><\/gcse:search>","protected":false},"excerpt":{"rendered":"<p>La r\u00e9union du 15 juin 2013 rassemblait pour la premi\u00e8re fois de mani\u00e8re significative des repr\u00e9sentant-e-s d&rsquo;organisations politiques, des d\u00e9l\u00e9gu\u00e9-e-s des collectifs constitu\u00e9s dans une trentaine de d\u00e9partements et des militant-e-s des mouvements sociaux et altermondialistes non-encart\u00e9-e-s. Les Alternatifs, Convergences et Alternative, FASE et Gauche Anticapitaliste \u00e9taient pr\u00e9sents. Les deux courants de Gauche Unitaire se [&hellip;]<\/p>\n","protected":false},"author":1,"featured_media":0,"comment_status":"open","ping_status":"closed","sticky":false,"template":"","format":"standard","meta":{"footnotes":""},"categories":[126,5,6,123],"tags":[34,43],"class_list":["post-8857","post","type-post","status-publish","format-standard","hentry","category-gauche-de-combat","category-les-alters-kezako","category-notre-projet","category-rouge-et-vert","tag-alternatifs","tag-appel"],"_links":{"self":[{"href":"https:\/\/alternatifs81.fr\/index.php?rest_route=\/wp\/v2\/posts\/8857","targetHints":{"allow":["GET"]}}],"collection":[{"href":"https:\/\/alternatifs81.fr\/index.php?rest_route=\/wp\/v2\/posts"}],"about":[{"href":"https:\/\/alternatifs81.fr\/index.php?rest_route=\/wp\/v2\/types\/post"}],"author":[{"embeddable":true,"href":"https:\/\/alternatifs81.fr\/index.php?rest_route=\/wp\/v2\/users\/1"}],"replies":[{"embeddable":true,"href":"https:\/\/alternatifs81.fr\/index.php?rest_route=%2Fwp%2Fv2%2Fcomments&post=8857"}],"version-history":[{"count":0,"href":"https:\/\/alternatifs81.fr\/index.php?rest_route=\/wp\/v2\/posts\/8857\/revisions"}],"wp:attachment":[{"href":"https:\/\/alternatifs81.fr\/index.php?rest_route=%2Fwp%2Fv2%2Fmedia&parent=8857"}],"wp:term":[{"taxonomy":"category","embeddable":true,"href":"https:\/\/alternatifs81.fr\/index.php?rest_route=%2Fwp%2Fv2%2Fcategories&post=8857"},{"taxonomy":"post_tag","embeddable":true,"href":"https:\/\/alternatifs81.fr\/index.php?rest_route=%2Fwp%2Fv2%2Ftags&post=8857"}],"curies":[{"name":"wp","href":"https:\/\/api.w.org\/{rel}","templated":true}]}}