{"id":8817,"date":"2013-06-17T09:01:16","date_gmt":"2013-06-17T08:01:16","guid":{"rendered":"http:\/\/alternatifs81.fr\/?p=8817"},"modified":"2013-06-17T09:01:16","modified_gmt":"2013-06-17T08:01:16","slug":"accord-transatlantique-fin-de-lexception-democratique-communique-de-presse-commun-attac-aitec-150613","status":"publish","type":"post","link":"https:\/\/alternatifs81.fr\/?p=8817","title":{"rendered":"Accord transatlantique : fin de l\u2019exception d\u00e9mocratique : Communiqu\u00e9 de presse commun Attac \u2013 Aitec (15\/06\/13)"},"content":{"rendered":"<div class=\"option beforeArticle\">\n<div class=\"date\">\n<h3><span class=\"hour\"><img loading=\"lazy\" decoding=\"async\" class=\"alignleft size-full wp-image-8252\" style=\"margin: 10px;\" alt=\"logo\" src=\"http:\/\/alternatifs81.fr\/wp-content\/uploads\/logo.png\" width=\"119\" height=\"200\" \/><\/span><span style=\"font-family: Arial; font-size: 12pt;\">Les ministres europ\u00e9ens du commerce ont donn\u00e9 mandat \u00e0 la commission europ\u00e9enne pour n\u00e9gocier un partenariat avec les \u00c9tats-Unis, portant sur le libre-\u00e9change des biens, des services des capitaux, et surtout sur la suppression des normes et r\u00e9glementations qui porteraient pr\u00e9judice au commerce et \u00e0 l\u2019investissement des entreprises. La France a port\u00e9 le principe de l\u2019exception culturelle, qui pour l\u2019instant et de mani\u00e8re tr\u00e8s confuse, se trouve exclue des n\u00e9gociations, avec possibilit\u00e9 de rouvrir le dossier. Le processus est donc lanc\u00e9.<\/span><\/h3>\n<\/div>\n<\/div>\n<div class=\"contenuArticle\">\n<h3 style=\"text-align: justify; -ms-text-justify: inter-ideograph;\"><span style=\"font-family: Arial; font-size: 12pt;\">Les gouvernements ont accept\u00e9 de n\u00e9gocier leurs choix agricoles et alimentaires,\u00a0 les services publics, les droits sociaux, les normes financi\u00e8res, les choix \u00e9nerg\u00e9tiques et climatiques. Ils ont accept\u00e9 de renoncer \u00e0 la capacit\u00e9 politique de construire d\u00e9mocratiquement des normes, des r\u00e8glements, et de la transf\u00e9rer aux entreprises et aux tribunaux ad hoc qui jugeront des litiges entre les entreprises, les \u00c9tats et les collectivit\u00e9s territoriales.<\/span><\/h3>\n<h3 style=\"text-align: justify; -ms-text-justify: inter-ideograph;\"><span style=\"font-family: Arial; font-size: 12pt;\">Comme nous avons su le faire au moment de l\u2019Accord Multilat\u00e9ral de l\u2019investissement, au moment de l\u2019ACTA, <!--more-->nous refusons l\u2019engagement dans un tel processus, et nous appelons \u00e0 une mobilisation tr\u00e8s large des mouvements sociaux et des \u00e9lus, parlementaires et \u00e9lus locaux, pour faire conna\u00eetre ce processus qui se r\u00e9alise dans l\u2019opacit\u00e9 sur la plus totale et pour l\u2019arr\u00eater. Nous travaillons dans le m\u00eame sens avec nos r\u00e9seaux europ\u00e9ens et internationaux.<\/span><\/h3>\n<p style=\"text-align: justify; -ms-text-justify: inter-ideograph;\"><span style=\"font-family: Arial; font-size: 12pt;\">\u00a0<\/span><\/p>\n<h3 style=\"text-align: justify; -ms-text-justify: inter-ideograph;\"><span style=\"font-family: Arial; font-size: 12pt; color: #0000ff;\">Attac France et AITEC,<\/span><\/h3>\n<h3 style=\"text-align: justify; -ms-text-justify: inter-ideograph;\"><span style=\"color: #0000ff;\"><em><span style=\"font-family: Arial; font-size: 12pt;\">A Paris, le 15 juin 2013<\/span> <\/em><\/span><\/h3>\n<\/div>\n<gcse:search><\/gcse:search>","protected":false},"excerpt":{"rendered":"<p>Les ministres europ\u00e9ens du commerce ont donn\u00e9 mandat \u00e0 la commission europ\u00e9enne pour n\u00e9gocier un partenariat avec les \u00c9tats-Unis, portant sur le libre-\u00e9change des biens, des services des capitaux, et surtout sur la suppression des normes et r\u00e9glementations qui porteraient pr\u00e9judice au commerce et \u00e0 l\u2019investissement des entreprises. La France a port\u00e9 le principe de [&hellip;]<\/p>\n","protected":false},"author":1,"featured_media":0,"comment_status":"open","ping_status":"closed","sticky":false,"template":"","format":"standard","meta":{"footnotes":""},"categories":[9,232],"tags":[103,117,16,23],"class_list":["post-8817","post","type-post","status-publish","format-standard","hentry","category-communiques","category-notre-economie-et-la-leur","tag-demarche-citoyenne","tag-democratie","tag-economie","tag-luttes"],"_links":{"self":[{"href":"https:\/\/alternatifs81.fr\/index.php?rest_route=\/wp\/v2\/posts\/8817","targetHints":{"allow":["GET"]}}],"collection":[{"href":"https:\/\/alternatifs81.fr\/index.php?rest_route=\/wp\/v2\/posts"}],"about":[{"href":"https:\/\/alternatifs81.fr\/index.php?rest_route=\/wp\/v2\/types\/post"}],"author":[{"embeddable":true,"href":"https:\/\/alternatifs81.fr\/index.php?rest_route=\/wp\/v2\/users\/1"}],"replies":[{"embeddable":true,"href":"https:\/\/alternatifs81.fr\/index.php?rest_route=%2Fwp%2Fv2%2Fcomments&post=8817"}],"version-history":[{"count":0,"href":"https:\/\/alternatifs81.fr\/index.php?rest_route=\/wp\/v2\/posts\/8817\/revisions"}],"wp:attachment":[{"href":"https:\/\/alternatifs81.fr\/index.php?rest_route=%2Fwp%2Fv2%2Fmedia&parent=8817"}],"wp:term":[{"taxonomy":"category","embeddable":true,"href":"https:\/\/alternatifs81.fr\/index.php?rest_route=%2Fwp%2Fv2%2Fcategories&post=8817"},{"taxonomy":"post_tag","embeddable":true,"href":"https:\/\/alternatifs81.fr\/index.php?rest_route=%2Fwp%2Fv2%2Ftags&post=8817"}],"curies":[{"name":"wp","href":"https:\/\/api.w.org\/{rel}","templated":true}]}}