{"id":8721,"date":"2013-06-08T16:33:13","date_gmt":"2013-06-08T15:33:13","guid":{"rendered":"http:\/\/alternatifs81.fr\/?p=8721"},"modified":"2013-06-17T09:03:55","modified_gmt":"2013-06-17T08:03:55","slug":"enterrons-definitivement-le-projet-de-notre-dame-des-landes","status":"publish","type":"post","link":"https:\/\/alternatifs81.fr\/?p=8721","title":{"rendered":"Enterrons d\u00e9finitivement le projet de Notre Dame des Landes"},"content":{"rendered":"<div class=\"option beforeArticle\">\n<div class=\"date\"><span class=\"hour\">\u00a0<\/span><\/div>\n<\/div>\n<div class=\"divTitreArticle\">\n<h2><a class=\"titreArticle\" title=\"Notre Dame des Landes : On ne l\u00e2che rien ! Ni ici, ni ailleurs !\" href=\"http:\/\/alternatifs0726.over-blog.com\/article-enterrons-definitivement-le-projet-de-notre-dame-des-landes-118356966.html\"> Notre Dame des Landes : On ne l\u00e2che rien ! Ni ici, ni ailleurs ! <\/a><\/h2>\n<\/div>\n<div class=\"contenuArticle\">\n<div class=\"separator\" style=\"text-align: center; clear: both;\"><span style=\"font-size: 12pt;\"><span style=\"font-family: inherit;\"><a style=\"clear: right; margin-bottom: 1em; margin-left: 1em; float: right;\" href=\"http:\/\/1.bp.blogspot.com\/-p9p4CfFoqdA\/UZOQQJTNK7I\/AAAAAAAAKuc\/WND7qMFuPBs\/s1600\/2013_08_03-04_Affiche_Notre-Dame-des-Landes2013.jpg\" rel=\"lightbox[8721]\"><img loading=\"lazy\" decoding=\"async\" alt=\"\" src=\"http:\/\/1.bp.blogspot.com\/-p9p4CfFoqdA\/UZOQQJTNK7I\/AAAAAAAAKuc\/WND7qMFuPBs\/s400\/2013_08_03-04_Affiche_Notre-Dame-des-Landes2013.jpg\" width=\"282\" height=\"400\" border=\"0\" \/><\/a><\/span><\/span><\/div>\n<p><span style=\"color: #808000;\"><strong><span style=\"font-size: 12pt;\"><span style=\"font-family: inherit;\">Enterrons d\u00e9finitivement le projet de Notre Dame des Landes<\/span><\/span><\/strong> <\/span><\/p>\n<div style=\"text-align: justify;\"><span style=\"font-size: 12pt; color: #008000;\"><span style=\"font-family: inherit;\"><strong>Nous constatons qu\u2019un coup d\u2019arr\u00eat \u00e0 l\u2019avanc\u00e9e d\u2019AGO\/Vinci et de l\u2019Etat est bien r\u00e9el sur le terrain depuis quelques semaines d\u00e9j\u00e0.<\/strong><\/span> <\/span><\/div>\n<h3 style=\"text-align: justify;\"><span style=\"font-size: 12pt;\"><span style=\"font-family: inherit;\">Fortes des avanc\u00e9es acquises ces derniers mois (voir au dos), l\u2019ACIPA et la Coordination des opposants entendent\u00a0 augmenter la pression sur les d\u00e9cideurs en organisant le grand rassemblement estival devenu traditionnel mais qui, cette ann\u00e9e, va prendre une ampleur in\u00e9gal\u00e9e. Elles\u00a0invitent l&rsquo;ensemble des comit\u00e9s de soutien \u00e0 organiser largement l&rsquo;information\u00a0et la mobilisation pour le\u00a0rassemblement NDL 2013 comme ils ont su le faire au lendemain de l&rsquo;invasion polici\u00e8re du 16 octobre sur la ZAD. La formidable et inventive force collective qu&rsquo;ils repr\u00e9sentent\u00a0construira\u00a0avec nous la r\u00e9ussite.<\/span><\/span><\/h3>\n<div style=\"text-align: justify;\"><span style=\"font-size: 12pt;\"><span style=\"font-family: inherit;\"><br \/>\n<span style=\"color: #808000;\"><strong>Pour autant, le projet d\u2019a\u00e9roport est loin d\u2019\u00eatre d\u00e9finitivement stopp\u00e9\u00a0!<\/strong><\/span><\/span><\/span><\/div>\n<div style=\"text-align: justify;\"><span style=\"font-size: 12pt;\"><span style=\"font-family: inherit;\"><br \/>\n<span style=\"color: #008000;\"><strong>La victoire, c&rsquo;est maintenant&#8230; qu&rsquo;il faut l&rsquo;arracher\u00a0!<\/strong> <\/span><strong><span style=\"color: #000000;\">\u00a0C&rsquo;est possible, les porteurs du projet s&rsquo;\u00e9tant obstin\u00e9ment fourvoy\u00e9s dans une impasse politique majeure, tant par leurs exactions sur la ZAD (expulsions, destructions de maisons, agressions polici\u00e8res&#8230;) que par leurs mensonges r\u00e9p\u00e9t\u00e9s et leur m\u00e9pris affich\u00e9 des conclusions des trois commissions, en particulier celles du Comit\u00e9 scientifique\u00a0!<\/span><\/strong><\/span><\/span><\/p>\n<h3><\/h3>\n<\/div>\n<div style=\"text-align: justify;\"><span style=\"font-size: 12pt; color: #808000;\"><span style=\"font-family: inherit;\"><strong>Le week-end des 3 et 4 ao\u00fbt sera festif et militant.<!--more--><\/strong><\/span> <\/span><\/div>\n<h3 style=\"text-align: justify;\"><span style=\"font-size: 12pt;\"><span style=\"font-family: inherit;\"><span style=\"text-decoration: underline;\"><span style=\"color: #008000; text-decoration: underline;\"><strong>Militant<\/strong>\u00a0:<\/span><\/span> Dans la continuit\u00e9 de nos rassemblements des pr\u00e9c\u00e9dents \u00e9t\u00e9s, nous poursuivrons la r\u00e9flexion sur des th\u00e8mes qui nous sont chers car li\u00e9s \u00e0 ce projet d&rsquo;a\u00e9roport de Notre Dame des Landes. De <span style=\"text-decoration: underline;\">nombreux forums de discussion<\/span> nous rassembleront\u00a0:<\/span><\/span><\/h3>\n<h3><\/h3>\n<ul>\n<li>\n<h3><em><span style=\"font-size: 12pt;\"><span style=\"font-family: inherit;\">autour des Grands Projets Inutiles Impos\u00e9s partout en France et hors de France,<\/span><\/span> <\/em><\/h3>\n<\/li>\n<li>\n<h3><em><span style=\"font-size: 12pt;\"><span style=\"font-family: inherit;\">autour des terres nourrici\u00e8res,<\/span><\/span> <\/em><\/h3>\n<\/li>\n<li>\n<h3><em><span style=\"font-size: 12pt;\"><span style=\"font-family: inherit;\">autour de la Transition \u00e9cologique et \u00e9nerg\u00e9tique,<\/span><\/span> <\/em><\/h3>\n<\/li>\n<li>\n<h3><em><span style=\"font-size: 12pt;\"><span style=\"font-family: inherit;\"><span style=\"line-height: normal; font-variant: normal; font-weight: normal; font-size-adjust: none; font-stretch: normal;\">\u00a0<\/span>autour de l\u2019Urbanisation, de l\u2019Am\u00e9nagement du territoire, des Transports,<\/span><\/span> <\/em><\/h3>\n<\/li>\n<li>\n<h3><em><span style=\"font-size: 12pt;\"><span style=\"font-family: inherit;\">autour de l\u2019Eau et de la biodiversit\u00e9, ..<\/span><\/span> <\/em><\/h3>\n<\/li>\n<\/ul>\n<p>&nbsp;<\/p>\n<div style=\"text-align: justify; margin-left: 18pt;\"><span style=\"font-size: 12pt; color: #ff0000;\"><span style=\"font-family: inherit;\">\u00a0<strong>R\u00e9flexions actives, pour inventer, construire des alternatives&#8230;<\/strong><\/span> <\/span><\/div>\n<h3 style=\"text-align: justify;\"><span style=\"font-size: 12pt;\"><span style=\"font-family: inherit;\"><span style=\"text-decoration: underline; color: #008000;\"><strong>Festif<\/strong>\u00a0: <\/span>apr\u00e8s les collectifs d\u2019\u00e9lu-e-s, de pilotes, de g\u00e9ographes, de juristes et de naturalistes, ce sont les artistes musiciens qui ont souhait\u00e9 prendre leur part dans la lutte de Notre Dame des Landes. Pr\u00e8s de <span style=\"text-decoration: underline;\">30 groupes de tous genres musicaux<\/span> participeront ainsi \u00e0 l\u2019\u00e9v\u00e8nement de l\u2019\u00e9t\u00e9 2013. \u00a0Les enfants ne seront pas oubli\u00e9s\u00a0: des lieux de jeux et de d\u00e9tente seront am\u00e9nag\u00e9s pour eux et des spectacles leur seront aussi propos\u00e9s.<\/span><\/span><\/h3>\n<div style=\"text-align: justify;\"><span style=\"font-size: 12pt;\"><span style=\"font-family: inherit;\"><em><strong><span style=\"font-style: normal;\">Une semaine apr\u00e8s le\u00a0 3<sup>\u00e8me\u00a0<\/sup>Forum europ\u00e9en contre les Grands Projets Inutiles et Impos\u00e9s qui se tiendra \u00e0 Stuttgart<\/span><\/strong><\/em><strong>,<\/strong><\/span><\/span><\/div>\n<div style=\"text-align: center;\"><span style=\"font-size: 12pt;\"><span style=\"font-family: inherit;\"><strong><span style=\"text-decoration: underline;\">Le Rassemblement 2013 de Notre Dame des Landes sera<\/span><\/strong><\/span><\/span><\/div>\n<div style=\"text-align: center;\"><span style=\"font-size: 12pt;\"><span style=\"font-family: inherit;\"><strong>LE rassemblement incontournable de l&rsquo;\u00e9t\u00e9 <em><span style=\"font-style: normal;\">\u00a0<\/span><\/em><\/strong><\/span><\/span><\/div>\n<div style=\"text-align: center;\"><span style=\"font-size: 12pt;\"><span style=\"font-family: inherit;\"><strong>pour la d\u00e9fense des terres et des emplois agricoles menac\u00e9s,<\/strong><\/span><\/span><\/div>\n<div style=\"text-align: center;\"><span style=\"font-size: 12pt;\"><span style=\"font-family: inherit;\"><strong>pour une meilleure utilisation de l\u2019argent public<\/strong><\/span><\/span><\/div>\n<div style=\"text-align: center;\"><span style=\"font-size: 12pt;\"><span style=\"font-family: inherit;\"><strong>et pour l\u2019arr\u00eat des projets\u00a0aussi inutiles que\u00a0destructeurs, \u00a0ici comme ailleurs\u00a0!<\/strong><\/span><\/span><\/div>\n<div style=\"text-align: center;\"><span style=\"font-size: 12pt;\"><span style=\"font-family: inherit;\"><strong>Mais incontournable aussi<\/strong> <strong>pour inventer et mettre en \u0153uvre de mani\u00e8re solidaire<br \/>\nles alternatives indispensables\u00a0:<\/strong><\/span><\/span><\/div>\n<div style=\"text-align: center;\"><span style=\"font-size: 12pt;\"><span style=\"font-family: inherit;\"><strong>Pour la transition \u00e9nerg\u00e9tique, la lutte contre le r\u00e9chauffement climatique<\/strong><\/span><\/span><\/div>\n<div style=\"text-align: center;\"><span style=\"font-size: 12pt;\"><span style=\"font-family: inherit;\"><strong>et le retour \u00e0 une solide repr\u00e9sentation citoyenne, confisqu\u00e9e par les classes politiques dirigeantes.<\/strong><\/span><\/span><\/div>\n<div style=\"text-align: center;\"><span style=\"font-size: 12pt;\"><span style=\"font-family: inherit;\"><strong><em>L&rsquo;heure de la victoire peut sonner bient\u00f4t\u00a0! On ne l\u00e2che rien\u00a0! Ni ici ni ailleurs<\/em><\/strong><em>\u00a0!<\/em><\/span><\/span><\/div>\n<div style=\"text-align: center;\"><span style=\"font-size: 12pt;\"><span style=\"font-family: inherit;\"><strong><em>L\u2019ACIPA et la Coordination des opposants\u00a0 &#8211;<\/em><\/strong> <strong><em>juin 2013<\/em><\/strong><\/span><\/span><\/div>\n<p><span style=\"font-size: 12pt; color: #808000;\"><span style=\"font-family: inherit;\"><strong><br style=\"page-break-before: always;\" \/><\/strong><\/span> <\/span><\/p>\n<div style=\"text-align: justify;\"><span style=\"font-size: 12pt; color: #808000;\"><span style=\"font-family: inherit;\"><strong><em>O\u00f9 en est le projet\u00a0?<\/em><\/strong><\/span> <\/span><\/div>\n<h3 style=\"text-align: justify;\"><span style=\"font-size: 12pt;\"><span style=\"font-family: inherit;\">Le 16 octobre 2012 l\u2019Etat tentait de vider la zone d\u00e9di\u00e9e au projet d\u2019a\u00e9roport de ses habitants dits \u00ab\u00a0ill\u00e9gaux\u00a0\u00bb mais tout \u00e0 fait l\u00e9gitimes\u00a0!\u00a0 L\u2019op\u00e9ration C\u00e9sar, annonc\u00e9e pour une dur\u00e9e de 36 heures,\u00a0 n\u2019a jamais pu venir \u00e0 bout d\u2019une r\u00e9sistance imm\u00e9diate, qui n\u2019a fait que monter en puissance comme lors de\u00a0la grande manifestation de r\u00e9-occupation qui a rassembl\u00e9 40\u00a0000 personnes le 17 novembre 2012\u00a0:<\/span><\/span><\/h3>\n<ul>\n<li>\n<h3><em><span style=\"font-size: 12pt;\"><span style=\"font-family: inherit;\">Dans toute la France de <span style=\"text-decoration: underline;\">tr\u00e8s nombreux comit\u00e9s<\/span> voient le jour en soutien \u00e0 la lutte<\/span><\/span> <\/em><\/h3>\n<\/li>\n<li>\n<h3><em><span style=\"font-size: 12pt;\"><span style=\"font-family: inherit;\">De nouveaux habitants sont venus nombreux s\u2019installer sur la zone au plus fort de l\u2019hiver<\/span><\/span> <\/em><\/h3>\n<\/li>\n<li>\n<h3><em><span style=\"font-size: 12pt;\"><span style=\"font-family: inherit;\"><strong>Mi- janvier 2013<\/strong>, c\u2019est la Ferme de Bellevue qui est sauv\u00e9e de la destruction par le Collectif des Organisations Professionnelles Agricoles INdign\u00e9es par le projet d\u2019a\u00e9roport (COPAIN) et remise en exploitation.<\/span><\/span> <\/em><\/h3>\n<\/li>\n<li>\n<h3><em><span style=\"font-size: 12pt;\"><span style=\"font-family: inherit;\"><strong>Mi-avril<\/strong> ce sont des installations p\u00e9rennes &#8211; de mara\u00eechage principalement \u2013 qui sont r\u00e9alis\u00e9es lors de l\u2019op\u00e9ration <span style=\"text-decoration: underline;\">S\u00e8me ta ZAD<\/span><\/span><\/span> <\/em><\/h3>\n<\/li>\n<li>\n<h3><em><span style=\"font-size: 12pt;\"><span style=\"font-family: inherit;\"><strong>Le 11 mai,<\/strong> ce sont encore pr\u00e8s de 40\u00a0000 personnes qui viennent encercler la zone pour la prot\u00e9ger en enterrant le projet (<span style=\"text-decoration: underline;\">grande cha\u00eene humaine<\/span>).<\/span><\/span> <\/em><\/h3>\n<\/li>\n<\/ul>\n<h3 style=\"text-align: justify;\"><span style=\"font-size: 12pt;\"><span style=\"font-family: inherit;\">\u00a0Les opposants accumulent aussi <strong>les avanc\u00e9es<\/strong> du c\u00f4t\u00e9 des proc\u00e9dures juridiques et administratives en cours\u00a0:<\/span><\/span><\/h3>\n<ul>\n<li>\n<h3><span style=\"font-size: 12pt;\"><span style=\"font-family: inherit;\"><span style=\"text-decoration: underline;\"><span style=\"color: #008000; text-decoration: underline;\"><strong>Fin janvier 2013<\/strong> :<\/span><\/span> <span style=\"text-decoration: underline;\">la Cour de Cassation<\/span> a rejet\u00e9 la demande faite par AGO\/Vinci pour acc\u00e9l\u00e9rer le jugement \u201dpourvoi en cassation\u00a0\u201d contre l\u2019ordonnance des expropriations, ce qui a repouss\u00e9 les expulsions des habitants et paysans pr\u00e9sents sur la zone.<\/span><\/span><\/h3>\n<\/li>\n<li>\n<h3><span style=\"font-size: 12pt;\"><span style=\"font-family: inherit;\"><span style=\"text-decoration: underline; color: #008000;\"><strong>Le 17 mars 2013<\/strong> <\/span>c\u2019est <span style=\"text-decoration: underline;\">la Commission des P\u00e9titions europ\u00e9enne<\/span> qui a pris le dossier NDL en main et a gard\u00e9 ouvertes les 2 p\u00e9titions des opposants ACIPA\/C\u00e9Dpa et FNE\/Bretagne Vivante. Une commission d\u2019enqu\u00eate pourrait se d\u00e9placer sur Nantes Atlantique et sur Notre Dame des Landes pour \u00e9tudier la situation\u2026<\/span><\/span><\/h3>\n<\/li>\n<li>\n<h3><span style=\"font-size: 12pt;\"><span style=\"font-family: inherit;\"><strong>Fin mars 2013,<\/strong> c\u2019est le rendu des 3 commissions\u00a0:<\/span><\/span><\/h3>\n<\/li>\n<\/ul>\n<ul>\n<li>\n<ul>\n<li><em><strong><span style=\"font-size: 12pt;\"><span style=\"font-family: inherit;\"><span style=\"text-decoration: underline;\">Celle dite du \u201d dialogue\u201d<\/span>\u00a0qui valide la justesse de nos arguments et propositions de solutions alternatives avanc\u00e9es depuis le d\u00e9bat public de 2003\u00a0: \u00e9tude d\u2019un nouveau PEB, \u00e9tude \u00e9conomique sur l\u2019optimisation de Nantes Atlantique, \u2026<\/span><\/span> <\/strong> <\/em><\/li>\n<\/ul>\n<ul>\n<li><em><strong><span style=\"font-size: 12pt;\"><span style=\"font-family: inherit;\"><span style=\"line-height: normal; font-variant: normal; font-size-adjust: none; font-stretch: normal;\">\u00a0<\/span><span style=\"text-decoration: underline;\">La commission agricole<\/span> confirme nos chiffres sur le gaspillage de terres agricoles et rassure les paysans en expropriation\u00a0: ils pourront continuer d\u2019exploiter leurs terres et en vivre d\u00e9cemment encore cette ann\u00e9e\u00a0!<\/span><\/span> <\/strong><\/em><\/li>\n<\/ul>\n<ul>\n<li><em><strong><span style=\"font-size: 12pt;\"><span style=\"font-family: inherit;\"><span style=\"text-decoration: underline;\">La commission d\u2019expertise scientifique<\/span> ne valide pas les propositions d\u2019AGO\/Vinci et de l\u2019Etat faites dans le cadre des enqu\u00eates publiques \u201d\u00a0Loi sur l\u2019Eau\u201d\u00a0: tout le dossier en mati\u00e8res de compensations environnementales est \u00e0 revoir\u00a0!<\/span><\/span> <\/strong><\/em><\/li>\n<\/ul>\n<\/li>\n<\/ul>\n<h3 style=\"text-align: justify;\"><span style=\"font-size: 12pt;\"><span style=\"font-family: inherit;\">Tout ceci a pour effet imm\u00e9diat, l\u2019arr\u00eat des fouilles pr\u00e9ventives arch\u00e9ologiques, l\u2019arr\u00eat des expulsions, l\u2019arr\u00eat des d\u00e9molitions des habitations et le retrait des forces de police de la zone. Des enqu\u00eates environnementales compl\u00e9mentaires vont \u00eatre r\u00e9alis\u00e9es.<\/span><\/span><\/h3>\n<h3 style=\"text-align: justify;\"><span style=\"font-size: 12pt;\"><span style=\"font-family: inherit;\">Forts de tous nos soutiens, nous suivons avec calme et d\u00e9termination l&rsquo;avanc\u00e9e du dossier, en particulier aupr\u00e8s des instances europ\u00e9ennes qui peuvent faire pression sur les d\u00e9cideurs fran\u00e7ais. Le succ\u00e8s de notre rassemblement accentuera cette pression.<\/span><\/span><\/h3>\n<h2 style=\"text-align: center;\"><span style=\"font-size: 12pt; color: #808000;\"><span style=\"font-family: inherit;\"><strong>L&rsquo;ESPOIR EST D\u00c9SORMAIS DANS NOTRE CAMP\u00a0!<\/strong><\/span> <\/span><\/h2>\n<h3 style=\"text-align: justify;\"><span style=\"font-size: 12pt;\"><span style=\"font-family: inherit;\"><span style=\"text-decoration: underline;\">Site internet\u00a0:<\/span> <a href=\"mailto:http:\/www.notredamedeslandes2013.org\">http:\/www.notredamedeslandes2013.org<\/a>\u00a0\u00a0 (en construction)\u00a0\u00a0\u00a0\u00a0\u00a0<\/span><\/span><\/h3>\n<h3 style=\"text-align: justify;\"><span style=\"font-size: 12pt;\"><span style=\"font-family: inherit;\"><span style=\"text-decoration: underline;\">\u00a0 Contact\u00a0:<\/span> <\/span><\/span><span style=\"color: #0000ff;\">ndl2013@fr <\/span><\/h3>\n<\/div>\n<gcse:search><\/gcse:search>","protected":false},"excerpt":{"rendered":"<p>\u00a0 Notre Dame des Landes : On ne l\u00e2che rien ! Ni ici, ni ailleurs ! Enterrons d\u00e9finitivement le projet de Notre Dame des Landes Nous constatons qu\u2019un coup d\u2019arr\u00eat \u00e0 l\u2019avanc\u00e9e d\u2019AGO\/Vinci et de l\u2019Etat est bien r\u00e9el sur le terrain depuis quelques semaines d\u00e9j\u00e0. Fortes des avanc\u00e9es acquises ces derniers mois (voir au [&hellip;]<\/p>\n","protected":false},"author":1,"featured_media":0,"comment_status":"open","ping_status":"closed","sticky":false,"template":"","format":"standard","meta":{"footnotes":""},"categories":[154,125,126,21,232,180,246],"tags":[103,204],"class_list":["post-8721","post","type-post","status-publish","format-standard","hentry","category-agriculture","category-ecologie","category-gauche-de-combat","category-les-alters-dans-les-luttes","category-notre-economie-et-la-leur","category-services-publics-2","category-transition-energetique-2","tag-demarche-citoyenne","tag-notre-dame-des-landes"],"_links":{"self":[{"href":"https:\/\/alternatifs81.fr\/index.php?rest_route=\/wp\/v2\/posts\/8721","targetHints":{"allow":["GET"]}}],"collection":[{"href":"https:\/\/alternatifs81.fr\/index.php?rest_route=\/wp\/v2\/posts"}],"about":[{"href":"https:\/\/alternatifs81.fr\/index.php?rest_route=\/wp\/v2\/types\/post"}],"author":[{"embeddable":true,"href":"https:\/\/alternatifs81.fr\/index.php?rest_route=\/wp\/v2\/users\/1"}],"replies":[{"embeddable":true,"href":"https:\/\/alternatifs81.fr\/index.php?rest_route=%2Fwp%2Fv2%2Fcomments&post=8721"}],"version-history":[{"count":0,"href":"https:\/\/alternatifs81.fr\/index.php?rest_route=\/wp\/v2\/posts\/8721\/revisions"}],"wp:attachment":[{"href":"https:\/\/alternatifs81.fr\/index.php?rest_route=%2Fwp%2Fv2%2Fmedia&parent=8721"}],"wp:term":[{"taxonomy":"category","embeddable":true,"href":"https:\/\/alternatifs81.fr\/index.php?rest_route=%2Fwp%2Fv2%2Fcategories&post=8721"},{"taxonomy":"post_tag","embeddable":true,"href":"https:\/\/alternatifs81.fr\/index.php?rest_route=%2Fwp%2Fv2%2Ftags&post=8721"}],"curies":[{"name":"wp","href":"https:\/\/api.w.org\/{rel}","templated":true}]}}