{"id":8649,"date":"2013-05-31T08:07:28","date_gmt":"2013-05-31T07:07:28","guid":{"rendered":"http:\/\/alternatifs81.fr\/?p=8649"},"modified":"2013-06-03T07:08:00","modified_gmt":"2013-06-03T06:08:00","slug":"manifestation-internationale-le-1er-juin-les-peuples-unis-contre-la-troika","status":"publish","type":"post","link":"https:\/\/alternatifs81.fr\/?p=8649","title":{"rendered":"Manifestation internationale le 1er juin : Les peuples unis contre la tro\u00efka"},"content":{"rendered":"<h2 class=\"western\" style=\"color: #000000; font-family: 'Times New Roman'; font-style: normal; font-variant: normal; letter-spacing: normal; line-height: normal; orphans: auto; text-indent: 0px; text-transform: none; white-space: normal; widows: auto; word-spacing: 0px; text-align: center;\"><span style=\"font-family: Arial,Helvetica,sans-serif;\">\u00a0<\/span><\/h2>\n<h3><span style=\"font-family: Arial,Helvetica,sans-serif;\"><img loading=\"lazy\" decoding=\"async\" class=\"alignleft size-full wp-image-8653\" style=\"margin: 10px 11px;\" alt=\"936721_564036560284958_51955284_n\" src=\"http:\/\/alternatifs81.fr\/wp-content\/uploads\/936721_564036560284958_51955284_n.jpg\" width=\"106\" height=\"150\" \/><span style=\"color: #808000;\"><em>Suite \u00e0 l&rsquo;initiative de citoyen-nes du Portugal, de Gr\u00e8ce, d&rsquo;Espagne et et de France, nous relayons aupr\u00e8s des citoyen-nes, associations, mouvements, organisations politiques et syndicats de France, l\u2019appel \u00e0 une manifestation internationale contre la Tro\u00efka* le 1er juin prochain**.<\/em><\/span><\/span><\/h3>\n<div id=\"magicdomid7\" style=\"color: #000000; font-family: 'Times New Roman'; font-size: medium; font-style: normal; font-variant: normal; font-weight: normal; letter-spacing: normal; line-height: normal; orphans: auto; text-indent: 0px; text-transform: none; white-space: normal; widows: auto; word-spacing: 0px; text-align: justify;\">\n<div style=\"margin-bottom: 0cm;\">\n<h3><span style=\"font-family: Arial,Helvetica,sans-serif;\">Cette initiative a \u00e9t\u00e9 lanc\u00e9e \u00e0 Lisbonne le 26 avril dernier par des militant-es de cinq pays europ\u00e9ens, dont le mouvement portugais \u00ab<span class=\"Apple-converted-space\">\u00a0<\/span><em>Que se lixe a Tro\u00efka<\/em><span class=\"Apple-converted-space\">\u00a0<\/span>\u00bb (\u00ab<span class=\"Apple-converted-space\">\u00a0<\/span><em>Que la Tro\u00efka aille se faire foutre<\/em><span class=\"Apple-converted-space\">\u00a0<\/span>\u00bb) qui a d\u00e9j\u00e0 mobilis\u00e9 plus d\u2019un million de personnes dans les rues du Portugal les 15 septembre et 2 mars derniers. Elle entre en \u00e9cho avec toutes les r\u00e9sistances citoyennes, sociales, syndicales en cours et \u00e0 venir (blockupy Francfort les 31 mai et 1er juin, Altersommet \u00e0 Ath\u00e8nes les 7 et 8 juin&#8230;).<!--more--><\/span><\/h3>\n<p style=\"margin: 0px;\"><span style=\"font-family: Arial,Helvetica,sans-serif;\">\u00a0<\/span><\/p>\n<\/div>\n<\/div>\n<div id=\"magicdomid9\" style=\"color: #000000; font-family: 'Times New Roman'; font-size: medium; font-style: normal; font-variant: normal; font-weight: normal; letter-spacing: normal; line-height: normal; orphans: auto; text-indent: 0px; text-transform: none; white-space: normal; widows: auto; word-spacing: 0px; text-align: justify;\">\n<hr class=\"more\" style=\"height: 8px; background-color: #dddddd; background-position: initial initial; background-repeat: initial initial; border: 1px 0px 0px dashed #666666;\" \/>\n<div style=\"margin-bottom: 0cm;\">\n<h3 style=\"margin: 0px;\"><span style=\"font-family: Arial,Helvetica,sans-serif;\">Partout o\u00f9 elle s\u00e9vit d\u00e9j\u00e0 (Gr\u00e8ce, Portugal, Irlande, Chypre&#8230;), la Tro\u00efka, mise en place par les chefs d\u2019\u00c9tats et de gouvernement europ\u00e9ens, s\u00e8me le ch\u00f4mage de masse, la mis\u00e8re, la pauvret\u00e9, la pr\u00e9carit\u00e9, privatise tout ce qui peut \u00eatre rentable, d\u00e9truit la culture, les syst\u00e8mes de sant\u00e9 et l\u2019\u00e9cole publique. Elle condamne des hommes et des femmes chaque fois plus nombreux \u00e0 l\u2019\u00e9migration et met en concurrence pauvres et encore plus pauvres que soi.<\/span><\/h3>\n<\/div>\n<\/div>\n<p>&nbsp;<\/p>\n<p>&nbsp;<\/p>\n<div style=\"margin-bottom: 0cm;\">\n<h3 style=\"margin: 0px; text-align: justify;\"><span style=\"font-family: Arial,Helvetica,sans-serif;\">\u00a0Sous son emprise, nous sommes condamn\u00e9s \u00e0 la r\u00e9cession et plong\u00e9s dans le cercle infernal de l\u2019endettement, dont nous devenons les esclaves. L\u00e0 o\u00f9 la Tro\u00efka ne s\u00e9vit pas encore, les gouvernements anticipent des mesures d\u2019aust\u00e9rit\u00e9, de privatisation et de d\u00e9mant\u00e8lement des droits sociaux.<\/span><\/h3>\n<\/div>\n<p>&nbsp;<\/p>\n<p>&nbsp;<\/p>\n<div id=\"magicdomid13\" style=\"color: #000000; font-family: 'Times New Roman'; font-size: medium; font-style: normal; font-variant: normal; font-weight: normal; letter-spacing: normal; line-height: normal; orphans: auto; text-indent: 0px; text-transform: none; white-space: normal; widows: auto; word-spacing: 0px; text-align: justify;\">\n<div style=\"margin-bottom: 0cm;\">\n<h3 style=\"margin: 0px;\"><span style=\"font-family: Arial,Helvetica,sans-serif;\">\u00a0Parce que personne ne doit rester seul-e face \u00e0 la crise, nous devons exprimer partout, toutes et tous ensemble en Europe, notre refus des politiques d\u2019asservissement des peuples. Nous \u2013 citoyen-nes, mouvements, syndicats, organisations, repr\u00e9sentant-es de collectivit\u00e9s, groupes formels ou informels &#8211; appelons \u00e0 r\u00e9pondre \u00e0 cet appel \u00e0 mobilisation.<\/span><\/h3>\n<\/div>\n<\/div>\n<p>&nbsp;<\/p>\n<div id=\"magicdomid15\" style=\"color: #000000; font-family: 'Times New Roman'; font-size: medium; font-style: normal; font-variant: normal; font-weight: normal; letter-spacing: normal; line-height: normal; orphans: auto; text-indent: 0px; text-transform: none; white-space: normal; widows: auto; word-spacing: 0px; text-align: justify;\">\n<div style=\"margin-bottom: 0cm;\">\n<p style=\"margin: 0px;\"><span style=\"font-family: Arial,Helvetica,sans-serif;\"><span style=\"font-size: 14pt;\"><strong>Un rassemblement sera organis\u00e9 \u00e0 Paris, samedi le 1er juin, \u00e0 14h sur le parvis des droits de l\u2019homme esplanade du Trocad\u00e9ro<\/strong><\/span><\/span><\/p>\n<\/div>\n<\/div>\n<p>&nbsp;<\/p>\n<div id=\"magicdomid17\" style=\"color: #000000; font-family: 'Times New Roman'; font-size: medium; font-style: normal; font-variant: normal; font-weight: normal; letter-spacing: normal; line-height: normal; orphans: auto; text-indent: 0px; text-transform: none; white-space: normal; widows: auto; word-spacing: 0px; text-align: justify;\">\n<h2 class=\"western\"><span style=\"font-size: 12pt;\"><span style=\"font-family: Arial,Helvetica,sans-serif;\">Premiers signataires<\/span><\/span><\/h2>\n<\/div>\n<p>&nbsp;<\/p>\n<div id=\"magicdomid19\" style=\"color: #000000; font-family: 'Times New Roman'; font-size: medium; font-style: normal; font-variant: normal; font-weight: normal; letter-spacing: normal; line-height: normal; orphans: auto; text-indent: 0px; text-transform: none; white-space: normal; widows: auto; word-spacing: 0px; text-align: justify;\">\n<div style=\"margin-bottom: 0cm;\">\n<p style=\"margin: 0px;\"><span style=\"font-family: Arial,Helvetica,sans-serif;\">Bloco de Esquerda en France(Portugal),<span class=\"Apple-converted-space\">\u00a0<\/span><em>collectif Juventud sin futuro Paris (Espagne)<\/em><span class=\"Apple-converted-space\">\u00a0<\/span>&#8211;\u00a0 Comit\u00e9 de SY.RIZ.A\u00a0 \u00e0 Paris (Gr\u00e8ce).<\/span><\/p>\n<\/div>\n<\/div>\n<p>&nbsp;<\/p>\n<div id=\"magicdomid21\" style=\"color: #000000; font-family: 'Times New Roman'; font-size: medium; font-style: normal; font-variant: normal; font-weight: normal; letter-spacing: normal; line-height: normal; orphans: auto; text-indent: 0px; text-transform: none; white-space: normal; widows: auto; word-spacing: 0px; text-align: justify;\">\n<div style=\"margin-bottom: 0cm;\"><\/div>\n<div style=\"margin-bottom: 0cm;\">\n<p style=\"margin: 0px;\"><span style=\"font-family: Arial,Helvetica,sans-serif;\"><strong>Collectif pour un audit citoyen de la dette publique<\/strong><span class=\"Apple-converted-space\">\u00a0<\/span>(<strong>Membres du collectif<\/strong><span class=\"Apple-converted-space\">\u00a0<\/span>: Act Up-Paris, Agir ensemble contre le ch\u00f4mage (AC!), AITEC-IPAM, Amis de la Terre, Attac, CADTM, CEDETIM, Collectif National pour les Droits des Femmes, Collectif Richesse, Conf\u00e9d\u00e9ration CGT, Convergence SP, Coop\u00e9rative DHR, Economistes Atterr\u00e9s, Emma\u00fcs International, Fakir, F\u00e9d\u00e9ration Syndicale Unitaire, Finances CGT, Fondation Copernic, Indecosa-CGT, L\u2019Appel des Appels, Ligue des Droits de l\u2019Homme, Marches Europ\u00e9ennes, Marche Mondiale des Femmes France, Mouvement Utopia, R\u00e9seau Education Populaire, R\u00e9sistance Sociale, SNESUP, Solidaires Finances Publiques, Sud BPCE, Union syndicale Solidaires.<span class=\"Apple-converted-space\">\u00a0<\/span><strong>\u00a0<\/strong><\/span><\/p>\n<\/div>\n<div style=\"margin-bottom: 0cm;\">\n<p style=\"margin: 0px;\"><span style=\"font-family: Arial,Helvetica,sans-serif;\"><strong>Soutiens<\/strong><span class=\"Apple-converted-space\">\u00a0<\/span>: Alliance Ecologiste Ind\u00e9pendante, Alternatifs, Association Nationale des \u00c9lus Communistes et R\u00e9publicains, Convergences et Alternative, D\u00e9mocratie et socialisme, Europe Ecologie Les Verts, FASE, Gauche Anticapitaliste, Gauche Unitaire, M\u2019PEP, NPA, Parti Communiste Fran\u00e7ais, PCOF, Parti de Gauche, Parti pour la d\u00e9croissance).<\/span><\/p>\n<\/div>\n<\/div>\n<p>&nbsp;<\/p>\n<div id=\"magicdomid23\" style=\"color: #000000; font-family: 'Times New Roman'; font-size: medium; font-style: normal; font-variant: normal; font-weight: normal; letter-spacing: normal; line-height: normal; orphans: auto; text-indent: 0px; text-transform: none; white-space: normal; widows: auto; word-spacing: 0px; text-align: justify;\">\n<div style=\"margin-bottom: 0cm;\">\n<p style=\"margin: 0px;\"><span style=\"font-family: Arial,Helvetica,sans-serif;\">Association Autogestion, FAE &#8211; F\u00e9ministes pour une autre Europe, Le Mouvement de la Paix, M\u00e9moire des luttes, R\u00e9seau F\u00e9ministe \u00ab\u00a0Ruptures\u00a0\u00bb,Transform! Europe, Unies-vers-elles<\/span><\/p>\n<\/div>\n<\/div>\n<p>&nbsp;<\/p>\n<div id=\"magicdomid25\" style=\"color: #000000; font-family: 'Times New Roman'; font-size: medium; font-style: normal; font-variant: normal; font-weight: normal; letter-spacing: normal; line-height: normal; orphans: auto; text-indent: 0px; text-transform: none; white-space: normal; widows: auto; word-spacing: 0px; text-align: justify;\">\n<div style=\"margin-bottom: 0cm;\">\n<p style=\"margin: 0px;\"><span style=\"font-family: Arial,Helvetica,sans-serif;\">&#8212;&#8212;&#8212;&#8212;&#8212;&#8212;&#8212;&#8212;&#8212;&#8212;&#8212;<\/span><\/p>\n<\/div>\n<\/div>\n<p>&nbsp;<\/p>\n<div id=\"magicdomid27\" style=\"color: #000000; font-family: 'Times New Roman'; font-size: medium; font-style: normal; font-variant: normal; font-weight: normal; letter-spacing: normal; line-height: normal; orphans: auto; text-indent: 0px; text-transform: none; white-space: normal; widows: auto; word-spacing: 0px; text-align: justify;\">\n<div style=\"margin-bottom: 0cm;\">\n<p style=\"margin: 0px;\"><span style=\"font-family: Arial,Helvetica,sans-serif;\"><em>* Tro\u00efka : Commission Europ\u00e9enne, Fonds Mon\u00e9taire International, Banque Centrale Europ\u00e9enne<\/em><\/span><\/p>\n<\/div>\n<\/div>\n<p>&nbsp;<\/p>\n<div id=\"magicdomid29\" style=\"color: #000000; font-family: 'Times New Roman'; font-size: medium; font-style: normal; font-variant: normal; font-weight: normal; letter-spacing: normal; line-height: normal; orphans: auto; text-indent: 0px; text-transform: none; white-space: normal; widows: auto; word-spacing: 0px; text-align: justify;\">\n<h3 class=\"western\"><span style=\"font-family: Arial,Helvetica,sans-serif;\">**<span class=\"Apple-converted-space\">\u00a0<\/span><span style=\"font-size: 12pt;\"><strong>L&rsquo;appel de Lisbonne<\/strong><\/span><\/span><\/h3>\n<\/div>\n<p>&nbsp;<\/p>\n<div id=\"magicdomid31\" style=\"color: #000000; font-family: 'Times New Roman'; font-size: medium; font-style: normal; font-variant: normal; font-weight: normal; letter-spacing: normal; line-height: normal; orphans: auto; text-indent: 0px; text-transform: none; white-space: normal; widows: auto; word-spacing: 0px; text-align: justify;\">\n<div style=\"margin-bottom: 0cm;\">\n<h3 style=\"margin: 0px;\"><span style=\"font-family: Arial,Helvetica,sans-serif;\">L\u2019Europe subit une violente attaque du capital financier repr\u00e9sent\u00e9 par la Tro\u00efka (FMI, BCE, CE) et par les diff\u00e9rents gouvernements qui appliquent les politiques concoct\u00e9es par ces institutions qui m\u00e9prisent les personnes. Nous savons que cette offensive vise \u00e0 faire plier les peuples en les rendant esclaves de la dette et de l\u2019aust\u00e9rit\u00e9. Cette attaque concerne toute l\u2019Europe et elle doit \u00eatre \u00e9galement vaincue par la lutte internationale.<\/span><\/h3>\n<\/div>\n<\/div>\n<p>&nbsp;<\/p>\n<p>&nbsp;<\/p>\n<div style=\"margin-bottom: 0cm;\">\n<h3 style=\"margin: 0px;\"><span style=\"font-family: Arial,Helvetica,sans-serif;\">Chacun de nous, dans chaque pays, dans chaque ville, avec ses sp\u00e9cificit\u00e9s, ressent dans ses<span class=\"Apple-converted-space\">\u00a0<\/span> <span class=\"Apple-converted-space\">\u00a0<\/span> <span class=\"Apple-converted-space\">\u00a0<\/span><span class=\"Apple-converted-space\">\u00a0<\/span> <span class=\"Apple-converted-space\">\u00a0<\/span><span class=\"Apple-converted-space\">\u00a0<\/span> <span class=\"Apple-converted-space\">\u00a0<\/span>chairs les mesures qui d\u00e9truisent les droits conquis par des d\u00e9cennies de luttes ; des mesures qui aggravent le ch\u00f4mage, qui privatisent tout ce qui peut \u00eatre rentable et qui conditionnent la souverainet\u00e9 des pays avec la propagande de \u00ab l\u2019aide externe \u00bb. Il est urgent d\u2019unir nos forces pour mieux combattre cette attaque.<\/span><\/h3>\n<\/div>\n<p>&nbsp;<\/p>\n<p>&nbsp;<\/p>\n<h3 style=\"margin-bottom: 0cm;\"><span style=\"font-family: Arial,Helvetica,sans-serif;\">L\u2019appel de que nous lan\u00e7ons pour une manifestation internationale d\u00e9centralis\u00e9e circulait d\u00e9j\u00e0 parmi des dizaines de mouvements sociaux en Espagne, en France, en Gr\u00e8ce, en Italie, \u00e0 Chypre, en Irlande, en Angleterre, en Ecosse, en Allemagne, en Slov\u00e9nie\u2026 Lors de notre r\u00e9union d\u2019hier, le 26 avril \u00e0 Lisbonne, des camarades de plusieurs pays d\u2019Europe ont discut\u00e9 ensemble de cette proposition.<\/span><\/h3>\n<p>&nbsp;<\/p>\n<p>&nbsp;<\/p>\n<div id=\"magicdomid37\" style=\"color: #000000; font-family: 'Times New Roman'; font-size: medium; font-style: normal; font-variant: normal; font-weight: normal; letter-spacing: normal; line-height: normal; orphans: auto; text-indent: 0px; text-transform: none; white-space: normal; widows: auto; word-spacing: 0px; text-align: justify;\">\n<div style=\"margin-bottom: 0cm;\">\n<h3 style=\"margin: 0px;\"><span style=\"font-family: Arial,Helvetica,sans-serif;\">Il a \u00e9t\u00e9 d\u00e9cid\u00e9 par consensus international que nous descendrons dans les rues le 1er juin prochain sous le mot d\u2019ordre : \u00ab Les peuples unis contre la Tro\u00efka ! \u00bb<\/span><\/h3>\n<\/div>\n<\/div>\n<p>&nbsp;<\/p>\n<div id=\"magicdomid39\" style=\"color: #000000; font-family: 'Times New Roman'; font-size: medium; font-style: normal; font-variant: normal; font-weight: normal; letter-spacing: normal; line-height: normal; orphans: auto; text-indent: 0px; text-transform: none; white-space: normal; widows: auto; word-spacing: 0px; text-align: justify;\">\n<div style=\"margin-bottom: 0cm;\">\n<h3 style=\"margin: 0px;\"><span style=\"font-family: Arial,Helvetica,sans-serif;\">Ceci est le d\u00e9but d\u2019un processus qui se veut d\u00e9centralis\u00e9, inclusif et participatif. Nous voulons le construire collectivement en rassemblant nos forces. A partir d\u2019aujourd\u2019hui, cet \u00e9v\u00e9nement du 1er juin sera diffus\u00e9 \u00e0 l\u2019\u00e9chelle europ\u00e9enne et nous invitons tout le monde \u00e0 participer \u00e0 cette protestation internationale contre la Tro\u00efka et contre l\u2019aust\u00e9rit\u00e9 et pour que ce soient les peuples qui d\u00e9cident de leur destin.<\/span><\/h3>\n<\/div>\n<\/div>\n<p>&nbsp;<\/p>\n<p>&nbsp;<\/p>\n<div style=\"margin-bottom: 0cm;\">\n<h3 style=\"margin: 0px; text-align: justify;\"><span style=\"font-family: Arial,Helvetica,sans-serif;\">Nous faisons appel \u00e0 tous les citoyens et citoyennes, avec ou sans parti, avec ou sans emploi, avec ou sans espoir ; nous les appelons \u00e0 s\u2019unir tous et toutes. A toutes les organisations politiques, mouvement civiques, syndicats, partis, collectivit\u00e9s, groupes informels, nous les appelons \u00e0 nous rejoindre.<\/span><\/h3>\n<\/div>\n<p>&nbsp;<\/p>\n<div style=\"margin-bottom: 0cm;\">\n<h3 style=\"margin: 0px; text-align: justify;\"><span style=\"font-family: Arial,Helvetica,sans-serif;\">Nous voulons continuer \u00e0 \u00e9largir nos contacts tant nationaux qu\u2019internationaux, parce que nous sommes conscients que ce sera l\u2019addition de nos voix qui pourra bloquer la nouvelle vague d\u2019aust\u00e9rit\u00e9 qui est en train de se pr\u00e9parer. Les peuples d\u2019Europe ont d\u00e9montr\u00e9 \u00e0 plusieurs reprises qu\u2019ils ne sont pas dispos\u00e9s \u00e0 plus de sacrifices au nom d\u2019un futur qui ne viendra jamais. C\u2019est pour cela que nous pensons que l\u2019heure est venue pour ces peuples de d\u00e9montrer qu\u2019ils peuvent se coordonner dans la lutte et dans l\u2019opposition \u00e0 ces politiques.<\/span><\/h3>\n<\/div>\n<p>&nbsp;<\/p>\n<p>&nbsp;<\/p>\n<div style=\"margin-bottom: 0cm;\">\n<h2 style=\"margin: 0px;\"><span style=\"font-family: Arial,Helvetica,sans-serif; color: #808000;\"> Du Nord au Sud de l\u2019Europe : prenons la rue contre l\u2019aust\u00e9rit\u00e9 ! <\/span><\/h2>\n<\/div>\n<p>&nbsp;<\/p>\n<div id=\"magicdomid46\" style=\"color: #000000; font-family: 'Times New Roman'; font-size: medium; font-style: normal; font-variant: normal; font-weight: normal; letter-spacing: normal; line-height: normal; orphans: auto; text-indent: 0px; text-transform: none; white-space: normal; widows: auto; word-spacing: 0px; text-align: justify;\">\n<h3 style=\"margin: 0px;\"><span style=\"font-family: Arial,Helvetica,sans-serif;\">\u00a0<\/span><\/h3>\n<\/div>\n<p>&nbsp;<\/p>\n<div id=\"magicdomid47\" style=\"color: #000000; font-family: 'Times New Roman'; font-size: medium; font-style: normal; font-variant: normal; font-weight: normal; letter-spacing: normal; line-height: normal; orphans: auto; text-align: start; text-indent: 0px; text-transform: none; white-space: normal; widows: auto; word-spacing: 0px;\">\n<div style=\"margin-bottom: 0cm; text-align: justify;\">\n<p style=\"margin: 0px;\"><span style=\"font-family: Arial,Helvetica,sans-serif;\">Source :<span class=\"Apple-converted-space\">\u00a0<\/span><a href=\"http:\/\/www.esquerda.net\/artigo\/povos-unidos-contra-troika-manifesta%E7%E3o-internacional-dia-1-de-junho\/27632\">http:\/\/www.esquerda.net\/artigo\/povos-unidos-contra-troika-manifesta%C3%A7%C3%A3o-internacional-dia-1-de-junho\/27632<\/a><\/span><\/p>\n<\/div>\n<\/div>\n<gcse:search><\/gcse:search>","protected":false},"excerpt":{"rendered":"<p>\u00a0 Suite \u00e0 l&rsquo;initiative de citoyen-nes du Portugal, de Gr\u00e8ce, d&rsquo;Espagne et et de France, nous relayons aupr\u00e8s des citoyen-nes, associations, mouvements, organisations politiques et syndicats de France, l\u2019appel \u00e0 une manifestation internationale contre la Tro\u00efka* le 1er juin prochain**. Cette initiative a \u00e9t\u00e9 lanc\u00e9e \u00e0 Lisbonne le 26 avril dernier par des militant-es de [&hellip;]<\/p>\n","protected":false},"author":1,"featured_media":0,"comment_status":"open","ping_status":"closed","sticky":false,"template":"","format":"standard","meta":{"footnotes":""},"categories":[126,21,1,232],"tags":[43,103,117],"class_list":["post-8649","post","type-post","status-publish","format-standard","hentry","category-gauche-de-combat","category-les-alters-dans-les-luttes","category-non-classe","category-notre-economie-et-la-leur","tag-appel","tag-demarche-citoyenne","tag-democratie"],"_links":{"self":[{"href":"https:\/\/alternatifs81.fr\/index.php?rest_route=\/wp\/v2\/posts\/8649","targetHints":{"allow":["GET"]}}],"collection":[{"href":"https:\/\/alternatifs81.fr\/index.php?rest_route=\/wp\/v2\/posts"}],"about":[{"href":"https:\/\/alternatifs81.fr\/index.php?rest_route=\/wp\/v2\/types\/post"}],"author":[{"embeddable":true,"href":"https:\/\/alternatifs81.fr\/index.php?rest_route=\/wp\/v2\/users\/1"}],"replies":[{"embeddable":true,"href":"https:\/\/alternatifs81.fr\/index.php?rest_route=%2Fwp%2Fv2%2Fcomments&post=8649"}],"version-history":[{"count":0,"href":"https:\/\/alternatifs81.fr\/index.php?rest_route=\/wp\/v2\/posts\/8649\/revisions"}],"wp:attachment":[{"href":"https:\/\/alternatifs81.fr\/index.php?rest_route=%2Fwp%2Fv2%2Fmedia&parent=8649"}],"wp:term":[{"taxonomy":"category","embeddable":true,"href":"https:\/\/alternatifs81.fr\/index.php?rest_route=%2Fwp%2Fv2%2Fcategories&post=8649"},{"taxonomy":"post_tag","embeddable":true,"href":"https:\/\/alternatifs81.fr\/index.php?rest_route=%2Fwp%2Fv2%2Ftags&post=8649"}],"curies":[{"name":"wp","href":"https:\/\/api.w.org\/{rel}","templated":true}]}}