{"id":8645,"date":"2013-05-30T23:44:58","date_gmt":"2013-05-30T22:44:58","guid":{"rendered":"http:\/\/alternatifs81.fr\/?p=8645"},"modified":"2013-05-30T23:45:36","modified_gmt":"2013-05-30T22:45:36","slug":"jaures-ou-schroder-leditorial-de-politis-par-denis-sieffert","status":"publish","type":"post","link":"https:\/\/alternatifs81.fr\/?p=8645","title":{"rendered":"Jaur\u00e8s ou Schr\u00f6der ? L&rsquo;\u00e9ditorial de Politis, par Denis Sieffert"},"content":{"rendered":"<h2 class=\"post-title entry-title\" itemprop=\"name\"><span style=\"color: #808000;\">\u00a0Nos socialistes au gouvernement ne croient pas au combat social. Ils croient \u00e0 la \u00ab prise de conscience \u00bb des grands patrons &#8211;<\/span><\/h2>\n<div class=\"post-body entry-content\" id=\"post-body-163582233077404519\" itemprop=\"description articleBody\" style=\"text-align: justify;\">\n<div class=\"separator\" style=\"text-align: center; clear: both;\"><span style=\"font-family: Trebuchet MS, sans-serif;\"><b><a style=\"clear: left; margin-right: 1em; margin-bottom: 1em; float: left;\" href=\"http:\/\/2.bp.blogspot.com\/-1QdoLTQiquw\/UacN32dRRRI\/AAAAAAAAFG8\/I2TG-7U4or4\/s1600\/mqdefault+(1).jpg\" rel=\"lightbox[8645]\"><img decoding=\"async\" alt=\"\" src=\"http:\/\/2.bp.blogspot.com\/-1QdoLTQiquw\/UacN32dRRRI\/AAAAAAAAFG8\/I2TG-7U4or4\/s1600\/mqdefault+(1).jpg\" border=\"0\" \/><\/a><\/b><\/span><\/div>\n<p><span style=\"font-family: Trebuchet MS, sans-serif;\"><b>Rien de tel parfois qu\u2019un bon mot pour r\u00e9sumer la situation. Voyez celui-ci qui arrache, para\u00eet-il, des sourires crisp\u00e9s \u00e0 beaucoup d\u2019\u00e9lecteurs de Fran\u00e7ois Hollande : \u00ab<i> Le Parti socialiste est formidable, il arrive \u00e0 d\u00e9cevoir m\u00eame ceux qui n\u2019avaient aucune illusion\u2026 \u00bb<\/i> [1]. Toute l\u2019ambivalence de nos sentiments est l\u00e0. M\u00eame ceux qui croyaient avoir tout vu et tout connu des rapports des socialistes avec le pouvoir sont saisis par le doute. Certains en viennent \u00e0 s\u2019interroger sur la pertinence de leur vote de mai 2012.\u00a0<\/b><\/span><\/p>\n<h3><span style=\"font-family: Trebuchet MS, sans-serif;\"><b><br \/>\n<\/b><\/span> <span style=\"font-family: Trebuchet MS, sans-serif;\"><b>Un an apr\u00e8s, on en oublierait presque le climat de l\u2019\u00e9poque entretenu par une droite extr\u00eame qui, peu \u00e0 peu,<!--more--> avait pris les commandes \u00e0 l\u2019\u00c9lys\u00e9e, et r\u00e9pandait un discours de haine sur le th\u00e8me de l\u2019identit\u00e9 nationale. La pr\u00e9sence de MM. Cop\u00e9, Guaino et autres Hortefeux, aux avant-postes de la manifestation moyen\u00e2geuse de dimanche, aura au moins eu le m\u00e9rite de rafra\u00eechir nos m\u00e9moires d\u00e9faillantes.\u00a0<\/b><\/span><\/h3>\n<h3><span style=\"font-family: Trebuchet MS, sans-serif;\"><b>En politique, tout est toujours relatif. Nous le savions d\u00e9j\u00e0 quand, au lendemain de la victoire du candidat socialiste, notre journal titrait un \u00ab<i> D\u00e9p\u00eachons-nous de r\u00eaver !<\/i> \u00bb qui nous pr\u00e9servait de trop d\u2019illusions. \u00c0 proprement parler, nous ne sommes donc pas d\u00e9\u00e7us aujourd\u2019hui par les choix \u00e9conomiques de MM. Hollande et Ayrault, mais \u00e9tonn\u00e9s tout de m\u00eame par cette sorte d\u2019impudeur avec laquelle ils tournent le dos \u00e0 leurs engagements.\u00a0<\/b><\/span><\/h3>\n<h3><a name=\"more\"><\/a><\/h3>\n<h3><span style=\"font-family: Trebuchet MS, sans-serif;\"><b><br \/>\n<\/b><\/span> <span style=\"font-family: Trebuchet MS, sans-serif;\"><b>Chaque semaine apporte son lot de revirements, et d\u2019\u00e9preuves pour leurs \u00e9lecteurs. Apr\u00e8s le trait\u00e9 europ\u00e9en, qui ne devait pas \u00eatre ratifi\u00e9 mais qui l\u2019a \u00e9t\u00e9, le Smic, qui n\u2019a pas \u00e9t\u00e9 augment\u00e9, la r\u00e9forme fiscale, qui a \u00e9t\u00e9 oubli\u00e9e, la r\u00e9forme bancaire contourn\u00e9e, la taxe sur les transactions financi\u00e8res \u00e9dulcor\u00e9e, les licenciements boursiers confirm\u00e9s, les promesses de Fran\u00e7ois Hollande ressemblent de plus en plus \u00e0 un long catalogue de ratages.\u00a0<\/b><\/span><\/h3>\n<h3><span style=\"font-family: Trebuchet MS, sans-serif;\"><b><br \/>\n<\/b><\/span> <span style=\"font-family: Trebuchet MS, sans-serif;\"><b>Et voil\u00e0 maintenant que Pierre Moscovici annonce qu\u2019il n\u2019y aura pas de loi pour plafonner les salaires des patrons. Une fois de plus, on s\u2019interroge sur la m\u00e9thode. Au mois de janvier, Jean-Marc Ayrault n\u2019avait-il pas dit vouloir s\u2019inspirer de la Suisse \u2013 oui la Suisse ! \u2013 qui venait de d\u00e9cider par r\u00e9f\u00e9rendum de l\u2019encadrement des r\u00e9mun\u00e9rations patronales ? Et au mois de mars encore, Najat Vallaud-Belkacem n\u2019avait-elle pas promis une loi \u00ab <i>avant l\u2019\u00e9t\u00e9 <\/i>\u00bb ? Paroles en l\u2019air, sans doute. Circulez, il n\u2019y a plus rien \u00e0 voir ! Et pourtant si, il y a \u00e0 voir qu\u2019en ces temps d\u2019aust\u00e9rit\u00e9, quarante patrons du CAC 40 gagnent 4,25 millions d\u2019euros par an en moyenne, et que les boss de Publicis, de Renault ou de Dassault flirtent avec les dix millions\u2026 Mais le plus \u00e9tonnant dans cette affaire est peut-\u00eatre la justification de la reculade. Il faut faire confiance au \u00ab <i>code de bonne conduite du Medef <\/i>\u00bb, a comment\u00e9 Pierre Moscovici. Alors m\u00eame que Proxinvest, l\u2019agence d\u2019analyse de la gouvernance d\u2019entreprise, d\u00e9nonce \u00ab<i> l\u2019opacit\u00e9 <\/i>\u00bb du syst\u00e8me de r\u00e9mun\u00e9ration au sein des conseils d\u2019administration et des assembl\u00e9es d\u2019actionnaires.\u00a0<\/b><\/span><\/h3>\n<h3><span style=\"font-family: Trebuchet MS, sans-serif;\"><b><br \/>\n<\/b><\/span> <span style=\"font-family: Trebuchet MS, sans-serif;\"><b>Na\u00efvet\u00e9 ? Connivence ? La r\u00e9alit\u00e9 se situe sans doute \u00e0 mi-chemin. La part de la na\u00efvet\u00e9 n\u2019est pas tout \u00e0 fait \u00e0 exclure. Sinon, pourquoi avoir pris le risque d\u2019annoncer une loi, deux mois seulement avant ce nouveau revirement ? Au fond, c\u2019est sans doute le menteur Cahuzac qui a dit la v\u00e9rit\u00e9 de ce gouvernement. C\u2019\u00e9tait \u00e0 la fin d\u2019un d\u00e9bat avec Jean-Luc M\u00e9lenchon : \u00ab <i>Je ne crois pas \u00e0 la lutte de classes <\/i>\u00bb, avait-il lanc\u00e9, s\u00fbr de son effet. L\u00e0 est bien le probl\u00e8me.\u00a0<\/b><\/span><\/h3>\n<p><span style=\"font-family: Trebuchet MS, sans-serif;\"><b><br \/>\n<\/b><\/span><\/p>\n<h3><span style=\"font-family: Trebuchet MS, sans-serif;\"><b>Nos socialistes au gouvernement ne croient pas au combat social. Ils croient \u00e0 la \u00ab <i>prise de conscience<\/i> \u00bb des grands patrons, aux remords des \u00e9vad\u00e9s fiscaux, aux scrupules de Carlos Ghosn, \u00e0 la loyaut\u00e9 de M. Mittal, \u00e0 la parole des dirigeants du Medef, et \u00e0 l\u2019entente cordiale avec la droite allemande. Comme si les plus rudes conflits d\u2019int\u00e9r\u00eats pouvaient se r\u00e9soudre gr\u00e2ce \u00e0 une meilleure compr\u00e9hension mutuelle.\u00a0<\/b><\/span><\/h3>\n<h3><span style=\"font-family: Trebuchet MS, sans-serif;\"><b><br \/>\n<\/b><\/span> <span style=\"font-family: Trebuchet MS, sans-serif;\"><b>D\u2019ailleurs, pendant que Pierre Moscovici battait en retraite sur les salaires des patrons, Fran\u00e7ois Hollande d\u00e9veloppait sa profession de foi devant le congr\u00e8s du SPD, \u00e0 Leipzig. Et son esprit de conciliation faisait merveille. Ceux qui craignaient qu\u2019il s\u2019immisce de fa\u00e7on partisane dans la campagne \u00e9lectorale allemande ont \u00e9t\u00e9 rassur\u00e9s. Son discours ressemblait plut\u00f4t \u00e0 un plaidoyer en faveur d\u2019une grande coalition gauche-droite SPD-CDU. R\u00eave-t-il de quelque chose d\u2019\u00e9quivalent pour la France ?\u00a0 <\/b><\/span><\/h3>\n<h3><span style=\"font-family: Trebuchet MS, sans-serif;\"><b><br \/>\n<\/b><\/span> <span style=\"font-family: Trebuchet MS, sans-serif;\"><b>En faisant, devant Angela Merkel, l\u2019\u00e9loge de Gerhard Schr\u00f6der, social-d\u00e9mocrate fossoyeur de l\u2019\u00c9tat providence, il a en tout cas \u00e9t\u00e9 plus clair que jamais sur ses intentions et sa philosophie.\u00a0<\/b><\/span><\/h3>\n<h3><span style=\"font-family: Trebuchet MS, sans-serif;\"><b><br \/>\n<\/b><\/span> <span style=\"font-family: Trebuchet MS, sans-serif;\"><b>Apr\u00e8s cela, que peut signifier la pr\u00e9sence de Jean-Marc Ayrault \u00e0 la c\u00e9l\u00e9bration du centenaire du grand discours pacifiste que pronon\u00e7a Jean Jaur\u00e8s, le 25 mai 1913, au Pr\u00e9-Saint-Gervais ? On a la d\u00e9sagr\u00e9able impression que le Premier ministre a pr\u00e9sid\u00e9 la c\u00e9r\u00e9monie comme il aurait pr\u00e9sid\u00e9 un comice agricole. Sans un mot de politique. Tout juste a-t-il promis, \u00e0 propos de la r\u00e9forme des retraites, de ne pas faire \u00ab <i>n\u2019importe quoi <\/i>\u00bb. C\u2019est un peu court pour gagner le droit de se r\u00e9f\u00e9rer \u00e0 Jaur\u00e8s, et pour rassurer une gauche de plus en plus inqui\u00e8te.\u00a0<\/b><\/span><\/h3>\n<h3><span style=\"font-family: Trebuchet MS, sans-serif;\"><b><br \/>\n<\/b><\/span> <span style=\"font-family: Trebuchet MS, sans-serif;\"><b>\u00a0[1] Je me dois de citer mes sources : le mot m\u2019a \u00e9t\u00e9 rapport\u00e9 par notre ami Gus Massiah. <\/b><\/span><\/h3>\n<h3><span style=\"font-family: Trebuchet MS, sans-serif;\"><b>________________________________________________________________________<\/b><\/span><\/h3>\n<h3><span style=\"color: #0000ff;\"><em><span style=\"font-family: Trebuchet MS,sans-serif;\"><b>Nos amis de POLITIS connaissent toujours des difficult\u00e9s pour \u00e9quilibrer le journal. ils le disent et le r\u00e9p\u00e8tent : lire Politis, c&rsquo;est indispensable, s&rsquo;abonner, c&rsquo;est encore mieux !<\/b><\/span> <\/em><\/span><\/h3>\n<\/div>\n<gcse:search><\/gcse:search>","protected":false},"excerpt":{"rendered":"<p>\u00a0Nos socialistes au gouvernement ne croient pas au combat social. Ils croient \u00e0 la \u00ab prise de conscience \u00bb des grands patrons &#8211; Rien de tel parfois qu\u2019un bon mot pour r\u00e9sumer la situation. Voyez celui-ci qui arrache, para\u00eet-il, des sourires crisp\u00e9s \u00e0 beaucoup d\u2019\u00e9lecteurs de Fran\u00e7ois Hollande : \u00ab Le Parti socialiste est formidable, [&hellip;]<\/p>\n","protected":false},"author":1,"featured_media":0,"comment_status":"open","ping_status":"closed","sticky":false,"template":"","format":"standard","meta":{"footnotes":""},"categories":[275,126],"tags":[],"class_list":["post-8645","post","type-post","status-publish","format-standard","hentry","category-a-gauche-toute","category-gauche-de-combat"],"_links":{"self":[{"href":"https:\/\/alternatifs81.fr\/index.php?rest_route=\/wp\/v2\/posts\/8645","targetHints":{"allow":["GET"]}}],"collection":[{"href":"https:\/\/alternatifs81.fr\/index.php?rest_route=\/wp\/v2\/posts"}],"about":[{"href":"https:\/\/alternatifs81.fr\/index.php?rest_route=\/wp\/v2\/types\/post"}],"author":[{"embeddable":true,"href":"https:\/\/alternatifs81.fr\/index.php?rest_route=\/wp\/v2\/users\/1"}],"replies":[{"embeddable":true,"href":"https:\/\/alternatifs81.fr\/index.php?rest_route=%2Fwp%2Fv2%2Fcomments&post=8645"}],"version-history":[{"count":0,"href":"https:\/\/alternatifs81.fr\/index.php?rest_route=\/wp\/v2\/posts\/8645\/revisions"}],"wp:attachment":[{"href":"https:\/\/alternatifs81.fr\/index.php?rest_route=%2Fwp%2Fv2%2Fmedia&parent=8645"}],"wp:term":[{"taxonomy":"category","embeddable":true,"href":"https:\/\/alternatifs81.fr\/index.php?rest_route=%2Fwp%2Fv2%2Fcategories&post=8645"},{"taxonomy":"post_tag","embeddable":true,"href":"https:\/\/alternatifs81.fr\/index.php?rest_route=%2Fwp%2Fv2%2Ftags&post=8645"}],"curies":[{"name":"wp","href":"https:\/\/api.w.org\/{rel}","templated":true}]}}