{"id":8632,"date":"2013-05-26T19:43:17","date_gmt":"2013-05-26T18:43:17","guid":{"rendered":"http:\/\/alternatifs81.fr\/?p=8632"},"modified":"2013-06-03T07:09:20","modified_gmt":"2013-06-03T06:09:20","slug":"resolution-municipales-des-alternatifs","status":"publish","type":"post","link":"https:\/\/alternatifs81.fr\/?p=8632","title":{"rendered":"RESOLUTION MUNICIPALES DES ALTERNATIFS"},"content":{"rendered":"<p>&nbsp;<\/p>\n<p>&nbsp;<\/p>\n<h3 class=\"MsoNormal\" style=\"margin-bottom: 0.0001pt; line-height: normal; text-align: justify;\"><span style=\"font-size: 12.0pt; font-family: 'Arial','sans-serif'; mso-fareast-font-family: 'Times New Roman'; mso-fareast-language: FR;\"><img loading=\"lazy\" decoding=\"async\" class=\"alignleft  wp-image-7245\" style=\"margin: 12px;\" alt=\"stnazaire7mars111\" src=\"http:\/\/alternatifs81.fr\/wp-content\/uploads\/stnazaire7mars1111.jpg\" width=\"224\" height=\"188\" srcset=\"https:\/\/alternatifs81.fr\/wp-content\/uploads\/stnazaire7mars1111.jpg 320w, https:\/\/alternatifs81.fr\/wp-content\/uploads\/stnazaire7mars1111-300x252.jpg 300w\" sizes=\"auto, (max-width: 224px) 100vw, 224px\" \/>Fran\u00e7ois Hollande a \u00e9t\u00e9 \u00e9lu Pr\u00e9sident de la R\u00e9publique en mai 2012 avec le slogan: \u00ab\u00a0Le changement, c&rsquo;est maintenant !\u00a0\u00bb. Mais en ce qui concerne, entre autres, les collectivit\u00e9s locales, c&rsquo;est la continuit\u00e9 avec les politiques inscrites dans la logique du lib\u00e9ralisme \u00e9conomique europ\u00e9en. L&rsquo;aust\u00e9rit\u00e9 a \u00e9t\u00e9 maintenue et m\u00eame aggrav\u00e9e, ass\u00e9chant les ressources des communes et des intercommunalit\u00e9s et creusant toujours plus le foss\u00e9 entre une minorit\u00e9 de privil\u00e9gi\u00e9s et la majorit\u00e9 de la population dont les conditions et milieux de vie se d\u00e9gradent (dans des domaines essentiels comme l&rsquo;habitat, les Services Publics ou l&rsquo;am\u00e9nagement et l&rsquo;environnement) . Le poids de l\u2019intercommunalit\u00e9, sous sa forme actuelle, dans la gestion et l\u2019am\u00e9nagement des territoires s&rsquo;accroit, avec en particulier l\u2019extension de transferts de comp\u00e9tences\u00a0; les citoyens sont de plus en plus \u00e9loign\u00e9s des d\u00e9cisions qui les concernent. De \u00ab\u00a0grands projets inutiles\u00a0\u00bb sont impos\u00e9s contre l&rsquo;avis des populations, d\u00e9gradant les\u00a0 milieux et distrayant des ressources pour des projets \u00e9conomiquement et socialement utiles.\u00a0 Les nouvelles lois de d\u00e9centralisation ne remettent pas en cause la mise en concurrence des territoires et s\u2019accompagnent de transferts importants<!--more--> de charges et donc de fiscalit\u00e9. Nos candidats-tes\u00a0 veulent contribuer dans une d\u00e9mocratie active \u00e0 la construction du projet de leur collectivit\u00e9 locale\u00a0 <span style=\"color: #808000;\">C&rsquo;est un mouvement de r\u00e9sistance et d&rsquo;alternative qu&rsquo;il s&rsquo;agit de cr\u00e9er et de d\u00e9velopper dans la dur\u00e9e pour faire de la commune et de l&rsquo;intercommunalit\u00e9 des lieux privil\u00e9gi\u00e9s d&rsquo;appropriation citoyenne et populaire du d\u00e9bat et de la d\u00e9cision politiques, et un point d&rsquo;appui pour les luttes (re\/municipalisation du service de l&rsquo;eau, services publics de proximit\u00e9 &#8230;) <\/span><\/span><\/h3>\n<h3 class=\"MsoNormal\" style=\"margin-bottom: 0.0001pt; line-height: normal; text-align: justify;\"><span style=\"font-size: 12.0pt; font-family: 'Arial','sans-serif'; mso-fareast-font-family: 'Times New Roman'; mso-fareast-language: FR;\">Autogestionnaires, nous consid\u00e9rons que la d\u00e9mocratie est l&rsquo;affaire de tous et toutes \u00e0 tous les niveaux (du quartier ou du village jusqu&rsquo;\u00e0 la m\u00e9tropole et la r\u00e9gion). Le syst\u00e8me actuel de d\u00e9mocratie repr\u00e9sentative est en crise. Il est souvent r\u00e9duit \u00e0 son expression minimale, le droit d&rsquo;aller voter tous les six ans. Notre r\u00e9ponse passe par une pratique de d\u00e9bats constants et l&rsquo;existence de contre-pouvoirs. \u00c9cologistes, nous voulons un am\u00e9nagement des territoires \u00e9quilibr\u00e9, un cadre de vie de qualit\u00e9, la pr\u00e9servation des ressources naturelles, de la biodiversit\u00e9, du patrimoine commun (l&rsquo;espace, l&rsquo;eau, l&rsquo;air&#8230; ) Nous voulons mettre en place la transition \u00e9nerg\u00e9tique et la conversion \u00e9cologique de la soci\u00e9t\u00e9.<br \/>\nF\u00e9ministes et altermondialistes nous agissons pour l&rsquo;\u00e9galit\u00e9 entre femmes et hommes, Fran\u00e7ais et \u00e9trangers. Le f\u00e9minisme est consubstantiel au projet des Alternatifs. Il irrigue n\u00e9cessairement chaque activit\u00e9 que nous menons. La mixit\u00e9, la parit\u00e9, l\u2019\u00e9gal acc\u00e8s aux responsabilit\u00e9s sont pour nous incontournables.<br \/>\nSolidaires, nous appliquons le principe: \u00ab\u00a0chacun contribue selon ses moyens et re\u00e7oit selon ses besoins\u00a0\u00bb dans toute politique sociale, sportive, culturelle&#8230; et nous d\u00e9fendons l&rsquo;\u00e9galit\u00e9 d&rsquo;acc\u00e8s aux services publics.<br \/>\nCes propositions s&rsquo;appuient sur des exp\u00e9rimentations citoyennes ou des r\u00e9alisations alternatives, de nombreuses collectivit\u00e9s \u00e0 l\u2019\u00e9tranger, et sur l&rsquo;exp\u00e9rience des militant-e-s et des \u00e9lu-e-s autogestionnaires.<br \/>\nNous nous situons dans la perspective d\u2019un projet alternatif de soci\u00e9t\u00e9\u00a0: penser global et changer local\u00a0: oui \u00e7a vaut la peine, avec le plus grand nombre, de se mettre en mouvement ici et maintenant ! <\/span><\/h3>\n<h3 class=\"MsoNormal\" style=\"line-height: normal; text-align: justify;\"><span style=\"font-size: 12.0pt; font-family: 'Arial','sans-serif'; mso-fareast-font-family: 'Times New Roman'; mso-fareast-language: FR;\">La situation politique appelle lucidit\u00e9 et d\u00e9termination\u00a0: la pression n\u00e9o lib\u00e9rale s&rsquo;accroit \u00e0 l&rsquo;\u00e9chelle de l&rsquo;Europe, les reculs du gouvernement face \u00e0 cette pression confortent la tentative de l&rsquo;extr\u00eame droite de capter la col\u00e8re populaire, le d\u00e9sespoir social peut conduire \u00e0 une abstention de masse.<\/span><\/h3>\n<h3 class=\"MsoNormal\" style=\"text-align: justify; line-height: normal; mso-margin-top-alt: auto; mso-margin-bottom-alt: auto;\"><span style=\"font-size: 12.0pt; font-family: 'Arial','sans-serif'; mso-fareast-font-family: 'Times New Roman'; mso-fareast-language: FR;\">Il est indispensable que se rassemble et agisse une gauche de transformation sociale et \u00e9cologique large, en lien et en dialogue avec les mobilisations\u00a0 et alternatives locales, une gauche pour<br \/>\n&#8211; une d\u00e9mocratie active<br \/>\n&#8211; la conversion \u00e9cologique de la soci\u00e9t\u00e9<br \/>\n&#8211; les solidarit\u00e9s sociales et territoriales<br \/>\n&#8211; le vivre ensemble et les solidarit\u00e9s altermondialistes.\u00a0\u00a0\u00a0\u00a0\u00a0\u00a0\u00a0\u00a0\u00a0\u00a0\u00a0\u00a0\u00a0\u00a0\u00a0\u00a0\u00a0\u00a0\u00a0\u00a0\u00a0\u00a0\u00a0\u00a0\u00a0\u00a0\u00a0\u00a0\u00a0\u00a0\u00a0\u00a0\u00a0\u00a0\u00a0\u00a0\u00a0\u00a0\u00a0\u00a0\u00a0\u00a0\u00a0\u00a0\u00a0\u00a0\u00a0\u00a0 <\/span><\/h3>\n<p class=\"MsoNormal\" style=\"text-align: justify; line-height: normal; mso-margin-top-alt: auto; mso-margin-bottom-alt: auto;\"><span style=\"color: #808000;\"><strong><span style=\"font-size: 12pt; font-family: 'Arial','sans-serif';\">Les Alternatifs, \u00e0 travers leur Charte Municipale, apporteront leur contribution \u00e0 ce rassemblement.<\/span><\/strong><\/span><\/p>\n<p class=\"MsoNormal\" style=\"mso-margin-top-alt: auto; mso-margin-bottom-alt: auto; line-height: normal;\"><span style=\"font-size: 12.0pt; font-family: 'Times New Roman','serif'; mso-fareast-font-family: 'Times New Roman'; mso-fareast-language: FR;\">\u00a0<\/span><\/p>\n<p class=\"MsoNormal\" style=\"mso-margin-top-alt: auto; mso-margin-bottom-alt: auto; line-height: normal;\"><span style=\"color: #008000;\"><strong><span style=\"font-size: 12pt; font-family: 'Arial','sans-serif';\">L&rsquo;orientation des Alternatifs<\/span><\/strong><\/span><\/p>\n<p class=\"MsoNormal\" style=\"mso-margin-top-alt: auto; mso-margin-bottom-alt: auto; line-height: normal;\"><span style=\"font-size: 12.0pt; font-family: 'Times New Roman','serif'; mso-fareast-font-family: 'Times New Roman'; mso-fareast-language: FR;\">\u00a0<\/span><\/p>\n<p class=\"MsoNormal\" style=\"text-align: justify; line-height: normal; mso-margin-top-alt: auto; mso-margin-bottom-alt: auto;\"><span style=\"font-size: 12.0pt; font-family: 'Arial','sans-serif'; mso-fareast-font-family: 'Times New Roman'; mso-fareast-language: FR;\"><strong>Les Alternatifs jugent indispensable la pr\u00e9sence aux Municipales\u00a0 d&rsquo;une gauche de transformation \u00e0 gauche du PS et en alternative \u00e0 sa politique d&rsquo;aust\u00e9rit\u00e9. Leur d\u00e9marche s&rsquo;inscrit dans une dynamique citoyenne qui ne peut se r\u00e9duire aux accords entre organisations.\u00a0\u00a0<\/strong>\u00a0\u00a0\u00a0\u00a0\u00a0\u00a0\u00a0\u00a0\u00a0\u00a0\u00a0\u00a0\u00a0\u00a0\u00a0\u00a0\u00a0\u00a0\u00a0\u00a0\u00a0\u00a0\u00a0\u00a0\u00a0\u00a0\u00a0\u00a0\u00a0\u00a0\u00a0\u00a0\u00a0\u00a0\u00a0\u00a0\u00a0\u00a0\u00a0\u00a0\u00a0\u00a0\u00a0\u00a0\u00a0\u00a0\u00a0\u00a0\u00a0\u00a0\u00a0\u00a0\u00a0\u00a0\u00a0\u00a0\u00a0\u00a0\u00a0\u00a0\u00a0\u00a0\u00a0\u00a0\u00a0\u00a0\u00a0\u00a0\u00a0\u00a0\u00a0\u00a0\u00a0\u00a0\u00a0\u00a0\u00a0\u00a0\u00a0\u00a0\u00a0\u00a0\u00a0\u00a0\u00a0\u00a0\u00a0\u00a0\u00a0\u00a0\u00a0\u00a0\u00a0\u00a0\u00a0\u00a0\u00a0\u00a0\u00a0 <\/span><\/p>\n<p class=\"MsoNormal\" style=\"mso-margin-top-alt: auto; mso-margin-bottom-alt: auto; line-height: normal;\"><span style=\"font-size: 12.0pt; font-family: 'Times New Roman','serif'; mso-fareast-font-family: 'Times New Roman'; mso-fareast-language: FR;\">\u00a0<\/span><\/p>\n<h3 class=\"MsoNormal\" style=\"text-align: justify; line-height: normal; mso-margin-top-alt: auto; mso-margin-bottom-alt: auto;\"><span style=\"font-size: 12.0pt; font-family: 'Arial','sans-serif'; mso-fareast-font-family: 'Times New Roman'; mso-fareast-language: FR;\">La mise en oeuvre de cette orientation est du ressort des groupes locaux des Alternatifs conform\u00e9ment \u00e0 notre vision autogestionnaire<\/span><\/h3>\n<h4>Au premier tour, les Alternatifs agiront pour\u00a0:<\/h4>\n<h3 class=\"MsoNormal\" style=\"text-align: justify; line-height: normal; mso-margin-top-alt: auto; mso-margin-bottom-alt: auto;\"><span style=\"font-size: 12.0pt; font-family: 'Arial','sans-serif'; mso-fareast-font-family: 'Times New Roman'; mso-fareast-language: FR;\">&#8211; la pr\u00e9sentation de listes larges de la gauche de transformation sociale et \u00e9cologique \u00e0 gauche du PS et en alternative \u00e0 sa politique et pour faire barrage \u00e0 la droite et \u00e0 l&rsquo;extr\u00eame droite.<\/span><\/h3>\n<h3 class=\"MsoNormal\" style=\"text-align: justify; line-height: normal; mso-margin-top-alt: auto; mso-margin-bottom-alt: auto;\"><span style=\"font-size: 12.0pt; font-family: 'Arial','sans-serif'; mso-fareast-font-family: 'Times New Roman'; mso-fareast-language: FR;\">La construction du projet puis des listes passera par \u00e9changes entre organisations politiques, mais aussi avec les mIlitant-e-s d&rsquo;associations, syndicats, collectifs citoyens et auto-organis\u00e9s porteurs d&rsquo;alternatives concr\u00e8tes. Nous voulons contribuer au rassemblement de toutes les forces du Front de Gauche, et, au-del\u00e0, rechercher la participation de courants \u00e9colo-d\u00e9croissants, d&rsquo;extr\u00eame gauche (NPA), de la gauche d&rsquo;EELV ou du PS&#8230;\u00a0 <\/span><\/h3>\n<h3 class=\"MsoNormal\" style=\"text-align: justify; line-height: normal; mso-margin-top-alt: auto; mso-margin-bottom-alt: auto;\"><span style=\"font-size: 12.0pt; font-family: 'Arial','sans-serif'; mso-fareast-font-family: 'Times New Roman'; mso-fareast-language: FR;\">Nous souhaitons aussi contribuer par et dans cette d\u00e9marche \u00e0 la convergence des courants de gauche alternative.<\/span><\/h3>\n<h4 class=\"MsoNormal\" style=\"mso-margin-top-alt: auto; mso-margin-bottom-alt: auto; line-height: normal;\"><span style=\"font-size: 12.0pt; font-family: 'Times New Roman','serif'; mso-fareast-font-family: 'Times New Roman'; mso-fareast-language: FR;\">\u00a0<\/span><span style=\"font-size: 12.0pt; font-family: 'Arial','sans-serif'; mso-fareast-font-family: 'Times New Roman'; mso-fareast-language: FR;\">Au deuxi\u00e8me tour, les Alternatifs\u00a0: <\/span><\/h4>\n<h3 class=\"MsoNormal\" style=\"text-align: justify; line-height: normal; mso-margin-top-alt: auto; mso-margin-bottom-alt: auto;\"><span style=\"font-size: 12.0pt; font-family: 'Arial','sans-serif'; mso-fareast-font-family: 'Times New Roman'; mso-fareast-language: FR;\">&#8211; Appelleront \u00e0 faire barrage \u00e0 la droite et l&rsquo;extr\u00eame droite<br \/>\n&#8211; D\u00e9fendront une fusion d\u00e9mocratique respectant les votes de premier tour<br \/>\n&#8211; Refuseront de cautionner des politiques de r\u00e9gression sociale et \u00e9cologique<br \/>\n&#8211; La participation ou non aux ex\u00e9cutifs locaux\u00a0 est du ressort de chaque composante politique des listes. <\/span><\/h3>\n<p class=\"MsoNormal\" style=\"mso-margin-top-alt: auto; mso-margin-bottom-alt: auto; line-height: normal;\"><span style=\"color: #008000;\"><strong><span style=\"font-size: 12pt; font-family: 'Arial','sans-serif';\"><em>&#8211; Pour leur part, Les Alternatifs ne participeront pas aux ex\u00e9cutifs dirig\u00e9s par le PS sauf \u00e0 obtenir la garantie de leur ind\u00e9pendance.<\/em> <\/span><\/strong><\/span><\/p>\n<p class=\"MsoNormal\" style=\"mso-margin-top-alt: auto; mso-margin-bottom-alt: auto; line-height: normal;\"><span style=\"font-size: 12.0pt; font-family: 'Arial','sans-serif'; mso-fareast-font-family: 'Times New Roman'; mso-fareast-language: FR;\">\u00a0<\/span><\/p>\n<p class=\"MsoNormal\" style=\"mso-margin-top-alt: auto; mso-margin-bottom-alt: auto; line-height: normal;\"><span style=\"color: #0000ff;\"><strong><em><span style=\"font-size: 12pt; font-family: 'Arial','sans-serif';\">Adopt\u00e9 par la coordination g\u00e9n\u00e9rale des Alternatifs<\/span><\/em><\/strong><\/span><\/p>\n<p class=\"MsoNormal\"><span style=\"color: #0000ff;\"><strong><em><span style=\"font-size: 12pt; line-height: 115%; font-family: 'Arial','sans-serif';\">Paris le 26 mai 2013<\/span><\/em><\/strong><\/span><\/p>\n<gcse:search><\/gcse:search>","protected":false},"excerpt":{"rendered":"<p>&nbsp; &nbsp; Fran\u00e7ois Hollande a \u00e9t\u00e9 \u00e9lu Pr\u00e9sident de la R\u00e9publique en mai 2012 avec le slogan: \u00ab\u00a0Le changement, c&rsquo;est maintenant !\u00a0\u00bb. Mais en ce qui concerne, entre autres, les collectivit\u00e9s locales, c&rsquo;est la continuit\u00e9 avec les politiques inscrites dans la logique du lib\u00e9ralisme \u00e9conomique europ\u00e9en. L&rsquo;aust\u00e9rit\u00e9 a \u00e9t\u00e9 maintenue et m\u00eame aggrav\u00e9e, ass\u00e9chant les [&hellip;]<\/p>\n","protected":false},"author":1,"featured_media":0,"comment_status":"open","ping_status":"closed","sticky":false,"template":"","format":"standard","meta":{"footnotes":""},"categories":[15,9,125,62,149,126,6],"tags":[103,117],"class_list":["post-8632","post","type-post","status-publish","format-standard","hentry","category-autogestion","category-communiques","category-ecologie","category-elections","category-feminisme","category-gauche-de-combat","category-notre-projet","tag-demarche-citoyenne","tag-democratie"],"_links":{"self":[{"href":"https:\/\/alternatifs81.fr\/index.php?rest_route=\/wp\/v2\/posts\/8632","targetHints":{"allow":["GET"]}}],"collection":[{"href":"https:\/\/alternatifs81.fr\/index.php?rest_route=\/wp\/v2\/posts"}],"about":[{"href":"https:\/\/alternatifs81.fr\/index.php?rest_route=\/wp\/v2\/types\/post"}],"author":[{"embeddable":true,"href":"https:\/\/alternatifs81.fr\/index.php?rest_route=\/wp\/v2\/users\/1"}],"replies":[{"embeddable":true,"href":"https:\/\/alternatifs81.fr\/index.php?rest_route=%2Fwp%2Fv2%2Fcomments&post=8632"}],"version-history":[{"count":0,"href":"https:\/\/alternatifs81.fr\/index.php?rest_route=\/wp\/v2\/posts\/8632\/revisions"}],"wp:attachment":[{"href":"https:\/\/alternatifs81.fr\/index.php?rest_route=%2Fwp%2Fv2%2Fmedia&parent=8632"}],"wp:term":[{"taxonomy":"category","embeddable":true,"href":"https:\/\/alternatifs81.fr\/index.php?rest_route=%2Fwp%2Fv2%2Fcategories&post=8632"},{"taxonomy":"post_tag","embeddable":true,"href":"https:\/\/alternatifs81.fr\/index.php?rest_route=%2Fwp%2Fv2%2Ftags&post=8632"}],"curies":[{"name":"wp","href":"https:\/\/api.w.org\/{rel}","templated":true}]}}