{"id":8619,"date":"2013-05-24T08:31:24","date_gmt":"2013-05-24T07:31:24","guid":{"rendered":"http:\/\/alternatifs81.fr\/?p=8619"},"modified":"2013-05-24T08:33:40","modified_gmt":"2013-05-24T07:33:40","slug":"intervention-au-plateau-des-glieres-le-19-mai-2013-de-marcel-thebault-paysan-au-nom-des-opposants-au-projet-daeroport-de-notre-dame-des-landes-44","status":"publish","type":"post","link":"https:\/\/alternatifs81.fr\/?p=8619","title":{"rendered":"Intervention au plateau des Gli\u00e8res le 19 Mai 2013 de Marcel Th\u00e9bault, paysan, au nom des opposants au projet d\u2019a\u00e9roport de Notre Dame des Landes (44)"},"content":{"rendered":"<div class=\"post-body entry-content\" id=\"post-body-2506869327866232706\" itemprop=\"description articleBody\" style=\"text-align: justify;\">\n<div class=\"separator\" style=\"text-align: center; clear: both;\"><a style=\"clear: left; margin-right: 1em; margin-bottom: 1em; float: left;\" href=\"http:\/\/1.bp.blogspot.com\/-XY1YMX3n6Yo\/UZ420u-jCLI\/AAAAAAAAFD8\/skBJLMi8ehM\/s1600\/P1060189.JPG\" rel=\"lightbox[8619]\"><img loading=\"lazy\" decoding=\"async\" alt=\"\" src=\"http:\/\/1.bp.blogspot.com\/-XY1YMX3n6Yo\/UZ420u-jCLI\/AAAAAAAAFD8\/skBJLMi8ehM\/s320\/P1060189.JPG\" width=\"238\" height=\"320\" border=\"0\" \/><\/a><\/div>\n<h3><span style=\"font-family: Trebuchet MS, sans-serif;\"><b>Nous sommes heureux d\u2019\u00eatre l\u00e0 dans un lieu charg\u00e9 d\u2019histoire, o\u00f9 des hommes se sont engag\u00e9s et battus pour refuser l\u2019inacceptable et pour construire un autre avenir. Lors de la gr\u00e8ve de la faim, nous nous sommes install\u00e9s place de la r\u00e9sistance \u00e0 Nantes, puis quand nous l\u2019avons quitt\u00e9e, nous y avons laiss\u00e9 une couronne de fleurs o\u00f9 \u00e9tait \u00e9crit \u00ab <i>r\u00e9sister se conjugue au pr\u00e9sent <\/i>\u00bb. Marcel Th\u00e9bault, lors de la gr\u00e8ve de la faim d\u2019avril 2012\u00a0<\/b><\/span><\/h3>\n<h3><span style=\"font-family: Trebuchet MS, sans-serif;\"><b><br \/>\n<\/b><\/span> <span style=\"font-family: Trebuchet MS, sans-serif;\"><b>Oui, nous nous opposons \u00e0 un projet de d\u00e9placement d\u2019a\u00e9roport qui conquerrait 1 650 hectares de terres dont les deux tiers sont de la surface agricole. En trois mots, ce d\u00e9placement n\u2019a rien \u00e0 voir avec l\u2019a\u00e9ronautique : l\u2019a\u00e9roport actuel fonctionne tr\u00e8s bien et n\u2019est pas pr\u00e8s d\u2019\u00eatre satur\u00e9, et la DUP est une escroquerie. Ce plateau de terres humides en t\u00eate de deux bassins versants est strat\u00e9gique sur le plan environnemental.\u00a0<\/b><\/span><\/h3>\n<h3><span style=\"font-family: Trebuchet MS, sans-serif;\"><b><br \/>\n<\/b><\/span> <span style=\"font-family: Trebuchet MS, sans-serif;\"><b>Ce projet serait un gouffre financier, les \u00e9tudes ont \u00e9t\u00e9 bidouill\u00e9es et le financement public atteint 48%, investis \u00e0 fonds perdus ; seule la multinationale Vinci est certaine de gagner de l\u2019argent.\u00a0<\/b><\/span><\/h3>\n<h3><span style=\"font-family: Trebuchet MS, sans-serif;\"><b><br \/>\n<\/b><\/span> <span style=\"font-family: Trebuchet MS, sans-serif;\"><b>Nous ne nous battons pas pour d\u00e9fendre notre jardin et notre tranquillit\u00e9, mais, nous voulons conserver des terres<!--more--> agricoles avec leur bocage et un potentiel d\u2019emploi agricole par des circuits courts en p\u00e9riph\u00e9rie de ville. Nous nous battons pour un avenir meilleur qui ne soit pas une course au b\u00e9tonnage et laisse une place \u00e0 la nature.\u00a0<\/b><\/span><\/h3>\n<h3><a name=\"more\"><\/a><\/h3>\n<h3><span style=\"font-family: Trebuchet MS, sans-serif;\"><b><br \/>\n<\/b><\/span> <span style=\"font-family: Trebuchet MS, sans-serif;\"><b>Les agressions d\u2019octobre-novembre 2012 ont marqu\u00e9 l\u2019actualit\u00e9. Les gardes mobiles sont venus vider la zone, raser les maisons et les cabanes alors que le projet n\u2019est pas d\u00e9marr\u00e9. Les jeunes expuls\u00e9s ont su r\u00e9sister de mani\u00e8re diversifi\u00e9e, originale, utilisant la course, la ruse, mais aussi l\u2019art et la musique contre la force brutale. Les associations de lutte, comme elles l\u2019avaient toujours dit, ont particip\u00e9 \u00e0 la r\u00e9sistance, fournissant un local pour le repos et les repas et ont assur\u00e9 l\u2019accueil et l\u2019acheminement des soutiens.\u00a0<\/b><\/span><\/h3>\n<h3><span style=\"font-family: Trebuchet MS, sans-serif;\"><b><br \/>\n<\/b><\/span> <span style=\"font-family: Trebuchet MS, sans-serif;\"><b>La manifestation de r\u00e9occupation du 17 novembre a r\u00e9uni 38 000 citoyens venus pour apporter des mat\u00e9riaux et reconstruire dans les bois. L\u2019erreur fatale du Pr\u00e9fet fut l\u2019attaque du vendredi suivant pour d\u00e9truire ce que cette foule avait construit, car la foule est revenue le week end ; Nantes et Saint Nazaire ont \u00e9t\u00e9 bloqu\u00e9es et le dimanche, cinquante tracteurs sont venus prot\u00e9ger les constructions dans les bois.\u00a0 <\/b><\/span><\/h3>\n<h3><span style=\"font-family: Trebuchet MS, sans-serif;\"><b><br \/>\n<\/b><\/span> <span style=\"font-family: Trebuchet MS, sans-serif;\"><b>Notre r\u00e9ussite, c\u2019est cette union de tous : occupants ill\u00e9gaux, mais l\u00e9gitimes, citoyens, associations et paysans. C\u2019est ce qui a contraint Jean Marc Ayrault \u00e0 mettre en place des commissions pour calmer le jeu avec quelque chose qui sans le dire fut un moratoire.\u00a0<\/b><\/span><\/h3>\n<h3><span style=\"font-family: Trebuchet MS, sans-serif;\"><b><br \/>\n<\/b><\/span> <span style=\"font-family: Trebuchet MS, sans-serif;\"><b>Fin janvier, le COPAIN, comit\u00e9 d\u2019organisations paysannes a enlev\u00e9 ses tracteurs de la ch\u00e2taigneraie pour occuper le ferme de Bellevue. Ceci afin d\u2019\u00e9viter la destruction programm\u00e9e pour cette ferme qui \u00e9tait devenue libre. Avec cette nouvelle action forte, les paysans se posent comme un acteur de cette lutte : soutien aux jeunes occupants, sauvegarde des fermes et de leur foncier, c\u2019est \u00e0 dire, pr\u00e9paration d\u2019un avenir sans a\u00e9roport. Des paysans sont partis en retraite, mais les autres sont rest\u00e9s et ont \u00e9t\u00e9 expropri\u00e9s en 2012 ; cinq fermes soit dixpersonnes sont toujours l\u00e0 et comptent bien y rester. Ils sont prot\u00e9g\u00e9s par l\u2019accord politique dit \u00ab <i>de la gr\u00e8ve de la faim \u00bb<\/i>. L\u2019op\u00e9ration S\u00e9me ta ZAD a mis en place une vingtaine de projets pour cultiver les terres de Vinci et s\u2019inscrire dans la dur\u00e9e. Cette r\u00e9sistance concr\u00e8te cr\u00e9e du lien entre tous les opposants et re\u00e7oit leur soutien.\u00a0<\/b><\/span><\/h3>\n<h3><span style=\"font-family: Trebuchet MS, sans-serif;\"><b><br \/>\n<\/b><\/span> <span style=\"font-family: Trebuchet MS, sans-serif;\"><b>La cha\u00eene humaine du 11 mai a montr\u00e9 notre capacit\u00e9 \u00e0 rester mobilis\u00e9s, \u00e0 motiver de nouveaux militants et \u00e0 innover dans l\u2019action. Que les porteurs du projet ne s\u2019y trompent pas, m\u00eame le temps ne nous usera pas. Notre richesse est la diversit\u00e9 de notre lutte : d\u2019un c\u00f4t\u00e9 les associations, syndicats et partis politiques regroup\u00e9s en une coordination de quarante membres, de l\u2019autre, les nouveaux habitants install\u00e9s depuis 2009 en collectifs d\u2019occupation.\u00a0<\/b><\/span><\/h3>\n<h3><span style=\"font-family: Trebuchet MS, sans-serif;\"><b><br \/>\n<\/b><\/span> <span style=\"font-family: Trebuchet MS, sans-serif;\"><b>Derri\u00e8re cela deux strat\u00e9gies se c\u00f4toient : celle des jeunes met en avant un fonctionnement horizontal, un engagement par l\u2019action directe sur le terrain en surveillant toute action qui irait dans le sens du projet. Parall\u00e8lement \u00e0 cela, ces jeunes exp\u00e9rimentent un mode de vie bas\u00e9 sur la mise en commun des savoirs et des besoins et qui refuse la soci\u00e9t\u00e9 de consommation. La strat\u00e9gie des associations est citoyenne, elle se bat par de l\u2019argumentation, de l\u2019expertise et vise des mobilisations ouvertes \u00e0 tous. Elle est tr\u00e8s soucieuse de l\u2019opinion publique. Elle se d\u00e9ploie sur 3 piliers qui sont la mobilisation citoyenne, parce que notre refus est massif et populaire, le politique, car la d\u00e9cision d\u2019arr\u00eat sera une d\u00e9cision politique, et enfin le juridique car du point de vue de la loi sur l\u2019eau, ce projet est ill\u00e9gal. Cette diversit\u00e9 de nos modes d\u2019action est une de nos garanties de succ\u00e8s.\u00a0<\/b><\/span><\/h3>\n<h3><span style=\"font-family: Trebuchet MS, sans-serif;\"><b><br \/>\n<\/b><\/span> <span style=\"font-family: Trebuchet MS, sans-serif;\"><b>Et aujourd\u2019hui Nous avons su r\u00e9sister de fa\u00e7on efficace cet automne-hiver parce que toutes les composantes de l\u2019opposition se sont soutenues et aid\u00e9es face aux forces du d\u00e9sordre. Les porteurs de projet n\u2019ont pas pu vider la zone, ils se sont jet\u00e9s dans une impasse politique et le soutien citoyen, votre soutien, a \u00e9t\u00e9 formidable. Une quinzaine de maisons ont \u00e9t\u00e9 vid\u00e9es puis d\u00e9truites, de m\u00eame que de nombreuses cabanes, mais aujourd\u2019hui, il y a encore plus d\u2019habitations dans les bois. Des r\u00e9installations sont en cours dans les hameaux d\u00e9truits. Parall\u00e8lement, il reste toujours des paysans, ils ont \u00e9t\u00e9 expropri\u00e9s, mais cultivent toujours leur ferme en attendant la chute du projet.\u00a0<\/b><\/span><\/h3>\n<h3><span style=\"font-family: Trebuchet MS, sans-serif;\"><b><br \/>\n<\/b><\/span> <span style=\"font-family: Trebuchet MS, sans-serif;\"><b>Le mouvement paysan est l\u2019\u00e2me de la lutte. Aujourd\u2019hui, avec le rapport des commissions, les porteurs de projet se donnent deux mois pour r\u00e9pondre, mais ils oublient la condamnation cat\u00e9gorique du dossier loi sur l\u2019eau par les scientifiques et le suivi soup\u00e7onneux du dossier par la commission europ\u00e9enne. Nous avons marqu\u00e9 beaucoup de points, mais le projet n\u2019est pas mort. Nous poursuivons la lutte. Vous nous avez d\u00e9j\u00e0 apport\u00e9 votre soutien, nous vous en remercions, mais nous en aurons encore besoin !\u00a0<\/b><\/span><\/h3>\n<h3><span style=\"font-family: Trebuchet MS, sans-serif;\"><b><br \/>\n<\/b><\/span> <span style=\"font-family: Trebuchet MS, sans-serif;\"><b>Nous pouvons vous donner deux rendez-vous : \uf02d si reprise des hostilit\u00e9s, nous vous appelons \u00e0 agir chez vous : c\u2019est de toute la France que les porteurs du projet doivent entendre notre indignation et notre r\u00e9sistance. nous vous attendons les 3 et 4 ao\u00fbt pour des rencontres-d\u00e9bats et soir\u00e9es festives. <\/b><\/span><\/h3>\n<\/div>\n<div class=\"post-body entry-content\" itemprop=\"description articleBody\"><\/div>\n<div class=\"post-footer\">\n<div class=\"post-footer-line post-footer-line-1\"><span style=\"color: #0000ff;\"><em><strong><span class=\"post-author vcard\"> Publi\u00e9 par Les Alternatifs 44<\/span><\/strong><\/em><\/span><\/div>\n<\/div>\n<gcse:search><\/gcse:search>","protected":false},"excerpt":{"rendered":"<p>Nous sommes heureux d\u2019\u00eatre l\u00e0 dans un lieu charg\u00e9 d\u2019histoire, o\u00f9 des hommes se sont engag\u00e9s et battus pour refuser l\u2019inacceptable et pour construire un autre avenir. Lors de la gr\u00e8ve de la faim, nous nous sommes install\u00e9s place de la r\u00e9sistance \u00e0 Nantes, puis quand nous l\u2019avons quitt\u00e9e, nous y avons laiss\u00e9 une couronne [&hellip;]<\/p>\n","protected":false},"author":1,"featured_media":0,"comment_status":"open","ping_status":"closed","sticky":false,"template":"","format":"standard","meta":{"footnotes":""},"categories":[125,232,244,246],"tags":[43,103,117,169,20,204,72],"class_list":["post-8619","post","type-post","status-publish","format-standard","hentry","category-ecologie","category-notre-economie-et-la-leur","category-point-de-vue","category-transition-energetique-2","tag-appel","tag-demarche-citoyenne","tag-democratie","tag-ecologie-2","tag-manifestations","tag-notre-dame-des-landes","tag-transports"],"_links":{"self":[{"href":"https:\/\/alternatifs81.fr\/index.php?rest_route=\/wp\/v2\/posts\/8619","targetHints":{"allow":["GET"]}}],"collection":[{"href":"https:\/\/alternatifs81.fr\/index.php?rest_route=\/wp\/v2\/posts"}],"about":[{"href":"https:\/\/alternatifs81.fr\/index.php?rest_route=\/wp\/v2\/types\/post"}],"author":[{"embeddable":true,"href":"https:\/\/alternatifs81.fr\/index.php?rest_route=\/wp\/v2\/users\/1"}],"replies":[{"embeddable":true,"href":"https:\/\/alternatifs81.fr\/index.php?rest_route=%2Fwp%2Fv2%2Fcomments&post=8619"}],"version-history":[{"count":0,"href":"https:\/\/alternatifs81.fr\/index.php?rest_route=\/wp\/v2\/posts\/8619\/revisions"}],"wp:attachment":[{"href":"https:\/\/alternatifs81.fr\/index.php?rest_route=%2Fwp%2Fv2%2Fmedia&parent=8619"}],"wp:term":[{"taxonomy":"category","embeddable":true,"href":"https:\/\/alternatifs81.fr\/index.php?rest_route=%2Fwp%2Fv2%2Fcategories&post=8619"},{"taxonomy":"post_tag","embeddable":true,"href":"https:\/\/alternatifs81.fr\/index.php?rest_route=%2Fwp%2Fv2%2Ftags&post=8619"}],"curies":[{"name":"wp","href":"https:\/\/api.w.org\/{rel}","templated":true}]}}