{"id":8598,"date":"2013-05-21T10:56:11","date_gmt":"2013-05-21T09:56:11","guid":{"rendered":"http:\/\/alternatifs81.fr\/?p=8598"},"modified":"2013-05-26T19:43:56","modified_gmt":"2013-05-26T18:43:56","slug":"passer-de-laumone-au-partage","status":"publish","type":"post","link":"https:\/\/alternatifs81.fr\/?p=8598","title":{"rendered":"Passer de l&rsquo;aum\u00f4ne au partage"},"content":{"rendered":"<h2 style=\"text-align: center;\"><span style=\"color: #008000;\">Forum Social Tarnais 2013<\/span><br \/>\n<span style=\"color: #008000;\"> \u2022 Le 24 mai \u00e0 Castres<\/span><br \/>\n<span style=\"color: #008000;\"> \u2022 Les 25 et 26 mai \u00e0 Graulhet<\/span><\/h2>\n<h3><span style=\"color: #0000ff;\"><em>Programme complet sur le site : http:\/\/tarn.demosphere.eu\/FST<\/em><\/span><br \/>\n<span style=\"color: #0000ff;\"><em>Contact : forum.social.tarnais@gmail.com &#8211; 06 83 70 80 32<\/em><\/span><\/h3>\n<h3 style=\"text-align: justify;\"><img loading=\"lazy\" decoding=\"async\" class=\"alignleft  wp-image-7856\" style=\"margin: 12px;\" alt=\"php11iYM1\" src=\"http:\/\/alternatifs81.fr\/wp-content\/uploads\/php11iYM1.png\" width=\"365\" height=\"241\" \/>Le Forum Social d\u00e9butera le 24 mai \u00e0 10h par l&rsquo;inauguration du local de Solidarit\u00e9 Ch\u00f4mage Tarn<br \/>\n\u00e0 Castres, 5 rue de la Sabaterie, suivie, dans la salle 2 du Parc des expositions, d&rsquo;une soir\u00e9e vivante avec la chorale engag\u00e9e \u00ab Modus Vivendi \u00bb, le repas partag\u00e9 et la projection du film sur la Gr\u00e8ce \u00ab KHEOPS \u00bb, en pr\u00e9sence d&rsquo;un des r\u00e9alisateurs.<\/h3>\n<h3 style=\"text-align: justify;\">Le samedi 25 \u00e0 Graulhet, foyer L\u00e9o Lagrange, participez \u00e0 la brocante gratuite (d\u00e9barrassez vous des objets inutilis\u00e9s, prenez ceux dont vous avez besoin) et d\u00e9couvrez les incroyables comestibles (nourriture \u00e0 partager) : deux initiatives qui fonctionnent sur la confiance et la bonne volont\u00e9 des gens . De quoi alimenter les d\u00e9bats sur l&rsquo;obsession s\u00e9curitaire envahissante et sur le lien social.<\/h3>\n<h3 style=\"text-align: justify;\">Vous pourrez participer aux nombreux \u00ab Temps forum \u00bb, pr\u00e9sentations suivis de d\u00e9bat, tout au long des 2 jours : garage solidaire, non violence, d\u00e9sarmement, planning familial, auto-suffisance alimentaire et \u00e9nerg\u00e9tique, initiation \u00e0 la communication non violente, logiciels libres&#8230;.. des acteurs locaux parleront de ce<!--more--> qu&rsquo;ils proposent concr\u00e8tement.<\/h3>\n<h3 style=\"text-align: justify;\">Vous pourrez participer au jeu de la barbarie sociale, en endossant le r\u00f4le d&rsquo;un \u00ab sans \u00bb (sans revenu, sans travail, sans papier, sans reconnaissance sociale&#8230;) et tenter de vous d\u00e9patouiller en utilisant les services pr\u00e9sents dans le village des alternatives.<\/h3>\n<h3 style=\"text-align: justify;\">\u00ab <span style=\"color: #808000;\">Passer de l&rsquo;aum\u00f4ne au partage<\/span> \u00bb, <em>tel est le slogan choisi pour ce Forum Social.<\/em><\/h3>\n<h3 style=\"text-align: justify;\">Pour donner corps \u00e0 cet objectif les 38 organisations partie prenante du Forum pr\u00e9senteront des alternatives solidaires, r\u00e9alis\u00e9es localement, sans oublier de r\u00e9fl\u00e9chir l&rsquo;action politique globale.<br \/>\n<span style=\"color: #808000;\">Aller vers une Europe o\u00f9 il n&rsquo;y aura plus besoin d&rsquo;aides alimentaires, d&rsquo;aides aux vacances,<\/span> <span style=\"color: #808000;\">de marches contre le ch\u00f4mage, de manifestations contre les expulsions&#8230;.<\/span><\/h3>\n<h3 style=\"text-align: justify;\"><span style=\"color: #008000;\"> Cet espoir sera d\u00e9velopp\u00e9 par Fran\u00e7ois Plassard qui parlera du formidable levier que peut constituer <\/span><span style=\"color: #008000;\">le revenu de base inconditionnel dont il \u00e9tait l&rsquo;un des contributeurs au Forum social Mondial de <\/span><span style=\"color: #008000;\">Tunis et qui fait l&rsquo;objet d&rsquo;une Initiative citoyenne europ\u00e9enne.<\/span><br \/>\n<span style=\"color: #008000;\"> Lorsque le million de signature sera obtenu le sujet sera port\u00e9 devant le parlement Europ\u00e9en.<\/span><br \/>\n<span style=\"color: #008000;\"> Nous utiliserons symboliquement une monnaie locale, le Dadou avec comme objectif la cr\u00e9ation <\/span><span style=\"color: #008000;\">r\u00e9elle d&rsquo;une monnaie \u00e0 Graulhet, dont l&rsquo;effet dynamisant sur l&rsquo;\u00e9conomie profitera aussi bien \u00e0 la <\/span><span style=\"color: #008000;\">consommation des personnes \u00e0 faible revenu qu&rsquo;\u00e0 l&rsquo;activit\u00e9 \u00e9conomique des acteurs locaux.<\/span><\/h3>\n<h3 style=\"text-align: justify;\"><span style=\"color: #008000;\"> La soir\u00e9e festive du samedi 25 mai nous permettra de savourer 3 spectacles.<\/span><br \/>\nLe temps de cerises &#8211; Chanson fran\u00e7aise, pour \u00ab\u00a0ce qu&rsquo;il y a entre les deux oreilles\u00a0\u00bb. Un trio (Guitare chant, contrebasse, harmonicas et glockenspiel) amoureux des beaux textes de la chanson fran\u00e7aise d&rsquo;Eddy Constantine \u00e0 Jean Roger Caussimon en passant par Bernard Dimey, Jacques Higelin, Bourvil, Nougaro, F\u00e9rr\u00e9, Barouh, Trenet et bien d&rsquo;autres encore.<br \/>\nCyril Gontier qui se moque des supermarch\u00e9s, chante \u00ab Imagine \u00bb, et raconte la crise et la<br \/>\nmondialisation avec beaucoup d&rsquo;humour.<br \/>\nTa Limania Xena, Groupe de r\u00e9b\u00e9tiko, c&rsquo;est-\u00e0-dire de chansons populaires grecques sur les al\u00e9as de la vie et notamment la mis\u00e8re, y compris une nouvelle chanson d&rsquo;actualit\u00e9 sur la r\u00e9sistance \u00e0 l&rsquo;aust\u00e9rit\u00e9 (et qui les commente en fran\u00e7ais durant le r\u00e9cital).<\/h3>\n<h3 style=\"text-align: justify;\">Le dimanche 26, vous rencontrerez d\u00e8s 10h les m\u00eames propositions alternatives, jeux, temps forum que dans la journ\u00e9e de Samedi.<br \/>\n\u00c0 partir du repas de midi commencera la phase tourn\u00e9e vers l&rsquo;avenir.<br \/>\nCr\u00e9er la monnaie locale du Graulh\u00e9tois, et \u00e9laborer ensemble les bases pour une coop\u00e9rative int\u00e9grale. Les dizaines d&rsquo;id\u00e9es trouv\u00e9es et d\u00e9velopp\u00e9es tout au long de ce Forum Social seront pr\u00e9sent\u00e9es en alternance avec les chants partag\u00e9s au son de l&rsquo;orgue de barbarie, de contes et de po\u00e9sies.<\/h3>\n<h3 style=\"text-align: justify;\">Apr\u00e8s le rangement et le pot du Forum, nous pourrons aller au cin\u00e9ma de la ville, voir ensemble lefilm \u00ab KHEOPS \u00bb en pr\u00e9sence du r\u00e9alisateur suivi du d\u00e9bat \u00ab La crise est-elle<br \/>\nune chance pour prendre nos affaires en main ? \u00bb<\/h3>\n<h2 style=\"text-align: center;\"><span style=\"color: #808000;\">De l&rsquo;espoir partag\u00e9, du plaisir et de l&rsquo;utopie en perspective !<\/span><\/h2>\n<h3 style=\"text-align: justify;\">Forum Social Tarnais 2013<br \/>\nforum.social.tarnais@gmail.com<br \/>\n06 83 70 80 32<br \/>\nhttp:\/\/tarn.demosphere.eu\/FST<\/h3>\n<gcse:search><\/gcse:search>","protected":false},"excerpt":{"rendered":"<p>Forum Social Tarnais 2013 \u2022 Le 24 mai \u00e0 Castres \u2022 Les 25 et 26 mai \u00e0 Graulhet Programme complet sur le site : http:\/\/tarn.demosphere.eu\/FST Contact : forum.social.tarnais@gmail.com &#8211; 06 83 70 80 32 Le Forum Social d\u00e9butera le 24 mai \u00e0 10h par l&rsquo;inauguration du local de Solidarit\u00e9 Ch\u00f4mage Tarn \u00e0 Castres, 5 rue [&hellip;]<\/p>\n","protected":false},"author":1,"featured_media":0,"comment_status":"open","ping_status":"closed","sticky":false,"template":"","format":"standard","meta":{"footnotes":""},"categories":[275,8,154,284,15,125,124,149,147,217,213,164,180,193,246,295],"tags":[321],"class_list":["post-8598","post","type-post","status-publish","format-standard","hentry","category-a-gauche-toute","category-dtm-agenda","category-agriculture","category-anti-racismes","category-autogestion","category-ecologie","category-education-2","category-feminisme","category-international","category-libertes","category-nucleaire-2","category-sante","category-services-publics-2","category-social","category-transition-energetique-2","category-travail-2","tag-forum-social-tarnais"],"_links":{"self":[{"href":"https:\/\/alternatifs81.fr\/index.php?rest_route=\/wp\/v2\/posts\/8598","targetHints":{"allow":["GET"]}}],"collection":[{"href":"https:\/\/alternatifs81.fr\/index.php?rest_route=\/wp\/v2\/posts"}],"about":[{"href":"https:\/\/alternatifs81.fr\/index.php?rest_route=\/wp\/v2\/types\/post"}],"author":[{"embeddable":true,"href":"https:\/\/alternatifs81.fr\/index.php?rest_route=\/wp\/v2\/users\/1"}],"replies":[{"embeddable":true,"href":"https:\/\/alternatifs81.fr\/index.php?rest_route=%2Fwp%2Fv2%2Fcomments&post=8598"}],"version-history":[{"count":0,"href":"https:\/\/alternatifs81.fr\/index.php?rest_route=\/wp\/v2\/posts\/8598\/revisions"}],"wp:attachment":[{"href":"https:\/\/alternatifs81.fr\/index.php?rest_route=%2Fwp%2Fv2%2Fmedia&parent=8598"}],"wp:term":[{"taxonomy":"category","embeddable":true,"href":"https:\/\/alternatifs81.fr\/index.php?rest_route=%2Fwp%2Fv2%2Fcategories&post=8598"},{"taxonomy":"post_tag","embeddable":true,"href":"https:\/\/alternatifs81.fr\/index.php?rest_route=%2Fwp%2Fv2%2Ftags&post=8598"}],"curies":[{"name":"wp","href":"https:\/\/api.w.org\/{rel}","templated":true}]}}