{"id":8565,"date":"2013-05-17T07:46:48","date_gmt":"2013-05-17T06:46:48","guid":{"rendered":"http:\/\/alternatifs81.fr\/?p=8565"},"modified":"2013-06-12T22:49:01","modified_gmt":"2013-06-12T21:49:01","slug":"chomeurs-et-precaires-en-marche-pour-nos-droits","status":"publish","type":"post","link":"https:\/\/alternatifs81.fr\/?p=8565","title":{"rendered":"Ch\u00f4meurs et pr\u00e9caires, en marche pour nos droits !"},"content":{"rendered":"<p>&nbsp;<\/p>\n<p style=\"text-align: center;\"><strong style=\"mso-bidi-font-weight: normal;\"><span style=\"font-size: 16.0pt; font-family: Arial;\">Appel \u00e0 soutien<\/span><\/strong><\/p>\n<p style=\"text-align: center;\"><strong><span style=\"font-size: 16.0pt; font-family: Arial;\">Ch\u00f4meurs et pr\u00e9caires, en marche pour nos droits\u00a0!<\/span><\/strong><\/p>\n<p style=\"text-align: center;\"><strong><span style=\"font-size: 16.0pt; font-family: Arial;\"><span style=\"mso-spacerun: yes;\">\u00a0<\/span>JUIN 2013<\/span><\/strong><\/p>\n<h3 style=\"text-align: justify; text-indent: 35.4pt;\"><span style=\"font-family: Arial; font-size: 12pt;\"><img loading=\"lazy\" decoding=\"async\" class=\"alignleft  wp-image-8572\" style=\"margin: 11px 12px;\" alt=\"LOGO_MARCHE\" src=\"http:\/\/alternatifs81.fr\/wp-content\/uploads\/LOGO_MARCHE.jpeg\" width=\"234\" height=\"230\" srcset=\"https:\/\/alternatifs81.fr\/wp-content\/uploads\/LOGO_MARCHE.jpeg 488w, https:\/\/alternatifs81.fr\/wp-content\/uploads\/LOGO_MARCHE-300x295.jpeg 300w\" sizes=\"auto, (max-width: 234px) 100vw, 234px\" \/>En 1933 eurent lieu les premi\u00e8res grandes marches de ch\u00f4meurs face \u00e0 la crise qui s\u00e9vissait en France et dans toute l\u2019Europe. Ils furent arr\u00eat\u00e9s par l\u2019arm\u00e9e \u00e0 l\u2019entr\u00e9e de Paris\u2026 Cette grave crise \u00e9conomique et sociale a d\u00e9bouch\u00e9 sur la catastrophe de la Deuxi\u00e8me Guerre mondiale.<\/span><\/h3>\n<h3 style=\"text-align: justify; text-indent: 35.4pt;\"><span style=\"font-family: Arial; font-size: 12pt;\">En 2013, quatre-vingt ans apr\u00e8s, nous organisons une Marche sur Paris pour alerter l\u2019opinion et mettre les pouvoirs publics face \u00e0 leurs responsabilit\u00e9s. Nous les appelons \u00e0 se ressaisir pour \u00e9viter une crise encore bien plus grave que celle d\u2019aujourd\u2019hui. Nous d\u00e9non\u00e7ons la situation faite aux ch\u00f4meurs, victimes de la double peine\u00a0: pas d\u2019emploi et des revenus insuffisants, d\u2019un montant inf\u00e9rieur au seuil de pauvret\u00e9\u00a0(950 euros) pour la majorit\u00e9 d\u2019entre eux<\/span><\/h3>\n<h3 style=\"text-align: justify; text-indent: 35.4pt;\"><span style=\"font-family: Arial; font-size: 12pt;\">Les associations de ch\u00f4meurs et pr\u00e9caires, depuis l\u2019\u00e9lection de Fran\u00e7ois Hollande, demandent au gouvernement que soient adopt\u00e9es des \u00ab\u00a0mesures d\u2019urgence\u00a0\u00bb, avec <!--more-->l\u2019ensemble du mouvement des ch\u00f4meurs et certains syndicats, pour am\u00e9liorer imm\u00e9diatement le quotidien de ceux que le syst\u00e8me exclut et des mesures de fond pour diminuer massivement le ch\u00f4mage : une r\u00e9duction du temps de travail \u00e0 32 heures et une r\u00e9forme des politiques de l\u2019emploi, des politiques financi\u00e8res et fiscales d\u2019une autre ampleur que celles conduites actuellement (plate forme revendicative de la marche ci jointe).<!--more--><\/span><\/h3>\n<h3 style=\"text-align: justify; text-indent: 35.4pt;\"><span style=\"font-family: Arial; font-size: 12pt;\">Nous n\u2019avons pas \u00e9t\u00e9 invit\u00e9s \u00e0 la Conf\u00e9rence sociale de juillet 2012. La Conf\u00e9rence contre la pauvret\u00e9 de d\u00e9cembre 2012 a accouch\u00e9 d\u2019une souris, sans prise en compte et sans d\u00e9bat de nos propositions.<\/span><\/h3>\n<p>&nbsp;<\/p>\n<h3 style=\"text-align: justify; text-indent: 35.4pt;\"><span style=\"font-family: Arial; font-size: 12pt;\">Depuis cette date, nous, associations de ch\u00f4meurs et pr\u00e9caires, agissons pour nous faire<img loading=\"lazy\" decoding=\"async\" class=\" wp-image-8566 alignright\" style=\"margin: 11px;\" alt=\"prenons\" src=\"http:\/\/alternatifs81.fr\/wp-content\/uploads\/prenons.jpg\" width=\"224\" height=\"198\" srcset=\"https:\/\/alternatifs81.fr\/wp-content\/uploads\/prenons.jpg 320w, https:\/\/alternatifs81.fr\/wp-content\/uploads\/prenons-300x265.jpg 300w\" sizes=\"auto, (max-width: 224px) 100vw, 224px\" \/> entendre.\u00a0Nous avons notamment envahi le minist\u00e8re de Mme Carlotti pour lui signifier que nous ne nous contenterons pas de miettes\u2026 Pas de suite<\/span><\/h3>\n<h3 style=\"text-align: justify; text-indent: 35.4pt;\"><span style=\"font-family: Arial; font-size: 12pt;\">La r\u00e9alit\u00e9 a rejoint nos inqui\u00e9tudes. Les situations \u00e0 P\u00f4le Emploi, comme dans les CAF, se sont durcies &#8211; fin de droits, indus, radiations, allongement de la dur\u00e9e d\u2019inscription au ch\u00f4mage &#8211; et ont d\u00e9clench\u00e9 des gestes de d\u00e9sespoir. Le 8 juillet 2012 \u00e0 la CAF de Mantes-la-Jolie et aussi l\u2019immolation de Djamal Chaab devant un P\u00f4le emploi \u00e0 Nantes le 13 f\u00e9vrier dernier. A chaque fois nous avons r\u00e9agi. D\u00e8s le lendemain de la mort de Djamal Chaab, nous occupions un P\u00f4le emploi \u00e0 Paris pour r\u00e9clamer une rencontre urgente avec le ministre Sapin. Apr\u00e8s six heures d\u2019occupation nous obtenions ce rendez-vous\u2026 un mois plus tard.<\/span><\/h3>\n<h3 style=\"text-align: justify; text-indent: 35.4pt;\"><span style=\"font-family: Arial; font-size: 12pt;\">Cette rencontre avec le ministre \u00e0 la mi-mars n\u2019a encore abouti \u00e0 rien\u00a0! Aucune prise en compte de nos mesures d\u2019urgence. Aucun dialogue. Notre col\u00e8re grandissante nous a conduit quinze jours plus tard \u00e0 occuper l\u2019agence P\u00f4le Emploi Beaumarchais \u00e0 Paris\u00a0: quatre-vingt ch\u00f4meurs, pr\u00e9caires et solidaires du MNCP, de l\u2019APEIS, d\u2019AC!, de DAL mais aussi des syndicalistes de P\u00f4le Emploi du SNU\/FSU et de SUD\/Solidaires\u2026 Apr\u00e8s cinq heures dans l\u2019agence, bien d\u00e9termin\u00e9s \u00e0 ne pas partir sans obtenir de r\u00e9ponse, Jean-Marc Ayrault que nous demandions \u00e0 rencontrer nous a envoy\u00e9s les CRS pour nous \u00e9vacuer, sans aucune ouverture vers le dialogue.<\/span><\/h3>\n<h3 style=\"text-align: justify; text-indent: 35.4pt;\"><span style=\"font-family: Arial; font-size: 12pt;\">Lors de l\u2019Assembl\u00e9e g\u00e9n\u00e9rale des ch\u00f4meurs et pr\u00e9caires avec le MNCP, \u00e0 Saint-Dizier les 10 et 11 avril, nous avons d\u00e9cid\u00e9 de passer la vitesse sup\u00e9rieure en organisant dans toute la France une Marche sur Paris. Elle a pour objectif de porter les propositions d\u2019urgence, de d\u00e9velopper une mobilisation g\u00e9n\u00e9rale et d\u2019offrir aux ch\u00f4meurs et pr\u00e9caires la possibilit\u00e9 d\u2019affirmer leur dignit\u00e9 dans cette soci\u00e9t\u00e9 qui les exclut. APEIS, AC!, le DAL et le SNU \/ FSU, SUD P\u00f4le emploi \/ Solidaires se sont imm\u00e9diatement d\u00e9clar\u00e9s favorables \u00e0 notre projet.<\/span><span style=\"font-family: Arial; font-size: 12pt;\">\u00a0<\/span><\/h3>\n<p>&nbsp;<\/p>\n<h3 style=\"text-align: justify; text-indent: 35.4pt;\"><span style=\"font-family: Arial; font-size: 12pt; color: #008000;\">Nous souhaitons, \u00e0 cette occasion et dans ce contexte, avoir une rencontre \u00e0 br\u00e8ve \u00e9ch\u00e9ance avec l\u2019ensemble des syndicats et des grands r\u00e9seaux associatifs concern\u00e9s. Nous vous demandons de recevoir le plus t\u00f4t possible une d\u00e9l\u00e9gation issue de nos organisation<\/span><\/h3>\n<p>&nbsp;<\/p>\n<h3 style=\"text-align: justify; text-indent: 35.4pt;\"><span style=\"font-family: Arial; font-size: 12pt;\">Notre Marche, en provenance de divers points du territoire m\u00e9tropolitain et des DOM, se d\u00e9roulera pendant trois semaines en juin. Elle arrivera sur Paris au moment du d\u00e9but des n\u00e9gociations sur l\u2019assurance ch\u00f4mage et juste avant la Conf\u00e9rence sociale. Elle se d\u00e9roulera alors que certaines des dispositions de l\u2019ANI du 11 janvier commenceront \u00e0 \u00eatre transpos\u00e9es dans les lois et r\u00e8glements et discut\u00e9es dans diverses n\u00e9gociations interprofessionnelles (dont la Convention Un\u00e9dic).<\/span><\/h3>\n<p>&nbsp;<\/p>\n<h3 style=\"text-align: justify; text-indent: 35.4pt;\"><span style=\"font-family: Arial; font-size: 12pt;\">Nous demandons dans ce cadre \u00e0 \u00eatre re\u00e7us par le Premier ministre, M. Jean-Marc Ayrault\u00a0; \u00e0 participer \u00e0 la Conf\u00e9rence sociale et \u00e0 \u00eatre entendus dans les n\u00e9gociations interprofessionnelles \u00e0 venir.<\/span><\/h3>\n<p>&nbsp;<\/p>\n<h3 style=\"text-align: justify; text-indent: 35.4pt;\"><span style=\"font-family: Arial; font-size: 12pt;\">La premi\u00e8re \u00e9tape de la Marche se d\u00e9roulera \u00e0 La R\u00e9union o\u00f9 le ch\u00f4mage est encore plus \u00e9lev\u00e9 qu\u2019en m\u00e9tropole. Nos amis r\u00e9unionnais seront accueillis \u00e0 Montpellier. Ils transmettront le flambeau de la marche. Celle-ci ira ensuite \u00e0 Toulouse puis Clermont- Ferrand, Montlu\u00e7on, Tours, Blois\u2026 D\u2019autres parcours seront mis en place \u00e0 partir de la Bretagne, d\u2019Alsace et du Nord\u2026<\/span><\/h3>\n<p>&nbsp;<\/p>\n<p style=\"text-align: justify; text-indent: 35.4pt;\"><span style=\"color: #0000ff;\"><strong><em> <span style=\"font-family: Arial; font-size: 12pt;\">23 avril 2013<\/span> <\/em><\/strong><\/span><\/p>\n<p>&nbsp;<\/p>\n<p><span style=\"font-family: Arial; font-size: 12pt;\">\u00a0<\/span><\/p>\n<p>&nbsp;<\/p>\n<p style=\"text-align: center;\"><strong><span style=\"font-size: 14pt; font-family: Arial;\">MNCP, AC\u00a0!, APEIS, DAL, SNU-PE\/FSU, Sud-PE\/Solidaires<\/span><\/strong><\/p>\n<p>&nbsp;<\/p>\n<p style=\"text-align: center;\"><span style=\"font-size: 14.0pt; font-family: Arial;\">\u00a0<\/span><\/p>\n<p>&nbsp;<\/p>\n<p style=\"text-align: center;\"><em style=\"mso-bidi-font-style: normal;\"><span style=\"font-size: 14.0pt; font-family: Arial;\">Rejoignez-nous\u00a0: <a href=\"mailto:marcheschomeurs2013@gmail.com\">marcheschomeurs2013@gmail.com<\/a>\u00a0!<\/span><\/em><\/p>\n<p>&nbsp;<\/p>\n<p>&nbsp;<\/p>\n<p style=\"text-align: center;\"><span style=\"text-decoration: underline;\"><span style=\"font-size: 12pt;\"><strong>Tract<\/strong><\/span><\/span><\/p>\n<p>&nbsp;<\/p>\n<p style=\"text-align: center;\"><strong style=\"mso-bidi-font-weight: normal;\"><span style=\"font-size: 14.0pt; mso-bidi-font-family: Arial;\">15 juin 2013 \u2013 6 juillet 2013<\/span><\/strong><span style=\"font-size: 14.0pt; mso-bidi-font-family: Arial;\">\u00a0<\/span><\/p>\n<p>&nbsp;<\/p>\n<p style=\"text-align: center;\"><strong style=\"mso-bidi-font-weight: normal;\"><span style=\"font-size: 14.0pt; mso-bidi-font-family: Arial;\">Nous, ch\u00f4meurs, ch\u00f4meuses et pr\u00e9caires,<\/span><\/strong><\/p>\n<p>&nbsp;<\/p>\n<p style=\"text-align: center;\"><strong style=\"mso-bidi-font-weight: normal;\"><span style=\"font-size: 14.0pt; mso-bidi-font-family: Arial;\">En Marche sur Paris pour nos droits<\/span><\/strong><\/p>\n<p>&nbsp;<\/p>\n<p><span style=\"font-size: 12.0pt; mso-bidi-font-family: Arial;\">\u00a0<\/span><\/p>\n<p>&nbsp;<\/p>\n<h3 style=\"text-align: justify;\"><span style=\"font-size: 12.0pt; mso-bidi-font-family: Arial;\">Nous, ch\u00f4meurs, ch\u00f4meuses et pr\u00e9caires, proposons des mesures d\u2019urgence que le gouvernement a, jusqu\u2019\u00e0 ce jour, refus\u00e9es de discuter.<\/span><\/h3>\n<p>&nbsp;<\/p>\n<h3 style=\"text-align: justify;\"><span style=\"font-size: 12.0pt; mso-bidi-font-family: Arial;\">Nous, ch\u00f4meurs, ch\u00f4meuses et pr\u00e9caires, pour qui les portes du \u00ab\u00a0dialogue social\u00a0\u00bb sont toujours ferm\u00e9es, souhaitons que nos propositions concernant P\u00f4le emploi et la n\u00e9gociation Un\u00e9dic soient entendues.<\/span><\/h3>\n<p>&nbsp;<\/p>\n<h3 style=\"text-align: justify;\"><span style=\"font-size: 12.0pt; mso-bidi-font-family: Arial;\">Nous, ch\u00f4meurs, ch\u00f4meuses en fin de droits \u00e0 l\u2019assurance ch\u00f4mage, demandons l\u2019indemnisation de toutes les formes de ch\u00f4mage<\/span><\/h3>\n<p>&nbsp;<\/p>\n<h3 style=\"text-align: justify;\"><span style=\"font-size: 12.0pt; mso-bidi-font-family: Arial;\">Nous, salari\u00e9s et salari\u00e9es des entreprises menac\u00e9es de fermeture nous voulons un autre avenir que l\u2019inscription au ch\u00f4mage tandis que dans les services publics la p\u00e9nurie d\u2019effectifs et de moyens remet en cause la qualit\u00e9 du service.<\/span><\/h3>\n<p>&nbsp;<\/p>\n<h3 style=\"text-align: justify;\"><span style=\"font-size: 12.0pt; mso-bidi-font-family: Arial;\">Nous, femmes en emploi pr\u00e9caire et CDD \u00e0 temps partiel, demandons que la pr\u00e9carit\u00e9 soit bannie de l\u2019univers du travail.<\/span><\/h3>\n<p>&nbsp;<\/p>\n<p>&nbsp;<\/p>\n<h3 style=\"text-align: justify;\"><span style=\"font-size: 12.0pt; mso-bidi-font-family: Arial;\">Nous, ch\u00f4meurs, ch\u00f4meuses sans-logis, mal-log\u00e9s\/es, exigeons l\u2019arr\u00eat des expulsions, la baisse des loyers et le respect de nos droits.<\/span><\/h3>\n<p>&nbsp;<\/p>\n<h3 style=\"text-align: justify;\"><span style=\"font-size: 12.0pt; mso-bidi-font-family: Arial;\">Nous, immigr\u00e9s\/es sans-papiers, demandons la r\u00e9gularisation pour vivre et travailler dignement en France<\/span><\/h3>\n<p>&nbsp;<\/p>\n<h3 style=\"text-align: justify;\"><span style=\"font-size: 12.0pt; mso-bidi-font-family: Arial;\">Nous, ch\u00f4meurs, ch\u00f4meuses et pr\u00e9caires, \u00e9tudiants, \u00e9tudiantes ne pouvons attendre ind\u00e9finiment \u00ab\u00a0l\u2019inversion de la courbe du ch\u00f4mage\u00a0\u00bb tandis que nous vivons avec des revenus en dessous du seuil de pauvret\u00e9.<\/span><\/h3>\n<p>&nbsp;<\/p>\n<h3 style=\"text-align: justify;\"><span style=\"font-size: 12.0pt; mso-bidi-font-family: Arial;\">Nous, ch\u00f4meurs et salari\u00e9s solidaires, r\u00e9clamons le respect du droit au travail pour toutes et tous, notamment par la r\u00e9duction du temps de travail \u00e0 32 heures.<\/span><\/h3>\n<p>&nbsp;<\/p>\n<h3 style=\"text-align: justify;\"><span style=\"font-size: 12.0pt; mso-bidi-font-family: Arial;\">Nous, salari\u00e9s\/es et retrait\u00e9s\/es, refusons que le gouvernement fasse payer le ch\u00f4mage \u00e0 l\u2019ensemble de la soci\u00e9t\u00e9 par une politique d\u2019aust\u00e9rit\u00e9 tandis qu\u2019une minorit\u00e9 profite des paradis fiscaux et s\u2019enrichit sans retenue.<\/span><\/h3>\n<p>&nbsp;<\/p>\n<h3 style=\"text-align: justify;\"><span style=\"font-size: 12.0pt; mso-bidi-font-family: Arial;\">Nous, ch\u00f4meurs, ch\u00f4meuses et pr\u00e9caires, ensemble, avec le soutien des salari\u00e9s\/es solidaires, parce que nous refusons la fatalit\u00e9 du ch\u00f4mage, nous marcherons sur Paris pour que le Premier ministre ouvre le dialogue et r\u00e9ponde \u00e0 nos propositions.<\/span><\/h3>\n<p>&nbsp;<\/p>\n<p>&nbsp;<\/p>\n<p style=\"text-align: center;\"><span style=\"color: #808000;\"> <strong style=\"mso-bidi-font-weight: normal;\"><span style=\"font-size: 12pt;\">Nous, ch\u00f4meurs, ch\u00f4meuses et pr\u00e9caires,<\/span><\/strong> <\/span><\/p>\n<p>&nbsp;<\/p>\n<p style=\"text-align: center;\"><span style=\"color: #808000;\"> <strong style=\"mso-bidi-font-weight: normal;\"><span style=\"font-size: 12pt;\">nous ne voulons pas la courbe du ch\u00f4mage invers\u00e9e mais le ch\u00f4mage supprim\u00e9\u00a0!<\/span><\/strong> <\/span><\/p>\n<p>&nbsp;<\/p>\n<p style=\"text-align: center;\"><span style=\"color: #008000;\"> <strong style=\"mso-bidi-font-weight: normal;\"><span style=\"font-size: 12pt;\">Rejoignez-nous\u00a0!<\/span><\/strong> <\/span><\/p>\n<p>&nbsp;<\/p>\n<p style=\"text-align: center;\"><strong style=\"mso-bidi-font-weight: normal;\"><span style=\"font-size: 12.0pt; mso-bidi-font-family: Arial;\">\u00a0<\/span><\/strong><\/p>\n<p>&nbsp;<\/p>\n<p style=\"text-align: center;\"><em><strong><span style=\"font-size: 12pt; color: #0000ff;\"> A l\u2019appel de\u00a0: MNCP, AC, APEIS, DAL, SNU-PE\/FSU, SUD-PE\/Solidaires <\/span><\/strong><\/em><\/p>\n<p>&nbsp;<\/p>\n<p>&nbsp;<\/p>\n<h2 style=\"margin-left: 36.0pt; text-align: center;\"><span style=\"color: #808000;\"> Plate <strong><span style=\"font-size: 14pt;\">forme revendicative<\/span><\/strong> <\/span><\/h2>\n<p>&nbsp;<\/p>\n<p style=\"margin-left: 36.0pt; text-align: center;\"><span style=\"color: #808000;\"> <strong><span style=\"font-size: 14pt;\">Marche des ch\u00f4meurs et pr\u00e9caires sur Paris<\/span><\/strong> <\/span><\/p>\n<p>&nbsp;<\/p>\n<p style=\"margin-left: 36.0pt; text-align: center;\"><span style=\"color: #808000;\"> <strong><span style=\"font-size: 14pt;\">Juin 2013<\/span><\/strong> <\/span><\/p>\n<p>&nbsp;<\/p>\n<p style=\"margin-left: 36.0pt; text-align: justify;\"><span style=\"font-size: 13.0pt; mso-bidi-font-family: Arial;\">\u00a0<\/span><\/p>\n<p>&nbsp;<\/p>\n<p style=\"margin-left: 36.0pt; text-align: justify;\"><strong><span style=\"font-size: 13.0pt; mso-bidi-font-family: Arial;\">PLAN D&rsquo;URGENCE POUR LES CH\u00d4MEURS ET PRECAIRES:<\/span><\/strong><\/p>\n<p>&nbsp;<\/p>\n<p style=\"text-align: justify;\"><strong><span style=\"font-size: 13.0pt; mso-bidi-font-family: Arial;\">\u00a0<\/span><\/strong><\/p>\n<p>&nbsp;<\/p>\n<p style=\"margin-left: 36pt; text-indent: -18pt; text-align: justify;\"><span style=\"font-size: 13.0pt; font-family: Symbol; mso-fareast-font-family: Symbol; mso-bidi-font-family: Symbol; mso-bidi-font-weight: bold;\"><span style=\"mso-list: Ignore;\">\u00b7<span style=\"font: 7.0pt 'Times New Roman';\">\u00a0<\/span><\/span><\/span> <strong><span style=\"font-size: 13.0pt; mso-bidi-font-family: Arial;\">Mise en place d&rsquo;un \u00ab\u00a0fonds social d&rsquo;urgence\u00a0\u00bb pour faire face aux d\u00e9penses vitales imm\u00e9diates (se nourrir, se loger\u2026)<\/span><\/strong><\/p>\n<p style=\"margin-left: 36pt; text-indent: -18pt; text-align: justify;\"><span style=\"font-size: 13.0pt; font-family: Symbol; mso-fareast-font-family: Symbol; mso-bidi-font-family: Symbol; mso-bidi-font-weight: bold;\"><span style=\"mso-list: Ignore;\">\u00b7<span style=\"font: 7.0pt 'Times New Roman';\">\u00a0\u00a0\u00a0\u00a0\u00a0\u00a0\u00a0<\/span><\/span><\/span> <strong><span style=\"font-size: 13.0pt; mso-bidi-font-family: Arial;\">Arr\u00eat des radiations et moratoire sur les indus<\/span><\/strong><\/p>\n<p style=\"margin-left: 36pt; text-indent: -18pt; text-align: justify;\"><span style=\"font-size: 13.0pt; font-family: Symbol; mso-fareast-font-family: Symbol; mso-bidi-font-family: Symbol; mso-bidi-font-weight: bold;\"><span style=\"mso-list: Ignore;\">\u00b7<span style=\"font: 7.0pt 'Times New Roman';\">\u00a0\u00a0\u00a0\u00a0\u00a0\u00a0\u00a0<\/span><\/span><\/span> <strong><span style=\"font-size: 13.0pt; mso-bidi-font-family: Arial;\">D\u00e9clenchement automatique d\u2019une allocation de solidarit\u00e9 (ASS ou RSA) pour tous les fins de droits.<\/span><\/strong><\/p>\n<p style=\"margin-left: 36pt; text-indent: -18pt; text-align: justify;\"><span style=\"font-size: 13.0pt; font-family: Symbol; mso-fareast-font-family: Symbol; mso-bidi-font-family: Symbol; mso-bidi-font-weight: bold;\"><span style=\"mso-list: Ignore;\">\u00b7<span style=\"font: 7.0pt 'Times New Roman';\">\u00a0<\/span><\/span><\/span> <strong><span style=\"font-size: 13.0pt; mso-bidi-font-family: Arial;\">R\u00e9tablissement de l&rsquo;Allocation \u00c9quivalent Retraite (AER) dans son int\u00e9gralit\u00e9.<\/span><\/strong><\/p>\n<p style=\"margin-left: 36pt; text-indent: -18pt; text-align: justify;\"><span style=\"font-size: 13.0pt; font-family: Symbol; mso-fareast-font-family: Symbol; mso-bidi-font-family: Symbol; mso-bidi-font-weight: bold;\"><span style=\"mso-list: Ignore;\">\u00b7<span style=\"font: 7.0pt 'Times New Roman';\">\u00a0\u00a0\u00a0\u00a0\u00a0\u00a0<\/span><\/span><\/span> <strong><span style=\"font-size: 13.0pt; mso-bidi-font-family: Arial;\">Mise en place d\u2019un revenu pour les jeunes sans emploi d\u00e8s la sortie du syst\u00e8me scolaire<\/span><\/strong><\/p>\n<p style=\"margin-left: 36pt; text-indent: -18pt; text-align: justify;\"><span style=\"font-size: 13.0pt; font-family: Symbol; mso-fareast-font-family: Symbol; mso-bidi-font-family: Symbol; mso-bidi-font-weight: bold;\"><span style=\"mso-list: Ignore;\">\u00b7<span style=\"font: 7.0pt 'Times New Roman';\">\u00a0\u00a0\u00a0<\/span><\/span><\/span> <strong><span style=\"font-size: 13.0pt; mso-bidi-font-family: Arial;\">Augmentation substantielle des minima afin qu\u2019aucun revenu ne soit inf\u00e9rieur au seuil de pauvret\u00e9.<\/span><\/strong><\/p>\n<p style=\"margin-left: 36pt; text-indent: -18pt; text-align: justify;\"><span class=\"Policepardfaut1\"><span style=\"font-size: 13.0pt; font-family: Symbol; mso-fareast-font-family: Symbol; mso-bidi-font-family: Symbol; color: black; mso-bidi-font-weight: bold;\"><span style=\"mso-list: Ignore;\">\u00b7<span style=\"font: 7.0pt 'Times New Roman';\">\u00a0\u00a0\u00a0\u00a0<\/span><\/span><\/span><\/span> <span class=\"Policepardfaut1\"><strong><span style=\"font-size: 13.0pt; mso-bidi-font-family: Arial;\">R<span style=\"color: black; background: white;\">\u00e9tablissement de la Dispense de Recherche d\u2019Emploi (DRE) pour les ch\u00f4meurs \u00e2g\u00e9s.<\/span><\/span><\/strong><\/span><\/p>\n<p style=\"margin-left: 36pt; text-indent: -18pt; text-align: justify;\"><span class=\"Policepardfaut1\"><span style=\"font-size: 13.0pt; font-family: Symbol; mso-fareast-font-family: Symbol; mso-bidi-font-family: Symbol; color: black; mso-bidi-font-weight: bold;\"><span style=\"mso-list: Ignore;\">\u00b7<span style=\"font: 7.0pt 'Times New Roman';\">\u00a0\u00a0\u00a0\u00a0<\/span><\/span><\/span><\/span> <span class=\"Policepardfaut1\"><strong><span style=\"font-size: 13.0pt; mso-bidi-font-family: Arial; color: black; background: white;\">Des mesures concernant le logement : l&rsquo;arr\u00eat des expulsions, la baisse des loyers, la construction de logements sociaux, l&rsquo;application des lois concernant l&rsquo;accueil inconditionnel, le DALO et la r\u00e9quisition de logements vides.<\/span><\/strong><\/span><\/p>\n<p style=\"margin-left: 36pt; text-indent: -18pt; text-align: justify;\"><span style=\"font-size: 13.0pt; mso-bidi-font-family: Arial;\">\u00a0<\/span><\/p>\n<p>&nbsp;<\/p>\n<p style=\"margin-left: 36.0pt; text-align: justify; text-indent: -18.0pt;\"><span class=\"Policepardfaut1\"><strong><span style=\"font-size: 13.0pt; mso-bidi-font-family: Arial; color: black; background: white;\"><span style=\"mso-spacerun: yes;\">\u00a0<\/span>A l&rsquo;ORDRE du JOUR de la CONFERENCE SOCIALE DE JUILLET<\/span><\/strong><\/span><\/p>\n<p>&nbsp;<\/p>\n<p style=\"margin-left: 36.0pt; text-align: justify; text-indent: -18.0pt;\"><span style=\"font-size: 13.0pt; mso-bidi-font-family: Arial;\">\u00a0<\/span><\/p>\n<p>&nbsp;<\/p>\n<p style=\"margin-left: 36.0pt; text-align: justify; text-indent: -18.0pt; mso-pagination: none; mso-list: l0 level1 lfo1; mso-hyphenate: none; tab-stops: list 36.0pt;\"><span class=\"Policepardfaut1\"><span style=\"font-size: 13.0pt; font-family: Symbol; mso-fareast-font-family: Symbol; mso-bidi-font-family: Symbol; color: black; mso-bidi-font-weight: bold;\"><span style=\"mso-list: Ignore;\">\u00b7<span style=\"font: 7.0pt 'Times New Roman';\">\u00a0\u00a0<\/span><\/span><\/span><\/span> <span class=\"Policepardfaut1\"><strong><span style=\"font-size: 13.0pt; mso-bidi-font-family: Arial; color: black; background: white;\">Participation effective des mouvements de ch\u00f4meurs et pr\u00e9caires aux travaux de la Conf\u00e9rence sociale et dans toutes les instances o\u00f9 se d\u00e9cide leur sort.<\/span><\/strong><\/span><\/p>\n<p>&nbsp;<\/p>\n<p style=\"margin-left: 36.0pt; text-align: justify; text-indent: -18.0pt; mso-pagination: none; mso-list: l0 level1 lfo1; mso-hyphenate: none; tab-stops: list 36.0pt;\"><span class=\"Policepardfaut1\"><span style=\"font-size: 13.0pt; font-family: Symbol; mso-fareast-font-family: Symbol; mso-bidi-font-family: Symbol; color: black; mso-bidi-font-weight: bold;\"><span style=\"mso-list: Ignore;\">\u00b7<span style=\"font: 7.0pt 'Times New Roman';\">\u00a0\u00a0\u00a0\u00a0\u00a0\u00a0<\/span><\/span><\/span><\/span> <span class=\"Policepardfaut1\"><strong><span style=\"font-size: 13.0pt; mso-bidi-font-family: Arial; color: black; background: white;\">Une conf\u00e9rence nationale pour refonder le plan strat\u00e9gique 2015 de P\u00f4le emploi devenu obsol\u00e8te pour faire face \u00e0 l&rsquo;augmentation massive du ch\u00f4mage : avec un accroissement substantiel des moyens mais aussi proposer des solutions aux ch\u00f4meurs en fin de droits.<\/span><\/strong><\/span><\/p>\n<p>&nbsp;<\/p>\n<p style=\"margin-left: 36.0pt; text-align: justify; text-indent: -18.0pt; mso-pagination: none; mso-list: l0 level1 lfo1; mso-hyphenate: none; tab-stops: list 36.0pt;\"><span class=\"Policepardfaut1\"><span style=\"font-size: 13.0pt; font-family: Symbol; mso-fareast-font-family: Symbol; mso-bidi-font-family: Symbol; color: black; mso-bidi-font-weight: bold;\"><span style=\"mso-list: Ignore;\">\u00b7<span style=\"font: 7.0pt 'Times New Roman';\">\u00a0\u00a0\u00a0<\/span><\/span><\/span><\/span> <span class=\"Policepardfaut1\"><strong><span style=\"font-size: 13.0pt; mso-bidi-font-family: Arial; color: black; background: white;\">Un syst\u00e8me unifi\u00e9 et universel d&rsquo;indemnisation de toutes les formes de ch\u00f4mage<\/span><\/strong><\/span><\/p>\n<p>&nbsp;<\/p>\n<p style=\"margin-left: 36.0pt; text-align: justify; text-indent: -18.0pt; mso-pagination: none; mso-list: l0 level1 lfo1; mso-hyphenate: none; tab-stops: list 36.0pt;\"><span class=\"Policepardfaut1\"><span style=\"font-size: 13.0pt; font-family: Symbol; mso-fareast-font-family: Symbol; mso-bidi-font-family: Symbol; color: black; mso-bidi-font-weight: bold;\"><span style=\"mso-list: Ignore;\">\u00b7<span style=\"font: 7.0pt 'Times New Roman';\">\u00a0\u00a0\u00a0\u00a0\u00a0\u00a0<\/span><\/span><\/span><\/span> <span class=\"Policepardfaut1\"><strong><span style=\"font-size: 13.0pt; mso-bidi-font-family: Arial; color: black; background: white;\">Une r\u00e9duction du temps de travail \u00e0 32h<\/span><\/strong><\/span><\/p>\n<p>&nbsp;<\/p>\n<p style=\"margin-left: 36.0pt; text-align: justify; text-indent: -18.0pt; mso-pagination: none; mso-list: l0 level1 lfo1; mso-hyphenate: none; tab-stops: list 36.0pt;\"><span class=\"Policepardfaut1\"><span style=\"font-size: 13.0pt; font-family: Symbol; mso-fareast-font-family: Symbol; mso-bidi-font-family: Symbol; color: black; mso-bidi-font-weight: bold;\"><span style=\"mso-list: Ignore;\">\u00b7<span style=\"font: 7.0pt 'Times New Roman';\">\u00a0\u00a0\u00a0\u00a0\u00a0\u00a0\u00a0<\/span><\/span><\/span><\/span> <span class=\"Policepardfaut1\"><strong><span style=\"font-size: 13.0pt; mso-bidi-font-family: Arial; color: black; background: white;\">Acc\u00e8s \u00e0 des formations choisies, qualifiantes et r\u00e9mun\u00e9r\u00e9es.<\/span><\/strong><\/span><\/p>\n<p>&nbsp;<\/p>\n<p style=\"margin-left: 36.0pt; text-align: justify; text-indent: -18.0pt; mso-pagination: none; mso-list: l0 level1 lfo1; mso-hyphenate: none; tab-stops: list 36.0pt;\"><span style=\"font-size: 13.0pt; font-family: Symbol; mso-fareast-font-family: Symbol; mso-bidi-font-family: Symbol; color: black; mso-bidi-font-weight: bold;\"><span style=\"mso-list: Ignore;\">\u00b7<span style=\"font: 7.0pt 'Times New Roman';\">\u00a0\u00a0<\/span><\/span><\/span> <span class=\"Policepardfaut1\"><strong><span style=\"font-size: 13.0pt; mso-bidi-font-family: Arial; color: black; background: white;\">Abrogation des lois 2005 et 2008 et une nouvelle loi sur les droits des ch\u00f4meurs.<\/span><\/strong><\/span><\/p>\n<gcse:search><\/gcse:search>","protected":false},"excerpt":{"rendered":"<p>&nbsp; Appel \u00e0 soutien Ch\u00f4meurs et pr\u00e9caires, en marche pour nos droits\u00a0! \u00a0JUIN 2013 En 1933 eurent lieu les premi\u00e8res grandes marches de ch\u00f4meurs face \u00e0 la crise qui s\u00e9vissait en France et dans toute l\u2019Europe. Ils furent arr\u00eat\u00e9s par l\u2019arm\u00e9e \u00e0 l\u2019entr\u00e9e de Paris\u2026 Cette grave crise \u00e9conomique et sociale a d\u00e9bouch\u00e9 sur la [&hellip;]<\/p>\n","protected":false},"author":1,"featured_media":0,"comment_status":"open","ping_status":"closed","sticky":false,"template":"","format":"standard","meta":{"footnotes":""},"categories":[193,295],"tags":[103,117,50,400,23,20,140],"class_list":["post-8565","post","type-post","status-publish","format-standard","hentry","category-social","category-travail-2","tag-demarche-citoyenne","tag-democratie","tag-discriminations","tag-feminisme","tag-luttes","tag-manifestations","tag-travail"],"_links":{"self":[{"href":"https:\/\/alternatifs81.fr\/index.php?rest_route=\/wp\/v2\/posts\/8565","targetHints":{"allow":["GET"]}}],"collection":[{"href":"https:\/\/alternatifs81.fr\/index.php?rest_route=\/wp\/v2\/posts"}],"about":[{"href":"https:\/\/alternatifs81.fr\/index.php?rest_route=\/wp\/v2\/types\/post"}],"author":[{"embeddable":true,"href":"https:\/\/alternatifs81.fr\/index.php?rest_route=\/wp\/v2\/users\/1"}],"replies":[{"embeddable":true,"href":"https:\/\/alternatifs81.fr\/index.php?rest_route=%2Fwp%2Fv2%2Fcomments&post=8565"}],"version-history":[{"count":0,"href":"https:\/\/alternatifs81.fr\/index.php?rest_route=\/wp\/v2\/posts\/8565\/revisions"}],"wp:attachment":[{"href":"https:\/\/alternatifs81.fr\/index.php?rest_route=%2Fwp%2Fv2%2Fmedia&parent=8565"}],"wp:term":[{"taxonomy":"category","embeddable":true,"href":"https:\/\/alternatifs81.fr\/index.php?rest_route=%2Fwp%2Fv2%2Fcategories&post=8565"},{"taxonomy":"post_tag","embeddable":true,"href":"https:\/\/alternatifs81.fr\/index.php?rest_route=%2Fwp%2Fv2%2Ftags&post=8565"}],"curies":[{"name":"wp","href":"https:\/\/api.w.org\/{rel}","templated":true}]}}