{"id":8503,"date":"2013-05-10T13:15:47","date_gmt":"2013-05-10T12:15:47","guid":{"rendered":"http:\/\/alternatifs81.fr\/?p=8503"},"modified":"2013-06-11T10:53:52","modified_gmt":"2013-06-11T09:53:52","slug":"appel-pour-la-2e-foire-a-lautogestion-8-et-9-juin-2013","status":"publish","type":"post","link":"https:\/\/alternatifs81.fr\/?p=8503","title":{"rendered":"Appel pour la 2e Foire \u00e0 l\u2019autogestion, 8 et 9 juin 2013"},"content":{"rendered":"<div class=\"divTitreArticle\">\n<h3 style=\"text-align: justify;\"><span style=\"color: #808000;\"><em>L<\/em><em>a 1\u00e8re Foire \u00e0 l&rsquo;Autogestion de TOULOUSE vient de se terminer. <\/em><\/span><br \/>\n<span style=\"color: #808000;\"><em>Celle, plus lointaine pour nous tarnais-es, de MONTREUIL se pr\u00e9pare activement (voir les affiches de Mathieu COLLOGHAN que nous publions par ailleurs ! <span style=\"color: #008000;\">Plus pr\u00e8s de nous, le Forum Social Tarnais se d\u00e9roulera les 25 et 26 mai \u00e0 GRAULHET, (avec un \u00ab\u00a0d\u00e9marrage\u00a0\u00bb le 24 mai \u00e0 CASTRES autour de Solidarit\u00e9 Ch\u00f4mage Tarn . Nous en reparlerons tr\u00e8s prochainement sur ce blog .<\/span><\/em><span style=\"color: #008000;\"> .\u00a0<\/span><\/span><\/h3>\n<\/div>\n<div class=\"contenuArticle\">\n<div class=\"cartouche\" style=\"font: \/normal 'Times New Roman'; color: #000000; text-transform: none; text-indent: 0px; letter-spacing: normal; word-spacing: 0px; white-space: normal;\">\n<h1 class=\"h1\" style=\"text-align: justify;\"><img loading=\"lazy\" decoding=\"async\" class=\"GcheTexte\" alt=\"\" src=\"http:\/\/3.bp.blogspot.com\/-YYCzpRsLxag\/UYzMZGJx3wI\/AAAAAAAABIo\/qi5tghCNj10\/s400\/siteon0-e5814.png\" width=\"400\" height=\"96\" border=\"0\" \/><span style=\"font-family: Arial,Helvetica,sans-serif; font-size: 12pt;\">La crise que nous traversons est loin d\u2019\u00eatre finie. Il s\u2019agit non seulement d\u2019une crise \u00e9conomique mais aussi d\u2019une crise politique. Le capitalisme d\u00e9sagr\u00e8ge les soci\u00e9t\u00e9s et pr\u00e9cipite la plan\u00e8te dans une catastrophe \u00e9cologique. Les Etats organisent ce syst\u00e8me pr\u00e9dateur.<\/span><\/h1>\n<div class=\"surlignable\">\n<div class=\"texte\">\n<h3><span style=\"font-family: Arial, Helvetica, sans-serif;\">Pour nous, l\u2019autogestion est un outil pour une alternative sociale, \u00e9conomique et politique. N\u2019attendons pas que les r\u00e9ponses tombent d\u2019en haut, mais remettons en question notre mani\u00e8re de produire et construisons des r\u00e9seaux de solidarit\u00e9 concr\u00e8te, afin de reprendre nos vies en main.\u00a0<!--more--><\/span><\/h3>\n<h3 style=\"text-align: justify;\"><a id=\"more\" name=\"more\"><\/a><span style=\"font-family: Arial, Helvetica, sans-serif;\">En juin 2012, l\u2019autogestion a \u00e9t\u00e9 au c\u0153ur d\u2019un \u00e9v\u00e9nement festif et populaire, la Foire \u00e0 l\u2019autogestion. Une soixantaine de structures coop\u00e9ratives, politiques, syndicales et associatives y ont particip\u00e9, attirant 1 300 visiteurs \u00e0 Paris et \u00e0 Montreuil.<\/span><\/h3>\n<h3 style=\"text-align: justify;\"><span style=\"font-family: Arial, Helvetica, sans-serif;\">Et si, cette ann\u00e9e, on \u00e9largissait tous azimuts\u00a0? Nous proposons aux autogestionnaires de tout l\u2019Hexagone \u2013 et en particulier aux groupes locaux des structures adh\u00e9rentes \u00e0 la Foire \u2013 de s\u2019appuyer sur la Foire 2013 pour contribuer \u00e0 faire revivre cette grande id\u00e9e dans le d\u00e9bat public. Cela peut consister en l\u2019organisation d\u2019une conf\u00e9rence, d\u2019une projection-d\u00e9bat ou de tout \u00e9v\u00e9nement local qui mette en avant l\u2019autogestion.\u00a0<\/span><\/h3>\n<h3 style=\"text-align: justify;\"><span style=\"font-family: Arial, Helvetica, sans-serif;\">Le site web <a class=\"spip_url spip_out auto\" href=\"http:\/\/www.foire-autogestion.org\/\" target=\"_blank\" rel=\"nofollow\">www.foire-autogestion.org<\/a> informera de toutes les initiatives qui voudront s\u2019inscrire dans ce cadre.<\/span><\/h3>\n<h3 style=\"text-align: justify;\"><span style=\"font-family: Arial, Helvetica, sans-serif;\">Pour sa 2e \u00e9dition, la Foire \u00e0 l\u2019autogestion des 8 et 9 juin reviendra sur les questions de la reprise en mains de la production, mais aussi sur l\u2019auto-organisation des luttes et le r\u00f4le d\u2019un syndicalisme autogestionnaire. Dans le m\u00eame temps, elle s\u2019efforcera de faire davantage de place aux th\u00e9matiques f\u00e9ministes et d\u2019habitat. Autour des grands forums de d\u00e9bat, nous visons davantage d\u2019ateliers pratiques, techniques et manuels, car la Foire \u00e0 l\u2019autogestion ne doit pas \u00eatre qu\u2019un lieu de parlottes\u00a0! Davantage de culture et de d\u00e9tente \u00e9galement, avec un aspect plus festif. Et, comme l\u2019an dernier, des stands, un espace radio, un cycle de projection vid\u00e9o, un concert, une librairie, un espace enfants\u2026<\/span><\/h3>\n<h3 style=\"text-align: justify;\"><span style=\"font-family: Arial, Helvetica, sans-serif;\">Tout cela d\u00e9pendra de l\u2019implication des militants et des organisations autogestionnaires car, comme l\u2019an pass\u00e9, l\u2019\u00e9v\u00e9nement reposera exclusivement sur le b\u00e9n\u00e9volat et l\u2019autofinancement. Nous en appelons donc aux bonnes volont\u00e9s. <\/span><\/h3>\n<h3 style=\"text-align: justify;\"><span style=\"font-family: Arial,Helvetica,sans-serif; color: #008000;\">L\u2019autogestion sera joyeuse ou ne sera pas\u00a0! <\/span><\/h3>\n<\/div>\n<\/div>\n<\/div>\n<\/div>\n<gcse:search><\/gcse:search>","protected":false},"excerpt":{"rendered":"<p>La 1\u00e8re Foire \u00e0 l&rsquo;Autogestion de TOULOUSE vient de se terminer. Celle, plus lointaine pour nous tarnais-es, de MONTREUIL se pr\u00e9pare activement (voir les affiches de Mathieu COLLOGHAN que nous publions par ailleurs ! Plus pr\u00e8s de nous, le Forum Social Tarnais se d\u00e9roulera les 25 et 26 mai \u00e0 GRAULHET, (avec un \u00ab\u00a0d\u00e9marrage\u00a0\u00bb le [&hellip;]<\/p>\n","protected":false},"author":1,"featured_media":0,"comment_status":"open","ping_status":"closed","sticky":false,"template":"","format":"standard","meta":{"footnotes":""},"categories":[15,6,123],"tags":[34,43,398,117],"class_list":["post-8503","post","type-post","status-publish","format-standard","hentry","category-autogestion","category-notre-projet","category-rouge-et-vert","tag-alternatifs","tag-appel","tag-autogestion","tag-democratie"],"_links":{"self":[{"href":"https:\/\/alternatifs81.fr\/index.php?rest_route=\/wp\/v2\/posts\/8503","targetHints":{"allow":["GET"]}}],"collection":[{"href":"https:\/\/alternatifs81.fr\/index.php?rest_route=\/wp\/v2\/posts"}],"about":[{"href":"https:\/\/alternatifs81.fr\/index.php?rest_route=\/wp\/v2\/types\/post"}],"author":[{"embeddable":true,"href":"https:\/\/alternatifs81.fr\/index.php?rest_route=\/wp\/v2\/users\/1"}],"replies":[{"embeddable":true,"href":"https:\/\/alternatifs81.fr\/index.php?rest_route=%2Fwp%2Fv2%2Fcomments&post=8503"}],"version-history":[{"count":0,"href":"https:\/\/alternatifs81.fr\/index.php?rest_route=\/wp\/v2\/posts\/8503\/revisions"}],"wp:attachment":[{"href":"https:\/\/alternatifs81.fr\/index.php?rest_route=%2Fwp%2Fv2%2Fmedia&parent=8503"}],"wp:term":[{"taxonomy":"category","embeddable":true,"href":"https:\/\/alternatifs81.fr\/index.php?rest_route=%2Fwp%2Fv2%2Fcategories&post=8503"},{"taxonomy":"post_tag","embeddable":true,"href":"https:\/\/alternatifs81.fr\/index.php?rest_route=%2Fwp%2Fv2%2Ftags&post=8503"}],"curies":[{"name":"wp","href":"https:\/\/api.w.org\/{rel}","templated":true}]}}