{"id":8470,"date":"2013-05-07T08:44:04","date_gmt":"2013-05-07T07:44:04","guid":{"rendered":"http:\/\/alternatifs81.fr\/?p=8470"},"modified":"2013-05-12T13:47:36","modified_gmt":"2013-05-12T12:47:36","slug":"droit-dasile-veillons-a-sa-reforme-cercle-du-silence-samedi-11-mai-2013-a-mazamet","status":"publish","type":"post","link":"https:\/\/alternatifs81.fr\/?p=8470","title":{"rendered":"DROIT d\u2019ASILE : VEILLONS \u00e0 sa REFORME Cercle du Silence   samedi 11 mai 2013 \u00e0  Mazamet"},"content":{"rendered":"<p>&nbsp;<\/p>\n<p style=\"font-size: 14.0pt; line-height: 115%;\">\n<h3 class=\"MsoNormal\" style=\"text-align: justify;\"><span style=\"font-size: 14.0pt; line-height: 115%;\"><img loading=\"lazy\" decoding=\"async\" class=\"alignleft  wp-image-7447\" style=\"margin: 11px;\" alt=\"Cercle-Silence-300x292\" src=\"http:\/\/alternatifs81.fr\/wp-content\/uploads\/Cercle-Silence-300x2922.png\" width=\"240\" height=\"234\" \/>Un accord est intervenu le 26 avril 2013 au sein de la Commission Europ\u00e9enne sur un droit d\u2019asile respectant des normes communes: accueil, traitement des demandes et garantie des droits quel que soit le pays d\u2019entr\u00e9e.<\/span><\/h3>\n<h3 class=\"MsoNormal\" style=\"text-align: justify;\"><span style=\"font-size: 14.0pt; line-height: 115%;\">La France a d\u00e9sormais 2 ans pour les transposer alors que son syst\u00e8me est \u00e0 bout de souffle:<\/span><\/h3>\n<h3 class=\"MsoNormal\" style=\"text-align: justify;\"><span style=\"font-size: 14.0pt; line-height: 115%;\"><span style=\"mso-tab-count: 1;\">\u00a0\u00a0\u00a0\u00a0\u00a0\u00a0\u00a0\u00a0\u00a0\u00a0\u00a0 <\/span>&#8211; comment augmenter les capacit\u00e9s d\u2019accueil des CADA (Centres d\u2019h\u00e9bergement des demandeurs d\u2019asile) qui ne sont propos\u00e9s qu\u2019\u00e0 30% des demandeurs? <\/span><\/h3>\n<h3 class=\"MsoNormal\" style=\"text-align: justify;\"><span style=\"font-size: 14.0pt; line-height: 115%;\"><span style=\"mso-tab-count: 1;\">\u00a0\u00a0\u00a0\u00a0\u00a0\u00a0\u00a0\u00a0\u00a0\u00a0\u00a0 <\/span>&#8211; comment r\u00e9duire les d\u00e9lais d\u2019examen des 60000 demandes qui sont de 16 mois en moyenne sans rogner les droits des personnes concern\u00e9es?<!--more--><\/span><\/h3>\n<h3 class=\"MsoNormal\" style=\"text-align: justify;\"><span style=\"font-size: 14.0pt; line-height: 115%;\"><span style=\"mso-tab-count: 1;\">\u00a0\u00a0\u00a0\u00a0\u00a0\u00a0\u00a0\u00a0\u00a0\u00a0\u00a0 <\/span>&#8211; comment s\u2019assurer qu\u2019il n\u2019y aura pas plus de d\u00e9bout\u00e9s par le biais d\u2019une r\u00e9vision de la liste des pays dits \u00ab\u00a0s\u00fbrs\u00a0\u00bb?<\/span><\/h3>\n<h3 class=\"MsoNormal\" style=\"text-align: justify;\"><span style=\"font-size: 14.0pt; line-height: 115%;\">Autant et beaucoup d\u2019autres questions sur lesquelles les associations et les \u00e9lus<!--more--> locaux devront \u00eatre vigilants \u00e0 l\u2019occasion de la consultation nationale que va prochainement lancer le Ministre de l\u2019Int\u00e9rieur.<\/span><\/h3>\n<h3 class=\"MsoNormal\" style=\"text-align: justify;\"><span style=\"font-size: 14.0pt; line-height: 115%;\">N\u2019h\u00e9sitons pas \u00e0 \u00e9veiller leur attention par les moyens dont chacun de nous dispose.<\/span><\/h3>\n<h3 class=\"MsoNormal\" style=\"text-align: justify;\"><b><span style=\"font-size: 14.0pt; line-height: 115%;\"><span style=\"color: #808000;\">Prochain Cercle de Silence<span style=\"color: #008000;\"><em> samedi 11 mai 2013<\/em> <\/span><\/span><\/span><\/b><\/h3>\n<h3 class=\"MsoNormal\" style=\"text-align: justify;\"><span style=\"color: #0000ff;\"><b><span style=\"font-size: 14pt; line-height: 115%;\">Pendant le march\u00e9<\/span><\/b><\/span><\/h3>\n<h3 class=\"MsoNormal\" style=\"text-align: justify;\"><span style=\"color: #0000ff;\"><b><span style=\"font-size: 14pt; line-height: 115%;\">\u00a0et tous les les 2\u00e8mes samedis<\/span><\/b><span style=\"font-size: 14pt; line-height: 115%;\"> du mois de <b>10h30 \u00e0 11h30<\/b><\/span><\/span><\/h3>\n<h3 class=\"MsoNormal\" style=\"text-align: justify;\"><span style=\"font-size: 14pt; line-height: 115%; color: #0000ff;\">Quai de l\u2019Arnette, devant la Mairie 81200 Mazamet<\/span><\/h3>\n<gcse:search><\/gcse:search>","protected":false},"excerpt":{"rendered":"<p>&nbsp; Un accord est intervenu le 26 avril 2013 au sein de la Commission Europ\u00e9enne sur un droit d\u2019asile respectant des normes communes: accueil, traitement des demandes et garantie des droits quel que soit le pays d\u2019entr\u00e9e. La France a d\u00e9sormais 2 ans pour les transposer alors que son syst\u00e8me est \u00e0 bout de souffle: [&hellip;]<\/p>\n","protected":false},"author":1,"featured_media":0,"comment_status":"open","ping_status":"closed","sticky":false,"template":"","format":"standard","meta":{"footnotes":""},"categories":[217,173,193],"tags":[119,103,117,50,23],"class_list":["post-8470","post","type-post","status-publish","format-standard","hentry","category-libertes","category-no-pasaran","category-social","tag-cercle-du-silence","tag-demarche-citoyenne","tag-democratie","tag-discriminations","tag-luttes"],"_links":{"self":[{"href":"https:\/\/alternatifs81.fr\/index.php?rest_route=\/wp\/v2\/posts\/8470","targetHints":{"allow":["GET"]}}],"collection":[{"href":"https:\/\/alternatifs81.fr\/index.php?rest_route=\/wp\/v2\/posts"}],"about":[{"href":"https:\/\/alternatifs81.fr\/index.php?rest_route=\/wp\/v2\/types\/post"}],"author":[{"embeddable":true,"href":"https:\/\/alternatifs81.fr\/index.php?rest_route=\/wp\/v2\/users\/1"}],"replies":[{"embeddable":true,"href":"https:\/\/alternatifs81.fr\/index.php?rest_route=%2Fwp%2Fv2%2Fcomments&post=8470"}],"version-history":[{"count":0,"href":"https:\/\/alternatifs81.fr\/index.php?rest_route=\/wp\/v2\/posts\/8470\/revisions"}],"wp:attachment":[{"href":"https:\/\/alternatifs81.fr\/index.php?rest_route=%2Fwp%2Fv2%2Fmedia&parent=8470"}],"wp:term":[{"taxonomy":"category","embeddable":true,"href":"https:\/\/alternatifs81.fr\/index.php?rest_route=%2Fwp%2Fv2%2Fcategories&post=8470"},{"taxonomy":"post_tag","embeddable":true,"href":"https:\/\/alternatifs81.fr\/index.php?rest_route=%2Fwp%2Fv2%2Ftags&post=8470"}],"curies":[{"name":"wp","href":"https:\/\/api.w.org\/{rel}","templated":true}]}}