{"id":8456,"date":"2013-05-05T22:42:19","date_gmt":"2013-05-05T21:42:19","guid":{"rendered":"http:\/\/alternatifs81.fr\/?p=8456"},"modified":"2013-05-05T22:42:20","modified_gmt":"2013-05-05T21:42:20","slug":"face-a-la-crise-perpetuelle-un-autre-monde-est-possible","status":"publish","type":"post","link":"https:\/\/alternatifs81.fr\/?p=8456","title":{"rendered":"Face \u00e0 la crise perp\u00e9tuelle, un autre monde est possible"},"content":{"rendered":"<h1 class=\"titre-article\"><\/h1>\n<h3 class=\"sous-titre\"><span style=\"color: #808000;\"><em>Tract des Alternatifs-Is\u00e8re du 1er mai<\/em><\/span><\/h3>\n<h3 class=\"detail\"><\/h3>\n<p style=\"text-align: justify;\"><span style=\"color: #008000;\"><strong><img loading=\"lazy\" decoding=\"async\" class=\"alignleft  wp-image-7182\" style=\"margin: 12px;\" alt=\"stnazaire7mars111\" src=\"http:\/\/alternatifs81.fr\/wp-content\/uploads\/stnazaire7mars111.jpg\" width=\"224\" height=\"188\" \/>Augmentation du ch\u00f4mage et des in\u00e9galit\u00e9s<\/strong> <\/span><\/p>\n<h3 style=\"text-align: justify;\">Depuis des mois, le ch\u00f4mage en France progresse continuellement. Il est actuellement de 11%. Depuis sa cr\u00e9ation, en trois ans, le nombre de b\u00e9n\u00e9ficiaires du RSA a augment\u00e9 de 13%(1). La France compte 3,6 millions de mal-log\u00e9s(1). Les conditions de travail se d\u00e9gradent\u00a0: le nombre de victimes de maladies professionnels a beaucoup augment\u00e9\u00a0: entre 2005 et 2010, il est pass\u00e9 de 5 000 \u00e0 51 000(2). Les in\u00e9galit\u00e9s augmentent\u00a0: par exemple, entre 2008 et 2010, la tranche des m\u00e9nages des 10% plus pauvres a vu ses revenus baisser de 1,1%, alors que celle des 10% les plus riches a vu les siens augmenter de 4,3%(1).<\/h3>\n<h3 style=\"text-align: justify;\"><strong>O\u00f9 en sont les promesses de Hollande\u00a0?<\/strong> Le gouvernement ne s\u2019attaque aucunement \u00e0 ces maux. Il renonce \u00e0 la plupart de ses promesses \u00e9lectorales\u00a0: <img loading=\"lazy\" decoding=\"async\" class=\"puce\" style=\"height: 11px; width: 8px;\" alt=\"-\" src=\"http:\/\/alternatifs38.fr\/local\/cache-vignettes\/L8xH11\/puce-32883.gif\" width=\"8\" height=\"11\" \/>\u00a0loi sur l\u2019interdiction des licenciements pour les entre-prises faisant des profits\u00a0; <img loading=\"lazy\" decoding=\"async\" class=\"puce\" style=\"height: 11px; width: 8px;\" alt=\"-\" src=\"http:\/\/alternatifs38.fr\/local\/cache-vignettes\/L8xH11\/puce-32883.gif\" width=\"8\" height=\"11\" \/>\u00a0amnistie pour les militants syndicaux et associatifs\u00a0; <img loading=\"lazy\" decoding=\"async\" class=\"puce\" style=\"height: 11px; width: 8px;\" alt=\"-\" src=\"http:\/\/alternatifs38.fr\/local\/cache-vignettes\/L8xH11\/puce-32883.gif\" width=\"8\" height=\"11\" \/>\u00a0ren\u00e9gociation du trait\u00e9 europ\u00e9en\u00a0; <img loading=\"lazy\" decoding=\"async\" class=\"puce\" style=\"height: 11px; width: 8px;\" alt=\"-\" src=\"http:\/\/alternatifs38.fr\/local\/cache-vignettes\/L8xH11\/puce-32883.gif\" width=\"8\" height=\"11\" \/>\u00a0droit de vote et d\u2019\u00e9ligibilit\u00e9 des r\u00e9sidents \u00e9trangers aux \u00e9lections locales. \u00c0 la place, il fait voter la loi \u00ab\u00a0s\u00e9curit\u00e9 et<!--more--> emploi\u00a0\u00bb qui, par exemple permet aux entreprises \u00ab\u00a0en difficult\u00e9\u00a0\u00bb de baisser les salaires tout en augmentant le temps de travail. Les expulsions de logement continuent\u00a0!<br \/>\nComme Sarkozy, quand Hollande voyage en Alg\u00e9rie ou en Chine, il est accompagn\u00e9 par une panoplie de patrons. Il n\u2019est alors question que d\u2019affaires commerciales, jamais de l\u2019uniformisation par le haut des conditions sociales des travailleurs, ni de la libert\u00e9 de circulation, et encore moins des droits humains et des libert\u00e9s.<\/h3>\n<h3 style=\"text-align: justify;\"><span style=\"color: #008000;\"><strong>Pour une autre Europe<\/strong> <\/span><br \/>\nLes Fran\u00e7ais ne sont pas les seuls \u00e0 subir cette d\u00e9gradation. Dans d\u2019autres, c\u2019est m\u00eame pire. Par exemple, en Gr\u00e8ce et en Espagne le taux de ch\u00f4mage atteint 27%. Au fil des ann\u00e9es, le nombre de peuples europ\u00e9ens connaissant de graves restrictions augmente\u00a0: Gr\u00e8ce, Portugal, l\u2019Irlande, Espagne, Italie. En outre, les femmes sont les premi\u00e8res touch\u00e9es.<br \/>\nCette Europe-l\u00e0 ne parle jamais d\u2019uniformisation des avantages sociaux et d\u2019uniformisation fiscale. Ce qui emp\u00eacherait pourtant le chantage des patrons \u00e0 la d\u00e9localisation des entreprises en son sein.<\/h3>\n<h3 style=\"text-align: justify;\"><span style=\"color: #008000;\"><strong>Un monde qui bouge<\/strong> <\/span><br \/>\nCes derni\u00e8res ann\u00e9es, certaines parties du monde (Pays arabes, Am\u00e9rique latine) ont connu des bouleversements. Si dans les premiers, les politiques \u00e9conomiques lib\u00e9rales pratiqu\u00e9es par les gouvernements islamistes issus des printemps arabes n\u2019ont pas am\u00e9lior\u00e9 le sort des populations, dans certains pays d\u2019Am\u00e9rique latine, gr\u00e2ce aux mouvements sociaux et aux gouvernements bolivariens, les couches popu-laires ont vu leur condition s\u2019am\u00e9liorer. Par exemple, au Venezuela, entre 1999 et 2010, le taux de pauvret\u00e9 a chut\u00e9 de 49% \u00e0 28%(3).<\/h3>\n<h3 style=\"text-align: justify;\"><span style=\"color: #008000;\"><strong>La n\u00e9cessit\u00e9 de la r\u00e9duction du temps de travail<\/strong> <\/span><br \/>\nC\u2019est pour r\u00e9duire le temps de travail qu\u2019a eu lieu \u00e0 Chicago la manifestation du 1er mai 1886 qui se terminera en \u00e9meutes. Aujourd\u2019hui aussi, ce n\u2019est qu\u2019en r\u00e9duisant le temps de travail sans diminuer les salaires des ouvriers et des employ\u00e9s que l\u2019on parviendra \u00e0 r\u00e9duire nettement le ch\u00f4mage. En effet, l\u2019immense augmentation de la productivit\u00e9 n\u2019a nullement \u00e9t\u00e9 accompagn\u00e9e d\u2019une r\u00e9duction cons\u00e9quente du temps de travail. Les recettes de croissance, de comp\u00e9titivit\u00e9 de l\u2019\u00e9conomie, de formation, d\u2019investissement ont montr\u00e9 leur inefficacit\u00e9.<\/h3>\n<h3 style=\"text-align: justify;\"><span style=\"color: #008000;\"><strong>Travailler pour le bien de la soci\u00e9t\u00e9<\/strong> <\/span><br \/>\nDe plus, il faut cesser de produire des marchandises nuisibles et construire \u00e0 tout va. Il faut reconvertir les travailleurs de l\u2019industrie d\u2019armement, arr\u00eater progressivement les centrales nucl\u00e9aires si dangereuses, renoncer aux projets de l\u2019a\u00e9roport de Notre-Dame-des-Landes, de la LGV Lyon-Turin, \u00e0 l\u2019h\u00f4tel de luxe du quartier de la caserne de Bonne de Grenoble. Tous ces projets sont destin\u00e9s \u00e0 satisfaire la soif du lobby du BTP, notamment Vinci. La production doit \u00eatre compatible avec le respect de l\u2019environnement.<br \/>\nD\u2019ailleurs, de plus en plus de salari\u00e9s se plaignent de leur travail et en d\u00e9missionnent notamment \u00e0 cause de leur manque de sens. Il faut que notre travail soit utile \u00e0 la soci\u00e9t\u00e9 et non destin\u00e9s \u00e0 produire des profits\u00a0: contribuer aux \u00e9ner-gies renouvelables et aux \u00e9conomies d\u2019\u00e9nergie, embaucher dans les secteurs de la sant\u00e9, de l\u2019\u00e9ducation, dans le contr\u00f4le de l\u2019alimentation\u2026<\/h3>\n<h3 style=\"text-align: justify;\"><span style=\"color: #008000;\"><strong>L\u2019autogestion plus que jamais<\/strong> <\/span><br \/>\nFace aux fermetures d\u2019entreprises, les salari\u00e9s cherchent de plus en plus \u00e0 reprendre celles-ci \u00e0 leur compte\u00a0: Fralib dans les Bouches-du-Rh\u00f4ne, Goodyear \u00e0 Amiens. Mais ils en sont emp\u00each\u00e9s par les capitalistes et ne sont aucunement aid\u00e9s par le gouvernement \u00ab\u00a0\u00e9colo-socialiste\u00a0\u00bb. En Argentine, diff\u00e9rentes entreprises non rentables dans le sens capitalistique du terme ont \u00e9t\u00e9 reprises par les salari\u00e9s. L\u2019autogestion doit se substituer au capitalisme.<br \/>\n<strong>Mais toutes ces avanc\u00e9es ne peuvent avoir lieu que par des luttes, qui doivent \u00eatre \u00e9paul\u00e9es par un v\u00e9ritable gouvernement rouge et vert.<\/strong><\/h3>\n<h3><span style=\"color: #0000ff;\"><em>(1) Observatoire des in\u00e9galit\u00e9s (2) Alternatives \u00e9conomiques (3) Le Monde diplomatique<\/em><\/span><\/h3>\n<h3>Les Alternatifs-Is\u00e8re<\/h3>\n<gcse:search><\/gcse:search>","protected":false},"excerpt":{"rendered":"<p>Tract des Alternatifs-Is\u00e8re du 1er mai Augmentation du ch\u00f4mage et des in\u00e9galit\u00e9s Depuis des mois, le ch\u00f4mage en France progresse continuellement. Il est actuellement de 11%. Depuis sa cr\u00e9ation, en trois ans, le nombre de b\u00e9n\u00e9ficiaires du RSA a augment\u00e9 de 13%(1). La France compte 3,6 millions de mal-log\u00e9s(1). Les conditions de travail se d\u00e9gradent\u00a0: [&hellip;]<\/p>\n","protected":false},"author":1,"featured_media":0,"comment_status":"open","ping_status":"closed","sticky":false,"template":"","format":"standard","meta":{"footnotes":""},"categories":[125,124,149,147,208,21,217,213,164,180,193,246,295],"tags":[34,103,23,20,230],"class_list":["post-8456","post","type-post","status-publish","format-standard","hentry","category-ecologie","category-education-2","category-feminisme","category-international","category-langues-regionales-et-minoritaires","category-les-alters-dans-les-luttes","category-libertes","category-nucleaire-2","category-sante","category-services-publics-2","category-social","category-transition-energetique-2","category-travail-2","tag-alternatifs","tag-demarche-citoyenne","tag-luttes","tag-manifestations","tag-rouge-vert"],"_links":{"self":[{"href":"https:\/\/alternatifs81.fr\/index.php?rest_route=\/wp\/v2\/posts\/8456","targetHints":{"allow":["GET"]}}],"collection":[{"href":"https:\/\/alternatifs81.fr\/index.php?rest_route=\/wp\/v2\/posts"}],"about":[{"href":"https:\/\/alternatifs81.fr\/index.php?rest_route=\/wp\/v2\/types\/post"}],"author":[{"embeddable":true,"href":"https:\/\/alternatifs81.fr\/index.php?rest_route=\/wp\/v2\/users\/1"}],"replies":[{"embeddable":true,"href":"https:\/\/alternatifs81.fr\/index.php?rest_route=%2Fwp%2Fv2%2Fcomments&post=8456"}],"version-history":[{"count":0,"href":"https:\/\/alternatifs81.fr\/index.php?rest_route=\/wp\/v2\/posts\/8456\/revisions"}],"wp:attachment":[{"href":"https:\/\/alternatifs81.fr\/index.php?rest_route=%2Fwp%2Fv2%2Fmedia&parent=8456"}],"wp:term":[{"taxonomy":"category","embeddable":true,"href":"https:\/\/alternatifs81.fr\/index.php?rest_route=%2Fwp%2Fv2%2Fcategories&post=8456"},{"taxonomy":"post_tag","embeddable":true,"href":"https:\/\/alternatifs81.fr\/index.php?rest_route=%2Fwp%2Fv2%2Ftags&post=8456"}],"curies":[{"name":"wp","href":"https:\/\/api.w.org\/{rel}","templated":true}]}}