{"id":8363,"date":"2013-04-25T09:55:20","date_gmt":"2013-04-25T08:55:20","guid":{"rendered":"http:\/\/alternatifs81.fr\/?p=8363"},"modified":"2013-05-24T08:34:42","modified_gmt":"2013-05-24T07:34:42","slug":"chomeurs-et-precaires-en-marche-sur-paris-du-15-juin-au-06-juillet","status":"publish","type":"post","link":"https:\/\/alternatifs81.fr\/?p=8363","title":{"rendered":"Ch\u00f4meurs et pr\u00e9caires : en Marche sur Paris du 15 juin au 06 juillet"},"content":{"rendered":"<div class=\"divTitreArticle\">\n<h2><a class=\"titreArticle\" title=\"Ch\u00f4meurs et pr\u00e9caires : en Marche sur Paris du 15 juin au 06 juillet\" href=\"http:\/\/alternatifs0726.over-blog.com\/article-chomeurs-et-precaires-en-marche-sur-paris-du-15-juin-au-06-juillet-117343635.html\"> Ch\u00f4meurs et pr\u00e9caires : en Marche sur Paris du 15 juin au 06 juillet <\/a><\/h2>\n<\/div>\n<div><span style=\"font-family: arial,helvetica,sans-serif; font-size: 12pt;\"><strong>Commun<\/strong><strong>iqu\u00e9 de presse<\/strong><\/span><\/div>\n<div><span style=\"font-family: arial,helvetica,sans-serif; font-size: 12pt;\"><strong>Mouvement National des Ch\u00f4meurs et Pr\u00e9caires (MNCP)<\/strong><\/span><\/div>\n<div><span style=\"font-family: arial,helvetica,sans-serif; font-size: 12pt;\"><strong>Mercredi 24 avril 2013<\/strong><\/span><\/div>\n<div style=\"font-weight: bold;\"><\/div>\n<div style=\"font-weight: bold; text-align: justify;\"><img loading=\"lazy\" decoding=\"async\" class=\"alignleft  wp-image-7802\" style=\"margin: 12px;\" alt=\"Europe-Priorite-au-chomage\" src=\"http:\/\/alternatifs81.fr\/wp-content\/uploads\/Europe-Priorite-au-chomage.jpg\" width=\"256\" height=\"186\" srcset=\"https:\/\/alternatifs81.fr\/wp-content\/uploads\/Europe-Priorite-au-chomage.jpg 320w, https:\/\/alternatifs81.fr\/wp-content\/uploads\/Europe-Priorite-au-chomage-300x217.jpg 300w\" sizes=\"auto, (max-width: 256px) 100vw, 256px\" \/><span style=\"font-family: arial,helvetica,sans-serif; font-size: 12pt;\"><em>Samedi 13 avril, lors de l&rsquo;assembl\u00e9e g\u00e9n\u00e9rale du MNCP, un appel g\u00e9n\u00e9ral a \u00e9t\u00e9 lanc\u00e9 \u00e0 toutes personnes ou organisations int\u00e9ress\u00e9es pour une marche des ch\u00f4meurs sur Paris en juin. \u00a0Dans une situation \u00e9conomiques particuli\u00e8rement tendue, alors que \u00a0ch\u00f4meurs, travailleurs pr\u00e9caires ont plus que jamais besoin de solidarit\u00e9 et d&rsquo;\u00e9changes. De nombreuses personnes ont d\u00e9j\u00e0 r\u00e9pondu \u00e0 l&rsquo;appel.<\/em><\/span><\/div>\n<div style=\"font-weight: bold; text-align: justify;\"><\/div>\n<div style=\"text-align: justify;\"><span style=\"font-family: arial,helvetica,sans-serif; font-size: 12pt;\">Une r\u00e9union de travail entre associations de ch\u00f4meurs et pr\u00e9caires (MNCP, APEIS, AC\u00a0!, DAL) et les repr\u00e9sentants des syndicats FSU (dont SNU P\u00f4le emploi) et Solidaires (dont Sud emploi) s\u2019est tenue mardi 23 avril pour<!--more--> pr\u00e9ciser l\u2019organisation de la Marche sur Paris (des repr\u00e9sentants de la CFDT P\u00f4le emploi, pr\u00e9sents \u00e0 la r\u00e9union, ont indiqu\u00e9 soutenir plusieurs propositions communes mais n\u2019appellent pas \u00e0 la Marche).<\/span><\/div>\n<div style=\"text-align: justify;\"><\/div>\n<div style=\"text-align: justify;\"><span style=\"font-family: arial,helvetica,sans-serif; font-size: 12pt;\">Celle-ci se d\u00e9roulera du 15 juin, pour un premier d\u00e9part, au 6 juillet pour l\u2019arriv\u00e9e \u00e0 Paris. D\u2019autres d\u00e9parts \u00e9chelonn\u00e9s, en fonction des r\u00e9gions et des dates, seront prochainement fix\u00e9s en lien avec les associations et syndicats sur le plan local. Une Marche en pr\u00e9paration \u00e0 La R\u00e9union, d\u00e9partement le plus touch\u00e9 par le ch\u00f4mage, enverra une d\u00e9l\u00e9gation pour le d\u00e9part du samedi 15 juin. La plateforme commune de propositions et un texte d\u2019appel sont soumis pour validation aux organisations participantes.<\/span><\/div>\n<div style=\"text-align: justify;\"><\/div>\n<div style=\"text-align: justify;\"><span style=\"font-family: arial,helvetica,sans-serif; font-size: 12pt;\">Des contacts sont en cours pour \u00e9largir la participation et les soutiens. Associations et syndicats ont mis en place un groupe de travail permanent et le collectif d\u2019organisation a convenu d\u2019une prochaine r\u00e9union.<\/span><\/div>\n<gcse:search><\/gcse:search>","protected":false},"excerpt":{"rendered":"<p>Ch\u00f4meurs et pr\u00e9caires : en Marche sur Paris du 15 juin au 06 juillet Communiqu\u00e9 de presse Mouvement National des Ch\u00f4meurs et Pr\u00e9caires (MNCP) Mercredi 24 avril 2013 Samedi 13 avril, lors de l&rsquo;assembl\u00e9e g\u00e9n\u00e9rale du MNCP, un appel g\u00e9n\u00e9ral a \u00e9t\u00e9 lanc\u00e9 \u00e0 toutes personnes ou organisations int\u00e9ress\u00e9es pour une marche des ch\u00f4meurs sur [&hellip;]<\/p>\n","protected":false},"author":1,"featured_media":0,"comment_status":"open","ping_status":"closed","sticky":false,"template":"","format":"standard","meta":{"footnotes":""},"categories":[126,193,295],"tags":[43,103,23,20],"class_list":["post-8363","post","type-post","status-publish","format-standard","hentry","category-gauche-de-combat","category-social","category-travail-2","tag-appel","tag-demarche-citoyenne","tag-luttes","tag-manifestations"],"_links":{"self":[{"href":"https:\/\/alternatifs81.fr\/index.php?rest_route=\/wp\/v2\/posts\/8363","targetHints":{"allow":["GET"]}}],"collection":[{"href":"https:\/\/alternatifs81.fr\/index.php?rest_route=\/wp\/v2\/posts"}],"about":[{"href":"https:\/\/alternatifs81.fr\/index.php?rest_route=\/wp\/v2\/types\/post"}],"author":[{"embeddable":true,"href":"https:\/\/alternatifs81.fr\/index.php?rest_route=\/wp\/v2\/users\/1"}],"replies":[{"embeddable":true,"href":"https:\/\/alternatifs81.fr\/index.php?rest_route=%2Fwp%2Fv2%2Fcomments&post=8363"}],"version-history":[{"count":0,"href":"https:\/\/alternatifs81.fr\/index.php?rest_route=\/wp\/v2\/posts\/8363\/revisions"}],"wp:attachment":[{"href":"https:\/\/alternatifs81.fr\/index.php?rest_route=%2Fwp%2Fv2%2Fmedia&parent=8363"}],"wp:term":[{"taxonomy":"category","embeddable":true,"href":"https:\/\/alternatifs81.fr\/index.php?rest_route=%2Fwp%2Fv2%2Fcategories&post=8363"},{"taxonomy":"post_tag","embeddable":true,"href":"https:\/\/alternatifs81.fr\/index.php?rest_route=%2Fwp%2Fv2%2Ftags&post=8363"}],"curies":[{"name":"wp","href":"https:\/\/api.w.org\/{rel}","templated":true}]}}