{"id":8359,"date":"2013-04-24T22:20:30","date_gmt":"2013-04-24T21:20:30","guid":{"rendered":"http:\/\/alternatifs81.fr\/?p=8359"},"modified":"2013-04-24T22:21:42","modified_gmt":"2013-04-24T21:21:42","slug":"contre-loffensive-islamophobe-un-front-large-et-massif","status":"publish","type":"post","link":"https:\/\/alternatifs81.fr\/?p=8359","title":{"rendered":"Contre l&rsquo;offensive islamophobe&#8230;Un Front large et massif"},"content":{"rendered":"<div class=\"option beforeArticle\">\n<div class=\"date\"><span class=\"text\">\u00a0<\/span><\/div>\n<\/div>\n<p>&nbsp;<\/p>\n<p style=\"text-align: center;\"><strong><span style=\"font-size: 12pt;\"><span style=\"font-family: Arial;\"><a href=\"http:\/\/www.convergencedesluttes.fr\/petitions\/index.php?petition=31\">http:\/\/www.convergencedesluttes.fr\/petitions\/index.php?petition=31<\/a><\/span><\/span><\/strong> <span style=\"font-family: Arial;\">\u00a0<\/span><\/p>\n<p>&nbsp;<\/p>\n<hr \/>\n<p>&nbsp;<\/p>\n<p>&nbsp;<\/p>\n<p>&nbsp;<\/p>\n<p><center><strong><a href=\"http:\/\/www.convergencedesluttes.fr\/petitions\/index.php?petition=31&amp;signe=oui\">Signer la p\u00e9tition<\/a> \u00a0\u00a0&#8211;\u00a0\u00a0 <a href=\"http:\/\/www.convergencedesluttes.fr\/petitions\/index.php?petition=31&amp;pour_voir=oui\">Voir les signataires<\/a><\/strong><\/center>&nbsp;<\/p>\n<p>&nbsp;<\/p>\n<p>&nbsp;<\/p>\n<hr \/>\n<p>&nbsp;<\/p>\n<p>&nbsp;<\/p>\n<h3 style=\"text-align: justify;\"><img loading=\"lazy\" decoding=\"async\" class=\"alignleft  wp-image-4895\" style=\"margin: 12px;\" alt=\"y1pEtHpKE6Add9dLi6idaPyX09cFxF4dHrikC90fwQ4u2cooz_fVswAUIjv7-zZ140GaNgaosfgJSg\" src=\"http:\/\/alternatifs81.fr\/wp-content\/uploads\/y1pEtHpKE6Add9dLi6idaPyX09cFxF4dHrikC90fwQ4u2cooz_fVswAUIjv7-zZ140GaNgaosfgJSg3.jpg\" width=\"210\" height=\"280\" srcset=\"https:\/\/alternatifs81.fr\/wp-content\/uploads\/y1pEtHpKE6Add9dLi6idaPyX09cFxF4dHrikC90fwQ4u2cooz_fVswAUIjv7-zZ140GaNgaosfgJSg3.jpg 300w, https:\/\/alternatifs81.fr\/wp-content\/uploads\/y1pEtHpKE6Add9dLi6idaPyX09cFxF4dHrikC90fwQ4u2cooz_fVswAUIjv7-zZ140GaNgaosfgJSg3-225x300.jpg 225w\" sizes=\"auto, (max-width: 210px) 100vw, 210px\" \/><span style=\"font-size: 12pt;\">Suite au d\u00e9veloppement des discriminations contre des m\u00e8res dans l&rsquo;accompagnement des sorties d&rsquo;\u00e9cole, aux r\u00e9actions \u00e0 l&rsquo;arr\u00eat de la Cour de cassation dans l&rsquo;affaire Baby-Loup et au projet de loi sur l&rsquo;extension de l&rsquo;interdiction du port du voile, nous, militant-e-s, sympathisant-e-s, \u00e9lectrices et \u00e9lecteurs du Front de gauche, voulons construire l&rsquo;expression publique et collective d&rsquo;une autre voix, celle de l&rsquo;\u00e9galit\u00e9 r\u00e9elle des droits pour les musulman-e-s, pour ceux et celles qui sont consid\u00e9r\u00e9es comme tel-le-s en France et plus largement pour toutes les personnes discrimin\u00e9es<\/span><\/h3>\n<p>&nbsp;<\/p>\n<h3 style=\"text-align: justify;\"><span style=\"font-size: 12pt;\">Alors que la France a \u00e9t\u00e9 condamn\u00e9e par le comit\u00e9 des droits de l&rsquo;homme de l&rsquo;ONU pour sa loi du 15 mars 2004 contre les signes religieux \u00e0 l&rsquo;\u00e9cole, les offensives contre les musulman-e-s, fran\u00e7ais-e-s et \u00e9tranger-e-s, vivant en France, se multiplient, alimentent un climat d&rsquo;islamophobie et de racisme grandissant et renfor\u00e7ant des discriminations g\u00e9n\u00e9ralis\u00e9es au point de faire syst\u00e8me (contr\u00f4les policiers, emplois, logements, \u00e9ducation&#8230;) contre un nombre grandissant d&rsquo;habitants de ce pays, l&rsquo;Etat \u00e9tant en premi\u00e8re ligne.<\/span><\/h3>\n<p>&nbsp;<\/p>\n<p>&nbsp;<\/p>\n<h3 style=\"text-align: justify;\"><span style=\"font-size: 12pt;\">Le racisme s&rsquo;attaque \u00e9galement \u00e0 des populations sur le territoire europ\u00e9en depuis des si\u00e8cles, comme le montrent la stigmatisation et le racisme institutionnel contre les populations roms. Ces<!--more--> attaques, bien que s&rsquo;inscrivant dans un contexte sp\u00e9cifique \u00e0 la France, participent d&rsquo;une logique internationale de conflit entre \u00ab les civilisations \u00bb entretenue par les classes dirigeantes. Face \u00e0 la crise \u00e9conomique grandissante et \u00e0 l&rsquo;effritement de l\u00e9gitimit\u00e9 des institutions de la Ve R\u00e9publique, le racisme est comme autrefois utilis\u00e9 pour renforcer la division des classes populaires en d\u00e9signant des boucs-\u00e9missaires. Comme dans les ann\u00e9es 1930 avec les campagnes antis\u00e9mites, il s&rsquo;agit en fait pour les politiques et id\u00e9ologues r\u00e9actionnaires de convaincre les citoyen-ne-s-fran\u00e7ais-es que l\u2019immigration, le plus souvent extra-europ\u00e9enne, serait un danger pour la soci\u00e9t\u00e9.<\/span><\/h3>\n<p>&nbsp;<\/p>\n<p>&nbsp;<\/p>\n<h3 style=\"text-align: justify;\"><span style=\"font-size: 12pt;\">L&rsquo;Etat, et ses institutions sont un acteur central de ce ph\u00e9nom\u00e8ne. Aujourd\u2019hui, certain-e-s envisagent un nouveau projet de loi liberticide, interdisant le port de signes religieux ou qualifi\u00e9s comme tels dans les entreprises des secteurs priv\u00e9s et associatifs, en particulier pour les salari\u00e9es s&rsquo;occupant de jeunes enfants. Ce projet de loi constituerait une atteinte au droit du travail, qui renforcerait la subordination des salari\u00e9-e-s \u00e0 leur employeur et constituerait une nouvelle discrimination \u00e0 l&#8217;embauche.<\/span><\/h3>\n<p>&nbsp;<\/p>\n<p>&nbsp;<\/p>\n<h3 style=\"text-align: justify;\"><span style=\"font-size: 12pt;\">L&rsquo;interdiction du port du voile aurait pour cons\u00e9quences l&rsquo;exclusion des femmes qui le portent de l&rsquo;enseignement, du travail, etc. Cela constituerait une atteinte aux droits des femmes et les emp\u00eacherait d&rsquo;acc\u00e9der \u00e0 tout ce qui, historiquement, a permis leur int\u00e9gration dans la soci\u00e9t\u00e9 et leur \u00e9mancipation, fut-elle partielle. Ces exclusions accentueraient la ghetto\u00efsation, et donc nuiraient \u00e0 la fraternit\u00e9 qui est un des principes et des id\u00e9aux de la R\u00e9publique fran\u00e7aise. Il serait inconcevable qu\u2019une telle politique soit mise en avant par la gauche. L&rsquo;affaiblissement des liens sociaux et des structures de solidarit\u00e9 collective qui d\u00e9coule du fonctionnement du syst\u00e8me capitaliste pousse au regroupement sur des bases exclusivement identitaires quand aucune alternative cr\u00e9dible n&rsquo;appara\u00eet. Les conditions sociales et \u00e9conomiques qui sont impos\u00e9es \u00e0 ces populations renforcent leur sentiment d\u2019appartenance qui leur appara\u00eet alors souvent comme un moyen d\u2019autod\u00e9fense contre les discriminations et les s\u00e9gr\u00e9gations.<\/span><\/h3>\n<p>&nbsp;<\/p>\n<h3 style=\"text-align: justify;\"><span style=\"font-size: 12pt;\">Attach\u00e9s \u00e0 la la\u00efcit\u00e9, nous consid\u00e9rons qu&rsquo;elle est d\u00e9j\u00e0 prot\u00e9g\u00e9e par la loi de 1905. Conform\u00e9ment \u00e0 l&rsquo;intention initiale de Jaur\u00e8s, la la\u00efcit\u00e9 a eu jusqu&rsquo;\u00e0 r\u00e9cemment pour usage de permettre \u00e0 chacun-e, croyant-e ou non, de vivre en harmonie\/en bonne entente, et de prot\u00e9ger la libert\u00e9 de conscience et de garantir l&rsquo;\u00e9galit\u00e9 des citoyen-ne-s. Elle est d\u00e9sormais instrumentalis\u00e9e comme un outil de rejet des appartenances complexes des citoyens-nes, comme une arme de discrimination massive, comme paravent pour lancer des attaques haineuses et servir de pr\u00e9texte \u00e0 des lois discriminatoires\u00a0<\/span><\/h3>\n<p>&nbsp;<\/p>\n<p>&nbsp;<\/p>\n<h3 style=\"text-align: justify;\"><span style=\"font-size: 12pt;\">L&rsquo;islamophobie s&rsquo;inscrit dans un ensemble de discriminations. Nous devons toutes les combattre \u00e0 la fois par un travail th\u00e9orique, politique et de terrain. Nous avons besoin d&rsquo;un front large et massif, d&rsquo;un bloc social, qui regroupe exploit\u00e9-e-s et opprim\u00e9-e-s, salari\u00e9-e-s, ch\u00f4meurs et pr\u00e9caires pour changer les rapports de forces et renverser la vapeur et avancer vers cette VIe R\u00e9publique qui devrait accorder toutes leurs places aux citoyen-ne-s aux identit\u00e9es forc\u00e9ment plurielles.<\/span><\/h3>\n<p>&nbsp;<\/p>\n<p>&nbsp;<\/p>\n<h3 style=\"text-align: justify;\"><span style=\"font-size: 12pt;\">Des convergences politiques sont n\u00e9cessaires. Un des principes fondateurs du Front de Gauche est l&rsquo;acceptation de la diversit\u00e9 en son sein. Il nous est n\u00e9cessaire de construire l\u2019unit\u00e9 des exploit\u00e9-e-s et des opprim\u00e9-e-s et de rassembler au-del\u00e0 des membres d&rsquo;organisations face aux nombreuses entreprises de division. Contre l&rsquo;offensive islamophobe, nous, militants et sympathisants du FDG contre l\u2019islamophobie, m\u00e8nerons le d\u00e9bat dans nos organisations et agirons publiquement, entre autres au sein des assembl\u00e9es citoyennes organis\u00e9es par les collectifs locaux du FDG. Nous souhaitons \u00e9largir le dialogue et agir avec les intellectuel-le-s et les mouvements qui portent ces questions depuis plus de trente ans, en premier lieu ceux des mouvements autonomes dans les quartiers populaires et de l&rsquo;immigration. Aujourd&rsquo;hui comme hier, la politique se fait d&rsquo;abord par et avec les personnes concern\u00e9es.<\/span><\/h3>\n<p>&nbsp;<\/p>\n<p>&nbsp;<\/p>\n<h3 style=\"text-align: justify;\"><span style=\"font-size: 12pt;\">Le 18 mai au matin, nous appelons \u00e0 la tenue d&rsquo;une r\u00e9union nationale pour poursuivre la discussion, participer aux \u00e9laborations et nous organiser: nous apporterons notre contribution au travail du Front de gauche th\u00e9matique immigration racisme.<\/span><\/h3>\n<p>&nbsp;<\/p>\n<p>&nbsp;<\/p>\n<h3 style=\"text-align: justify;\"><span style=\"font-size: 12pt;\">Dans un premier temps, participons massivement au rassemblement appel\u00e9 par Maman toutes \u00e9gales, ce r\u00e9seau embl\u00e9matique par sa bataille pour le droit de toutes les mamans et les papas \u00e0 accompagner les sorties scolaires !<\/span><\/h3>\n<p>&nbsp;<\/p>\n<h3 style=\"text-align: justify;\"><span style=\"color: #808000;\"><em> <span style=\"font-size: 12pt;\">\u00ab\u00a0Bref, tout \u00e7a prouve aux combattants<\/span> <\/em><\/span><\/h3>\n<h3 style=\"text-align: justify;\"><span style=\"color: #808000;\"><em> <span style=\"font-size: 12pt;\">Qu&rsquo;Marianne a la peau brune,<\/span> <\/em><\/span><\/h3>\n<h3 style=\"text-align: justify;\"><span style=\"color: #808000;\"><em> <span style=\"font-size: 12pt;\">Du chien dans l&rsquo;ventre et qu&rsquo;il est temps,<\/span> <\/em><\/span><\/h3>\n<h3 style=\"text-align: justify;\"><span style=\"color: #808000;\"><em> <span style=\"font-size: 12pt;\">D&rsquo;crier \u00ab\u00a0Vive la commune !\u00a0\u00bb (Elle n&rsquo;est pas morte)<\/span> <\/em><\/span><\/h3>\n<p>&nbsp;<\/p>\n<p style=\"text-align: justify;\"><span style=\"font-size: 12pt;\">Premiers Signataires<\/span><\/p>\n<p>&nbsp;<\/p>\n<p><span style=\"font-size: 12pt;\">Alima <strong>Boum\u00e9dienne Thiery<\/strong>, FASE<\/span><br \/>\n<span style=\"font-size: 12pt;\">St\u00e9phane <strong>Lavignotte<\/strong>, militant \u00e9cologiste et du Christianisme social<\/span><br \/>\n<span style=\"font-size: 12pt;\">Daniele <strong>Obono<\/strong>, C et A<\/span><br \/>\n<span style=\"font-size: 12pt;\">Fr\u00e9d\u00e9rick <strong>Gauvin-Dupont<\/strong>, Parti communiste, Plon\u00e9our-Lanvern (Finist\u00e8re)<\/span><br \/>\n<span style=\"font-size: 12pt;\">Nolwenn <strong>Neveu<\/strong> FDG<\/span><br \/>\n<span style=\"font-size: 12pt;\">Veronika <strong>Daae<\/strong>, Alternatifs, Toulouse<\/span><br \/>\n<span style=\"font-size: 12pt;\">Pierre <strong>Zarka<\/strong>, association des Communistes Unitaires<\/span><br \/>\n<span style=\"font-size: 12pt;\">Catherine <strong>Samary<\/strong>, GA et NPA, Paris XVIIIe<\/span><br \/>\n<span style=\"font-size: 12pt;\">Beno\u00eet <strong>Geraud<\/strong>, ex-PG, Alfortville (94)<\/span><br \/>\n<span style=\"font-size: 12pt;\">Danielle <strong>Carasco<\/strong>, Fase, militante f\u00e9ministe<\/span><br \/>\n<span style=\"font-size: 12pt;\">Capucine <strong>Larzilli\u00e8re<\/strong>, militante f\u00e9ministe, GA, Montreuil (93)<\/span><br \/>\n<span style=\"font-size: 12pt;\">Razmig <strong>Keucheyan<\/strong>, militant Fdg, Paris XIXe.<\/span><br \/>\n<span style=\"font-size: 12pt;\">Sarah Al Matary, PG<\/span><\/p>\n<p>&nbsp;<\/p>\n<p><span style=\"font-size: 12pt;\">Avec: Diane <strong>Adam<\/strong>, syndicaliste, GA, Paris centre; Etienne <strong>Adam<\/strong>, FASE; Mathieu <strong>Allain<\/strong>, Ga Fdg Marseille centre; Janie <strong>Arneguy<\/strong>, les Alternatifs Gard; Gr\u00e9gory <strong>Bekhtari<\/strong>, GA, Paris 10e; Gilles <strong>Boitte<\/strong>, Communiste unitaire; Bernadette <strong>Bouchard<\/strong>, Les Alternatifs Alpes-Maritimes (06); Antoine <strong>Boulang\u00e9<\/strong>, GA, Vitry sur Seine (94); Jean <strong>Brafman<\/strong>, FASE; Pantxoa <strong>Caussarieu<\/strong>, Fase 64; Patricia <strong>Cavalera<\/strong>, les Alternatifs Ard\u00e8che; Florence <strong>Ciaravola<\/strong>, les Alternatifs Alpes-Maritimes; Mathieu <strong>Colloghan<\/strong>, Alternatif; Renaud <strong>Cornand<\/strong> (Ga-FdG 13); Hendrik <strong>Davi<\/strong>, FdG Marseille centre; Martine <strong>Dejean<\/strong>, Fase 43; Bruno D<strong>ella Sudda<\/strong>, Alternatifs, Nice (06); Christian <strong>Delord<\/strong>, les Alternatifs Gard; Carole <strong>Eldin<\/strong>, GA, Marseille; Colin <strong>Falconer<\/strong>, GA, Saint-Denis (93); Pierre <strong>Gayral<\/strong>, les Alternatifs Paris; Vincent <strong>Gay<\/strong>, GA Montreuil; Guy <strong>Giani<\/strong>, Alternatifs pays de Grasse; C\u00e9cile <strong>Gobbo<\/strong>, GA, Paris 10e; Genevi\u00e8ve <strong>Huchet<\/strong>, Les Alternatifs 06; Mich\u00e8le <strong>Kiintz<\/strong>, Communistes unitaires\/ FASE; Val\u00e9rie <strong>Lafont<\/strong>, FDG; Arthur <strong>Leduc<\/strong>, les Alternatifs Alpes-Maritimes; Christophe <strong>Lemasson<\/strong>, Alternatifs, Saint Brieuc; Laurent <strong>L\u00e9vy<\/strong>, FASE; Jean Marie <strong>Lucain<\/strong>, Les Alternatifs 06; Roland <strong>M\u00e9rieux<\/strong>, Alternatifs; Henri Merm\u00e9, Alternatifs; John Mullen, GA, Montreuil (93); Richard <strong>Neuville<\/strong>, les Alternatifs Ard\u00e8che; No <strong>Neveu<\/strong> (Ga 13 et FdG Marseille centre); Pierre <strong>Nouzar\u00e8de<\/strong>, Fase 24; R\u00e9my <strong>Querbouet<\/strong>, les Alternatifs Loire Atlantique; Marc <strong>Rebuschi<\/strong>, Fase; Florian <strong>Rideau<\/strong>, Les Alternatifs, Paris; C\u00e9cile <strong>Rigaldi\u00e8s<\/strong>, GA, Paris 10e; Lisbeth <strong>Sal<\/strong>, GA; Laurent <strong>Sorel<\/strong>, GA; Sarah <strong>Tiano<\/strong>, GA, Marseille; Jean-Louis <strong>Touton<\/strong>, GA; Nikou <strong>Tridon<\/strong>, Les Alternatifs 06; Daniel <strong>Ullman<\/strong>, 75018, sympathisant du Front de Gauche; Nicolas <strong>Verdon<\/strong>, GA, Paris 19e; Thomas <strong>Vescovi<\/strong>, sympathisant Fdg, Saint-Denis (93).<\/span><\/p>\n<gcse:search><\/gcse:search>","protected":false},"excerpt":{"rendered":"<p>\u00a0 &nbsp; http:\/\/www.convergencedesluttes.fr\/petitions\/index.php?petition=31 \u00a0 &nbsp; &nbsp; &nbsp; &nbsp; Signer la p\u00e9tition \u00a0\u00a0&#8211;\u00a0\u00a0 Voir les signataires&nbsp; &nbsp; &nbsp; &nbsp; &nbsp; Suite au d\u00e9veloppement des discriminations contre des m\u00e8res dans l&rsquo;accompagnement des sorties d&rsquo;\u00e9cole, aux r\u00e9actions \u00e0 l&rsquo;arr\u00eat de la Cour de cassation dans l&rsquo;affaire Baby-Loup et au projet de loi sur l&rsquo;extension de l&rsquo;interdiction du port [&hellip;]<\/p>\n","protected":false},"author":1,"featured_media":0,"comment_status":"open","ping_status":"closed","sticky":false,"template":"","format":"standard","meta":{"footnotes":""},"categories":[149,126,244],"tags":[43,103,50],"class_list":["post-8359","post","type-post","status-publish","format-standard","hentry","category-feminisme","category-gauche-de-combat","category-point-de-vue","tag-appel","tag-demarche-citoyenne","tag-discriminations"],"_links":{"self":[{"href":"https:\/\/alternatifs81.fr\/index.php?rest_route=\/wp\/v2\/posts\/8359","targetHints":{"allow":["GET"]}}],"collection":[{"href":"https:\/\/alternatifs81.fr\/index.php?rest_route=\/wp\/v2\/posts"}],"about":[{"href":"https:\/\/alternatifs81.fr\/index.php?rest_route=\/wp\/v2\/types\/post"}],"author":[{"embeddable":true,"href":"https:\/\/alternatifs81.fr\/index.php?rest_route=\/wp\/v2\/users\/1"}],"replies":[{"embeddable":true,"href":"https:\/\/alternatifs81.fr\/index.php?rest_route=%2Fwp%2Fv2%2Fcomments&post=8359"}],"version-history":[{"count":0,"href":"https:\/\/alternatifs81.fr\/index.php?rest_route=\/wp\/v2\/posts\/8359\/revisions"}],"wp:attachment":[{"href":"https:\/\/alternatifs81.fr\/index.php?rest_route=%2Fwp%2Fv2%2Fmedia&parent=8359"}],"wp:term":[{"taxonomy":"category","embeddable":true,"href":"https:\/\/alternatifs81.fr\/index.php?rest_route=%2Fwp%2Fv2%2Fcategories&post=8359"},{"taxonomy":"post_tag","embeddable":true,"href":"https:\/\/alternatifs81.fr\/index.php?rest_route=%2Fwp%2Fv2%2Ftags&post=8359"}],"curies":[{"name":"wp","href":"https:\/\/api.w.org\/{rel}","templated":true}]}}