{"id":8356,"date":"2013-04-24T21:55:09","date_gmt":"2013-04-24T20:55:09","guid":{"rendered":"http:\/\/alternatifs81.fr\/?p=8356"},"modified":"2013-04-29T13:24:49","modified_gmt":"2013-04-29T12:24:49","slug":"100-personnalites-appellent-a-stopper-levasion-fiscale","status":"publish","type":"post","link":"https:\/\/alternatifs81.fr\/?p=8356","title":{"rendered":"100 personnalit\u00e9s appellent \u00e0 stopper l\u2019\u00e9vasion fiscale !"},"content":{"rendered":"<div dir=\"ltr\">\n<div class=\"gmail_quote\">\n<div dir=\"ltr\">\n<div class=\"gmail_quote\">\n<div dir=\"ltr\">\n<div class=\"gmail_quote\">\n<div dir=\"ltr\">\n<div style=\"text-indent: 0px; letter-spacing: normal; font-variant: normal; text-align: start; font-style: normal; font-weight: normal; padding: 0px; line-height: 21px; text-transform: none; font-size: 14px; white-space: normal; margin: 0px; font-family: Arial,Helvetica,'Nimbus Sans L',FreeSans,sans-serif; word-spacing: 0px;\">\n<div style=\"margin: 0px 0px 1.5em; padding: 0px; text-align: justify;\">\n<div style=\"margin: 0px; padding: 0px;\">\n<div style=\"margin: 0px; padding: 0px;\">\n<div>\n<div class=\"h5\">\n<div>\n<div>\n<div style=\"margin: 0px; padding: 0px;\">\n<div style=\"margin: 0px; padding: 0px;\">\n<h3 style=\"margin: 0px; padding: 0px;\"><img decoding=\"async\" style=\"border: 5px solid #eeeeee; float: right; padding: 1px; margin: 10px 0px 0px 10px;\" alt=\"\" src=\"http:\/\/www.france.attac.org\/sites\/default\/files\/imagecache\/logopleinepage\/images\/stopppez300_1.png\" \/>Apr\u00e8s les aveux de J\u00e9r\u00f4me Cahuzac, Fran\u00e7ois Hollande s\u2019est engag\u00e9 \u00e0<span>\u00a0<\/span><em>\u00ab \u00e9radiquer les paradis fiscaux \u00bb<\/em>. Mais le projet de loi de \u00ab moralisation \u00bb soumis au Conseil des ministres ce 24 avril ne dit rien des deux principales mesures qu\u2019il a \u00e9voqu\u00e9es : la transparence des comptes des multinationales et la transmission automatique d\u2019informations fiscales entre pays. Rien non plus sur la fermeture des filiales des banques fran\u00e7aises aux Iles Ca\u00efmans et autres places offshore.<\/h3>\n<\/div>\n<\/div>\n<h3 style=\"margin: 1em 0px; padding: 0px;\">La France se contentera-t-elle de proposer des mesures au niveau europ\u00e9en, o\u00f9 l\u2019unanimit\u00e9 des 27 pays est requise ? Notre pays doit au contraire prendre, sans attendre, des mesures pour entra\u00eener une dynamique en Europe.<\/h3>\n<h3 style=\"margin: 0px; padding: 0px;\">C\u2019est ce que demandent 100 personnalit\u00e9s du monde associatif, syndical, scientifique, culturel et politique en soutenant la p\u00e9tition<span>\u00a0<\/span><em>\u00ab<span>\u00a0<\/span><a style=\"margin: 0px; padding: 0px; text-decoration: none; color: #a40000;\" href=\"http:\/\/www.france.attac.org\/articles\/apres-cahuzac-stoppez-levasion-fiscale-lettre-ouverte-francois-hollande\" target=\"_blank\"><strong>Apr\u00e8s Cahuzac : stoppez l\u2019\u00e9vasion fiscale !<\/strong><span>\u00a0<\/span><\/a>\u00bb<\/em>.<\/h3>\n<h3 style=\"margin: 0px; padding: 0px;\">Cette p\u00e9tition, qui a r\u00e9uni en quelques jours plusieurs dizaines de milliers de signatures, demande \u00e0 Fran\u00e7ois Hollande et son gouvernement de prendre sans tarder cinq mesures cl\u00e9s pour en finir avec la complaisance.<!--more--><\/h3>\n<h3 style=\"margin: 0px 0px 0.5em; padding: 0px; font-size: 20px; color: red; line-height: 1.1em;\"><span style=\"margin: 0px; padding: 0px; color: red;\">Les signataires<\/span><\/h3>\n<\/div>\n<\/div>\n<\/div>\n<\/div>\n<div style=\"margin: 0px; padding: 0px;\">\n<div class=\"h5\">\n<div>\n<div>\n<div style=\"margin: 0px; padding: 0px;\"><span style=\"color: #0000ff;\"><em> Christophe Aguiton, Chercheur &#8211; Christophe Al\u00e9v\u00eaque, Humoriste &#8211; Monique Allard, \u00c9conomistes atterr\u00e9s &#8211; Claude Alphand\u00e9ry, Labo de l&rsquo;ESS &#8211; Jean-Pierre Andrevon, \u00c9crivain &#8211; Cl\u00e9mentine Autain, FASE &#8211; Genevi\u00e8ve Azam, Attac &#8211; Etienne Balibar, Philosophe &#8211; Francine Bavay, Conseill\u00e8re r\u00e9gionale &#8211; Olivier Besancenot, NPA &#8211; Jean-Jacques Boislaroussie, Les Alternatifs &#8211; Jos\u00e9 Bov\u00e9, D\u00e9put\u00e9 europ\u00e9en &#8211; Bernard Cassen, Journaliste &#8211; Jean-Claude Chailley, Convergence de D\u00e9fense et D\u00e9veloppement des Services Publics &#8211; Christian Chavagneux, Journaliste &#8211; Eve Chiapello, Chercheure en gestion &#8211; Florence Ciaravola, Les Alternatifs &#8211; Philippe Colin, Conf\u00e9d\u00e9ration paysanne &#8211; Philippe Corcuff, Sociologue &#8211; Annick Coup\u00e9, <span style=\"font-family: arial,sans-serif; font-size: 13px; font-variant: normal; font-weight: normal; letter-spacing: normal; line-height: normal; text-align: start; text-indent: 0px; text-transform: none; white-space: normal; word-spacing: 0px; background-color: #ffffff; display: inline ! important; float: none;\"> Union Syndicale Solidaires<\/span> &#8211; Thomas Coutrot, Attac &#8211; Yvan Dautin, Artiste &#8211; Vincent de Gaulejac, Sociologue &#8211; Christophe Delecourt, CGT Finances &#8211; Karima Deli, D\u00e9put\u00e9e europ\u00e9enne &#8211; Julien Dioudonnat, FASE &#8211; Vincent Drezet, Solidaires Finances Publiques &#8211; Fran\u00e7ois Dufour, Vice-pr\u00e9sident du Conseil R\u00e9gional de Basse-Normandie &#8211; C\u00e9dric Durand, \u00c9conomiste &#8211; Pascal Durand, EELV &#8211; Guillaume Etievant, PG &#8211; G\u00e9rard Filoche, Inspecteur du travail \u00e0 la retraite &#8211; David Flacher, Porte-parole d&rsquo;Utopia &#8211; Guillaume Floris, Gauche Anticapitaliste &#8211; Christophe Fourel, Sociologue &#8211; Pascal Franchet, CADTM France &#8211; Jean Gadrey, \u00c9conomiste &#8211; Nicolas Galepides, SUD PTT &#8211; \u00c9lisabeth Gauthier, Espaces Marx \/ Transform! &#8211; Susan George, \u00c9crivaine &#8211; Ga\u00ebl Giraud, \u00c9conomiste &#8211; J\u00e9r\u00f4me Gleizes, \u00c9conomiste &#8211; Vincent Glenn, Cin\u00e9aste &#8211; Alain Grandjean, \u00c9conomiste &#8211; Gilles Guillot, Com\u00e9dien et metteur en sc\u00e8ne &#8211; Nicolas Haeringer, Militant altermondialiste &#8211; Jean-Marie Harribey, \u00c9conomiste &#8211; Marc Humbert, \u00c9conomiste &#8211; Michel Husson, \u00c9conomiste &#8211; Florence Jany-Catrice, \u00c9conomiste &#8211; Esther Jeffers, \u00c9conomiste &#8211; Eva Joly, D\u00e9put\u00e9e europ\u00e9enne &#8211; Claudine Kahane, SNESUP &#8211; Wojtek Kalinowski, Institut Veblen &#8211; Pierre Khalfa, Fondation Copernic &#8211; Marie Lacoste, MNCP &#8211; Dany Lang, \u00c9conomistes atterr\u00e9s &#8211; Pierre Larrouturou, \u00c9conomiste &#8211; Pierre Laurent, PCF &#8211; Christian Laval, \u00e9crivain &#8211; Herv\u00e9 Le Crosnier, Activiste du mouvement des communs &#8211; Fr\u00e9d\u00e9ric Lebaron, Sociologue &#8211; Anne Lestrat, Utopia &#8211; Catherine L\u00e9vy, Sociologue &#8211; Fr\u00e9d\u00e9ric Lordon, \u00c9conomiste &#8211; Mostafa Louahem-m&rsquo;sabah, Com\u00e9dien &#8211; Elise Lowy, EELV &#8211; Jean-Philippe Magnen, EELV &#8211; Julie Mandelbaum, UNEF &#8211; Myriam Martin, Gauche Anticapitaliste &#8211; Gustave Massiah, CRID &#8211; Antoine Math, \u00c9conomiste &#8211; Dominique M\u00e9da, Sociologue &#8211; St\u00e9phane Melchiorri, Emma\u00fcs International &#8211; Damien Millet, CADTM France &#8211; Ricardo Montserrat, \u00c9crivain &#8211; Corinne MorelDarleux, Parti de Gauche &#8211; Marc Neveu, SNESUP &#8211; Jean-Jacques Paris, ANECR &#8211; Pascal Petit, \u00c9conomiste &#8211; Christian Picquet, Gauche unitaire &#8211; Dominique Plihon, \u00c9conomiste &#8211; Emmanuel Poilane, Directeur France Libert\u00e9s &#8211; Christine Poupin, NPA &#8211; Fran\u00e7ois Raffinot, Chor\u00e9graphe &#8211; Rama Sall, Jeunes Socialistes &#8211; Patrick Saurin, Sud BPCE &#8211; Alexis Spire, Sociologue &#8211; Henri Sterdyniak, \u00c9conomistes atterr\u00e9s &#8211; Patricia Tejas, CGT Finances &#8211; Bruno Tinel, \u00c9conomiste &#8211; Florence Toquet, Solidaires Finances Publiques &#8211; Aur\u00e9lie Trouv\u00e9, \u00c9conomiste &#8211; Jacques-Henri Vandaele, MNCP &#8211; Marie-Christine Vergiat, D\u00e9put\u00e9e europ\u00e9enne &#8211; J\u00e9r\u00f4me Vidal, \u00c9diteur, Revue des Livres &#8211; Patrick Viveret, Collectif Richesse\u00a0 &#8211; Yannis Youlountas, Philosophe, \u00e9crivain &#8211; Emmanuel Zemmour, Unef. <\/em> <\/span><\/div>\n<\/div>\n<\/div>\n<\/div>\n<div class=\"im\">\n<h3 style=\"margin: 0px; padding: 0px;\"><strong>En ligne :<\/strong><\/h3>\n<div style=\"text-align: left;\">&#8211; Le texte : <a href=\"http:\/\/www.france.attac.org\/articles\/100-personnalites-appellent-stopper-levasion-fiscale-0\" target=\"_blank\">http:\/\/www.france.attac.org\/articles\/100-personnalites-appellent-stopper-levasion-fiscale-0<\/a><\/div>\n<h3 style=\"margin: 0px; padding: 0px; text-align: left;\">&#8211; La p\u00e9tition : <a href=\"http:\/\/www.france.attac.org\/articles\/apres-cahuzac-stoppez-levasion-fiscale-lettre-ouverte-francois-hollande\" target=\"_blank\">http:\/\/www.france.attac.org\/articles\/apres-cahuzac-stoppez-levasion-fiscale-lettre-ouverte-francois-hollande<\/a><\/h3>\n<\/div>\n<\/div>\n<\/div>\n<\/div>\n<\/div>\n<\/div>\n<\/div>\n<\/div>\n<\/div>\n<\/div>\n<\/div>\n<\/div>\n<\/div>\n<gcse:search><\/gcse:search>","protected":false},"excerpt":{"rendered":"<p>Apr\u00e8s les aveux de J\u00e9r\u00f4me Cahuzac, Fran\u00e7ois Hollande s\u2019est engag\u00e9 \u00e0\u00a0\u00ab \u00e9radiquer les paradis fiscaux \u00bb. Mais le projet de loi de \u00ab moralisation \u00bb soumis au Conseil des ministres ce 24 avril ne dit rien des deux principales mesures qu\u2019il a \u00e9voqu\u00e9es : la transparence des comptes des multinationales et la transmission automatique d\u2019informations [&hellip;]<\/p>\n","protected":false},"author":1,"featured_media":0,"comment_status":"open","ping_status":"closed","sticky":false,"template":"","format":"standard","meta":{"footnotes":""},"categories":[126,232],"tags":[43,103],"class_list":["post-8356","post","type-post","status-publish","format-standard","hentry","category-gauche-de-combat","category-notre-economie-et-la-leur","tag-appel","tag-demarche-citoyenne"],"_links":{"self":[{"href":"https:\/\/alternatifs81.fr\/index.php?rest_route=\/wp\/v2\/posts\/8356","targetHints":{"allow":["GET"]}}],"collection":[{"href":"https:\/\/alternatifs81.fr\/index.php?rest_route=\/wp\/v2\/posts"}],"about":[{"href":"https:\/\/alternatifs81.fr\/index.php?rest_route=\/wp\/v2\/types\/post"}],"author":[{"embeddable":true,"href":"https:\/\/alternatifs81.fr\/index.php?rest_route=\/wp\/v2\/users\/1"}],"replies":[{"embeddable":true,"href":"https:\/\/alternatifs81.fr\/index.php?rest_route=%2Fwp%2Fv2%2Fcomments&post=8356"}],"version-history":[{"count":0,"href":"https:\/\/alternatifs81.fr\/index.php?rest_route=\/wp\/v2\/posts\/8356\/revisions"}],"wp:attachment":[{"href":"https:\/\/alternatifs81.fr\/index.php?rest_route=%2Fwp%2Fv2%2Fmedia&parent=8356"}],"wp:term":[{"taxonomy":"category","embeddable":true,"href":"https:\/\/alternatifs81.fr\/index.php?rest_route=%2Fwp%2Fv2%2Fcategories&post=8356"},{"taxonomy":"post_tag","embeddable":true,"href":"https:\/\/alternatifs81.fr\/index.php?rest_route=%2Fwp%2Fv2%2Ftags&post=8356"}],"curies":[{"name":"wp","href":"https:\/\/api.w.org\/{rel}","templated":true}]}}