{"id":8350,"date":"2013-04-24T21:34:56","date_gmt":"2013-04-24T20:34:56","guid":{"rendered":"http:\/\/alternatifs81.fr\/?p=8350"},"modified":"2013-05-01T21:00:25","modified_gmt":"2013-05-01T20:00:25","slug":"8350","status":"publish","type":"post","link":"https:\/\/alternatifs81.fr\/?p=8350","title":{"rendered":"Le gouvernement contre l\u2019amnistie des syndicalistes tra\u00een\u00e9s en justice lors des mouvements sociaux"},"content":{"rendered":"<div class=\"separator\" style=\"clear: both; text-align: justify;\"><a style=\"clear: left; float: left; margin-bottom: 1em; margin-right: 1em;\" href=\"http:\/\/3.bp.blogspot.com\/-kPLc1Kz_JO0\/UXfnD__d8cI\/AAAAAAAAE9A\/nIW0OWx1Ylg\/s1600\/edc60c6c-81d6-11e2-862d-91f1a77ba3ac-493x328.jpg\" rel=\"lightbox[8350]\"><img loading=\"lazy\" decoding=\"async\" alt=\"\" src=\"http:\/\/3.bp.blogspot.com\/-kPLc1Kz_JO0\/UXfnD__d8cI\/AAAAAAAAE9A\/nIW0OWx1Ylg\/s320\/edc60c6c-81d6-11e2-862d-91f1a77ba3ac-493x328.jpg\" width=\"320\" height=\"212\" border=\"0\" \/><\/a><\/p>\n<h3><span style=\"font-family: Trebuchet MS, sans-serif;\"><b>Le ministre des Relations avec le Parlement, M. Vidalies, vient d\u2019annoncer que le gouvernement n\u2019\u00e9tait pas favorable \u00e0 l&rsquo;amnistie des syndicalistes tra\u00een\u00e9s en justice lors de mouvements sociaux. En clair, que le gouvernement ne soutiendra pas au Parlement le projet de loi, vot\u00e9 en premi\u00e8re lecture au S\u00e9nat, qui amnistiait a minima les syndicalistes poursuivis le plus souvent pour s\u2019\u00eatre mobilis\u00e9s contre des plans de licenciement et des provocations patronales.\u00a0<\/b><\/span> <span style=\"font-family: Trebuchet MS, sans-serif;\"><b>Cette d\u00e9claration abjecte sera all\u00e9e droit au c\u0153ur d\u2019un MEDEF qui n\u2019avait pas m\u00e9nag\u00e9 ses critiques apr\u00e8s le vote du S\u00e9nat. Et de l\u2019UMP.\u00a0<\/b><\/span><\/h3>\n<\/div>\n<h3 style=\"text-align: justify;\"><span style=\"font-family: Trebuchet MS, sans-serif;\"><b>Les Alternatifs consid\u00e8rent que cette d\u00e9cision gouvernementale, ahurissante pour un gouvernement qui ose encore se r\u00e9clamer de gauche, non seulement tourne le dos \u00e0 ses propres engagements mais s\u2019inscrit explicitement dans la lign\u00e9e sarkozyste de la criminalisation de l\u2019action syndicale.\u00a0<\/b><\/span> <a name=\"more\"><\/a><\/h3>\n<h3 style=\"text-align: justify;\"><span style=\"font-family: Trebuchet MS, sans-serif;\"><b>Les Alternatifs en appellent aux parlementaires socialistes et Europe \u00e9cologie Les Verts pour qu\u2019ils refusent cet \u00e9ni\u00e8me tournant pro-patronal du gouvernement Ayrault et votent la loi d\u2019amnistie. <\/b><\/span><\/h3>\n<gcse:search><\/gcse:search>","protected":false},"excerpt":{"rendered":"<p>Le ministre des Relations avec le Parlement, M. Vidalies, vient d\u2019annoncer que le gouvernement n\u2019\u00e9tait pas favorable \u00e0 l&rsquo;amnistie des syndicalistes tra\u00een\u00e9s en justice lors de mouvements sociaux. En clair, que le gouvernement ne soutiendra pas au Parlement le projet de loi, vot\u00e9 en premi\u00e8re lecture au S\u00e9nat, qui amnistiait a minima les syndicalistes poursuivis [&hellip;]<\/p>\n","protected":false},"author":1,"featured_media":0,"comment_status":"open","ping_status":"closed","sticky":false,"template":"","format":"standard","meta":{"footnotes":""},"categories":[9,126,295],"tags":[34,103,117,50,23,20],"class_list":["post-8350","post","type-post","status-publish","format-standard","hentry","category-communiques","category-gauche-de-combat","category-travail-2","tag-alternatifs","tag-demarche-citoyenne","tag-democratie","tag-discriminations","tag-luttes","tag-manifestations"],"_links":{"self":[{"href":"https:\/\/alternatifs81.fr\/index.php?rest_route=\/wp\/v2\/posts\/8350","targetHints":{"allow":["GET"]}}],"collection":[{"href":"https:\/\/alternatifs81.fr\/index.php?rest_route=\/wp\/v2\/posts"}],"about":[{"href":"https:\/\/alternatifs81.fr\/index.php?rest_route=\/wp\/v2\/types\/post"}],"author":[{"embeddable":true,"href":"https:\/\/alternatifs81.fr\/index.php?rest_route=\/wp\/v2\/users\/1"}],"replies":[{"embeddable":true,"href":"https:\/\/alternatifs81.fr\/index.php?rest_route=%2Fwp%2Fv2%2Fcomments&post=8350"}],"version-history":[{"count":0,"href":"https:\/\/alternatifs81.fr\/index.php?rest_route=\/wp\/v2\/posts\/8350\/revisions"}],"wp:attachment":[{"href":"https:\/\/alternatifs81.fr\/index.php?rest_route=%2Fwp%2Fv2%2Fmedia&parent=8350"}],"wp:term":[{"taxonomy":"category","embeddable":true,"href":"https:\/\/alternatifs81.fr\/index.php?rest_route=%2Fwp%2Fv2%2Fcategories&post=8350"},{"taxonomy":"post_tag","embeddable":true,"href":"https:\/\/alternatifs81.fr\/index.php?rest_route=%2Fwp%2Fv2%2Ftags&post=8350"}],"curies":[{"name":"wp","href":"https:\/\/api.w.org\/{rel}","templated":true}]}}