{"id":8336,"date":"2013-04-23T21:44:24","date_gmt":"2013-04-23T20:44:24","guid":{"rendered":"http:\/\/alternatifs81.fr\/?p=8336"},"modified":"2013-05-01T21:01:22","modified_gmt":"2013-05-01T20:01:22","slug":"le-scandale-ne-doit-pas-cacher-le-systeme-lappel-des-alternatifs-aux-manifestations-du-1er-mai-et-du-5-ma","status":"publish","type":"post","link":"https:\/\/alternatifs81.fr\/?p=8336","title":{"rendered":"Le scandale ne doit pas cacher le syst\u00e8me ! L&rsquo;appel des Alternatifs aux manifestations du 1er mai et du 5 ma"},"content":{"rendered":"<p>&nbsp;<\/p>\n<div class=\"post-header\"><\/div>\n<p>&nbsp;<\/p>\n<div class=\"separator\" style=\"clear: both; text-align: center;\"><a style=\"clear: left; float: left; margin-bottom: 1em; margin-right: 1em;\" href=\"http:\/\/3.bp.blogspot.com\/-8tUBqR26QwY\/UXaQI1hkrfI\/AAAAAAAAE8E\/Ncw4tGxfJXI\/s1600\/1ermai2013.jpg\" rel=\"lightbox[8336]\"><img loading=\"lazy\" decoding=\"async\" alt=\"\" src=\"http:\/\/3.bp.blogspot.com\/-8tUBqR26QwY\/UXaQI1hkrfI\/AAAAAAAAE8E\/Ncw4tGxfJXI\/s320\/1ermai2013.jpg\" width=\"320\" height=\"296\" border=\"0\" \/><\/a><\/div>\n<p style=\"text-align: justify;\"><span style=\"font-family: Trebuchet MS, sans-serif;\"><b><br \/>\n<\/b><\/span> <span style=\"font-family: Trebuchet MS, sans-serif;\"><b>Un ministre socialiste pratiquant la dissimulation et l\u2019\u00e9vasion fiscales fait d\u00e9sordre, surtout quand ce ministre est repr\u00e9sentatif, parmi d\u2019autres, de la main tendue par Fran\u00e7ois Hollande \u00e0 la finance et le propagandiste z\u00e9l\u00e9 des sacrifices pour les classes populaire. Et voir s\u2019indigner des journalistes habituellement z\u00e9lateurs du lib\u00e9ralisme, qui hier pourfendaient les <i>\u00ab\u00a0proc\u00e9d\u00e9s douteux\u00a0\u00bb<\/i> de confr\u00e8res plus combatifs, est assez \u00e9tonnant.\u00a0<\/b><\/span> <span style=\"font-family: Trebuchet MS, sans-serif;\"><b>H\u00e9las, les mesures de \u00ab\u00a0<\/b><i style=\"font-weight: bold;\">moralisation de la vie politique<\/i><b>\u00a0\u00bb propos\u00e9es par le pouvoir ne s\u2019attaqueront qu&rsquo;aux effets, pas aux causes.\u00a0<\/b><\/span> <span style=\"font-family: Trebuchet MS, sans-serif; font-size: large;\"><b>\u00ab\u00a0<\/b><\/span><\/p>\n<p style=\"text-align: justify;\"><span style=\"font-family: Trebuchet MS,sans-serif; font-size: large; color: #808000;\"><i><b>Trop de d\u00e9mocratie tue la libert\u00e9 d&rsquo;entreprendre !<\/b><\/i><b>\u00a0\u00bb\u00a0<\/b><\/span><br \/>\n<span style=\"font-family: Trebuchet MS, sans-serif;\"><b><br \/>\n<\/b><\/span> <span style=\"font-family: Trebuchet MS, sans-serif;\"><b>Sous le terme de \u00ab\u00a0<i>gouvernance<\/i>\u00ab\u00a0, qui rel\u00e8gue au rang de vieilleries superflues le conflit politique et social, voire le vote lui m\u00eame, pointe la tentation autoritaire. Les oligarchies et les gouvernements qui appliquent leur politique, veulent imposer partout en Europe, contre la volont\u00e9 des peuples, des politiques d&rsquo;aust\u00e9rit\u00e9 et de r\u00e9gression sociale.\u00a0<\/b><\/span> <span style=\"font-family: Trebuchet MS, sans-serif;\"><b>On se souvient de la rage des dominants apr\u00e8s la victoire du NON au projet de Trait\u00e9 Constitutionnel Europ\u00e9en en 2005, et leur promptitude \u00e0 contourner la volont\u00e9 populaire. Leur r\u00e9ponse est de plus en plus la concentration, l\u2019opacit\u00e9, la mise hors du contr\u00f4le citoyen des proc\u00e9dures de d\u00e9cision.\u00a0<\/b><\/span> <a name=\"more\"><\/a> <span style=\"font-family: Trebuchet MS, sans-serif;\"><b>Et ce d\u00e9ni de d\u00e9mocratie s&rsquo;accompagne du matraquage de la pens\u00e9e unique \u00e9conomique lib\u00e9rale, du recours \u00e0 des experts qui ne<!--more--> sont le plus souvent que la voix de leur ma\u00eetre, la finance.\u00a0<\/b><\/span><\/p>\n<p style=\"text-align: justify;\"><span style=\"font-family: Trebuchet MS,sans-serif; font-size: large; color: #008000;\"><b>Du pareil au m\u00eame &#8230;\u00a0<\/b><\/span><br \/>\n<span style=\"font-family: Trebuchet MS, sans-serif;\"><b><br \/>\n<\/b><\/span> <span style=\"font-family: Trebuchet MS, sans-serif;\"><b>En France, comme au niveau de l\u2019Union Europ\u00e9enne, il s\u2019agit de vider la d\u00e9mocratie de tout contenu r\u00e9el. pour laisser le champ libre aux march\u00e9s Et qu\u2019importe, au bout du compte, qu\u2019\u00e9quipes de \u00ab\u00a0<i>gauche<\/i>\u00a0\u00bb ou de droite se succ\u00e8dent, puisque le coeur du syst\u00e8me est pr\u00e9serv\u00e9. Le \u00ab\u00a0<i>Financial Times\u00a0\u00bb<\/i>, journal bien repr\u00e9sentatif des milieux d\u2019affaires britanniques, se consolait avant le premier tour des \u00e9lections italiennes, de l\u2019\u00e9chec pr\u00e9visible de Monti, candidat du syst\u00e8me financier, en esp\u00e9rant un gouvernement stable de centre gauche \u00e0 m\u00eame de garder le cap.\u00a0<\/b><\/span><\/p>\n<p style=\"text-align: justify;\"><span style=\"font-family: Trebuchet MS,sans-serif; color: #808000;\"><b><span style=\"font-size: large;\">Pour une d\u00e9mocratie active<\/span>\u00a0<\/b><\/span><br \/>\n<span style=\"font-family: Trebuchet MS, sans-serif;\"><b><br \/>\n<\/b><\/span> <span style=\"font-family: Trebuchet MS, sans-serif;\"><b>Elle doit s\u2019appuyer d\u00e8s \u00e0 pr\u00e9sent sur une d\u00e9mocratisation radicale de la d\u00e9mocratie repr\u00e9sentative : syst\u00e8me \u00e9lectoral proportionnel, parit\u00e9, non cumul et limitation du nombre de mandats successifs, lutte contre la professionnalisation, limitation des pouvoirs des ex\u00e9cutifs (gouvernement, maires, pr\u00e9sidents de d\u00e9partement ou de r\u00e9gion etc\u2026) au profit d&rsquo;assembl\u00e9es \u00e9lues, rejet du Pr\u00e9sidentialisme&#8230;\u00a0<\/b><\/span> <span style=\"font-family: Trebuchet MS, sans-serif;\"><b>Au del\u00e0, un processus constituant est n\u00e9cessaire pour ouvrir la voie \u00e0 une d\u00e9mocratie active, sociale et \u00e9cologique. Mais rien ne se fera sans le d\u00e9veloppement de contre-pouvoirs, syndicaux, associatifs, la mobilisation populaire, l\u2019exp\u00e9rimentation autogestionnaire. La conqu\u00eate de droits nouveaux, politiques, sociaux, notamment dans les entreprises est aussi une priorit\u00e9.\u00a0<\/b><\/span> <span style=\"font-family: Trebuchet MS, sans-serif;\"><b>L&rsquo;\u00e9galit\u00e9 des droits, c&rsquo;est notre r\u00e9ponse \u00e0 la mobilisation de la droite et de l&rsquo;extr\u00eame droite, comme aux discriminations. Enfin la mise hors marchandisation, de larges secteurs comme la sant\u00e9 ou l\u2019\u00e9ducation est un butoir contre la dictature, molle ou brutale selon les cas, du capitalisme financiaris\u00e9.\u00a0<\/b><\/span><\/p>\n<p style=\"text-align: justify;\"><span style=\"color: #808000;\"><span style=\"font-family: Trebuchet MS,sans-serif;\"><b><br \/>\n<\/b><\/span> <span style=\"font-family: Trebuchet MS,sans-serif; font-size: large;\"><b>Ensemble contre l\u2019aust\u00e9rit\u00e9\u00a0<\/b><\/span><\/span><br \/>\n<span style=\"font-family: Trebuchet MS, sans-serif;\"><b><br \/>\n<\/b><\/span> <span style=\"font-family: Trebuchet MS, sans-serif;\"><b>Que les gouvernants ne soient pas des \u00e9vad\u00e9s fiscaux n\u2019est pas une mauvaise chose, mais la question cl\u00e9 demeure : resteront-ils les gestionnaires loyaux des int\u00e9r\u00eats de l\u2019oligarchie ? En France, le gouvernement garde l\u2019oeil riv\u00e9 sur les taux d\u2019int\u00e9r\u00eat et les ukases des agences de notation, et il a port\u00e9 \u00e0 bout de bras l&rsquo;accord ANI entre le MEDEF et certains syndicats, accord qui place les salari\u00e9-e-s en position de faiblesse face aux pressions patronales&#8230;<\/b><\/span> <span style=\"font-family: Trebuchet MS, sans-serif;\"><b>Il faudra plus que des mesures de moralisation de la vie publique pour changer <\/b><\/span><span style=\"font-family: Trebuchet MS, sans-serif;\"><b><br \/>\n<\/b><\/span> <span style=\"color: #808000;\"><em><span style=\"font-family: Trebuchet MS,sans-serif;\"><b>Reprendre la rue pour ne pas la laisser \u00e0 la droite et aux fascistes, rejoindre les mobilisations populaires contre l&rsquo;aust\u00e9rit\u00e9 et la pr\u00e9carisation qui se multiplient, notamment en Europe du Sud, c&rsquo;est le moment ! <\/b><\/span><\/em><\/span><\/p>\n<gcse:search><\/gcse:search>","protected":false},"excerpt":{"rendered":"<p>&nbsp; &nbsp; Un ministre socialiste pratiquant la dissimulation et l\u2019\u00e9vasion fiscales fait d\u00e9sordre, surtout quand ce ministre est repr\u00e9sentatif, parmi d\u2019autres, de la main tendue par Fran\u00e7ois Hollande \u00e0 la finance et le propagandiste z\u00e9l\u00e9 des sacrifices pour les classes populaire. Et voir s\u2019indigner des journalistes habituellement z\u00e9lateurs du lib\u00e9ralisme, qui hier pourfendaient les \u00ab\u00a0proc\u00e9d\u00e9s [&hellip;]<\/p>\n","protected":false},"author":1,"featured_media":0,"comment_status":"open","ping_status":"closed","sticky":false,"template":"","format":"standard","meta":{"footnotes":""},"categories":[126,21,173],"tags":[34,103,117,20],"class_list":["post-8336","post","type-post","status-publish","format-standard","hentry","category-gauche-de-combat","category-les-alters-dans-les-luttes","category-no-pasaran","tag-alternatifs","tag-demarche-citoyenne","tag-democratie","tag-manifestations"],"_links":{"self":[{"href":"https:\/\/alternatifs81.fr\/index.php?rest_route=\/wp\/v2\/posts\/8336","targetHints":{"allow":["GET"]}}],"collection":[{"href":"https:\/\/alternatifs81.fr\/index.php?rest_route=\/wp\/v2\/posts"}],"about":[{"href":"https:\/\/alternatifs81.fr\/index.php?rest_route=\/wp\/v2\/types\/post"}],"author":[{"embeddable":true,"href":"https:\/\/alternatifs81.fr\/index.php?rest_route=\/wp\/v2\/users\/1"}],"replies":[{"embeddable":true,"href":"https:\/\/alternatifs81.fr\/index.php?rest_route=%2Fwp%2Fv2%2Fcomments&post=8336"}],"version-history":[{"count":0,"href":"https:\/\/alternatifs81.fr\/index.php?rest_route=\/wp\/v2\/posts\/8336\/revisions"}],"wp:attachment":[{"href":"https:\/\/alternatifs81.fr\/index.php?rest_route=%2Fwp%2Fv2%2Fmedia&parent=8336"}],"wp:term":[{"taxonomy":"category","embeddable":true,"href":"https:\/\/alternatifs81.fr\/index.php?rest_route=%2Fwp%2Fv2%2Fcategories&post=8336"},{"taxonomy":"post_tag","embeddable":true,"href":"https:\/\/alternatifs81.fr\/index.php?rest_route=%2Fwp%2Fv2%2Ftags&post=8336"}],"curies":[{"name":"wp","href":"https:\/\/api.w.org\/{rel}","templated":true}]}}