{"id":8334,"date":"2013-04-23T21:36:07","date_gmt":"2013-04-23T20:36:07","guid":{"rendered":"http:\/\/alternatifs81.fr\/?p=8334"},"modified":"2013-04-23T21:36:07","modified_gmt":"2013-04-23T20:36:07","slug":"contre-les-violences-des-manifs-anti-mariage","status":"publish","type":"post","link":"https:\/\/alternatifs81.fr\/?p=8334","title":{"rendered":"Contre les violences des \u00ab manifs anti-mariage \u00bb"},"content":{"rendered":"<h3 class=\"surtitre\"><span style=\"color: #808000;\"><em><strong>Contre les violences des \u00ab\u00a0manifs anti-mariage\u00a0\u00bb<\/strong> <\/em><\/span><\/h3>\n<p>&nbsp;<\/p>\n<h2 class=\"titre\"><span style=\"color: #008000;\">Communiqu\u00e9 de la commission LGBTI<\/span><\/h2>\n<p>&nbsp;<\/p>\n<p>&nbsp;<\/p>\n<div class=\"chapo\">\n<h3 style=\"text-align: justify;\"><img loading=\"lazy\" decoding=\"async\" class=\"alignleft size-full wp-image-7188\" style=\"margin: 12px;\" alt=\"arton688-845e0\" src=\"http:\/\/alternatifs81.fr\/wp-content\/uploads\/arton688-845e0.jpg\" width=\"142\" height=\"150\" \/>Les Alternatifs condamnent les actes r\u00e9p\u00e9t\u00e9s de violence en lien avec le projet de loi autorisant le mariage pour tous, ainsi que les faux arguments qui en sont \u00e0 l\u2019origine.<\/h3>\n<\/div>\n<div class=\"texte\">\n<h3 style=\"text-align: justify;\">Depuis le d\u00e9but des \u00e9changes entourant le projet de loi, on assiste \u00e0 une escalade de la violence, verbale, stigmatisant les \u00ab\u00a0lesb, gay, trans\u00a0\u00bb et physique, s\u2019en prenant aux manifestants contre les \u00ab\u00a0anti-\u00a0\u00bb mariage et plus r\u00e9cemment \u00e0 un bar gay \u00e0 Lille. Cette violence n\u2019est pas nouvelle, mais \u00e0 pr\u00e9sent, alors qu\u2019elle a fait son entr\u00e9e \u00e0 l\u2019assembl\u00e9e nationale, une partie de la population la revendique comme \u00ab\u00a0l\u00e9gitime\u00a0\u00bb, au moment o\u00f9 l\u2019UMP et le FN instrumentalisent le d\u00e9bat et la mobilisation des catholiques extr\u00e9mistes pour attirer les faveurs d\u2019une partie de l\u2019\u00e9lectorat.<\/h3>\n<h3 style=\"text-align: justify;\">Les meneurs des \u00ab\u00a0manifs anti-mariage\u00a0\u00bb sont les premiers responsables, poussant leur sentiment d\u2019impunit\u00e9 jusqu\u2019\u00e0 d\u00e9clarer\u00a0: \u00ab\u00a0Hollande veut du sang, il en aura\u00a0!\u00a0\u00bb Les manifestants qui les suivent donnent une ampleur r\u00e9pr\u00e9hensible \u00e0 leur logique guerri\u00e8re. On n\u2019ose imaginer le sort r\u00e9serv\u00e9 \u00e0 un enfant homosexuel n\u00e9 dans ces familles qui se pensent respectables\u00a0! Fran\u00e7ois Hollande d\u00e9nonce les actes \u00ab\u00a0homophobes\u00a0\u00bb et \u00ab\u00a0violents\u00a0\u00bb commis par des opposants au mariage homosexuel.<\/h3>\n<p><span style=\"color: #808000;\"> <strong>Les Alternatifs estiment que le mouvement d\u2019opposition \u00e0 l\u2019\u00e9galit\u00e9 des droits en France est coupable et doit \u00eatre stopp\u00e9\u00a0!<\/strong><\/span><\/p>\n<p><span style=\"color: #0000ff;\"><em><strong>20 avril 2013 <\/strong><\/em><\/span><\/p>\n<p><span style=\"color: #0000ff;\"><em><strong>Commission LGBTI<\/strong><\/em><\/span><\/p>\n<\/div>\n<gcse:search><\/gcse:search>","protected":false},"excerpt":{"rendered":"<p>Contre les violences des \u00ab\u00a0manifs anti-mariage\u00a0\u00bb &nbsp; Communiqu\u00e9 de la commission LGBTI &nbsp; &nbsp; Les Alternatifs condamnent les actes r\u00e9p\u00e9t\u00e9s de violence en lien avec le projet de loi autorisant le mariage pour tous, ainsi que les faux arguments qui en sont \u00e0 l\u2019origine. Depuis le d\u00e9but des \u00e9changes entourant le projet de loi, on [&hellip;]<\/p>\n","protected":false},"author":1,"featured_media":0,"comment_status":"open","ping_status":"closed","sticky":false,"template":"","format":"standard","meta":{"footnotes":""},"categories":[9,149,126],"tags":[103,50,306],"class_list":["post-8334","post","type-post","status-publish","format-standard","hentry","category-communiques","category-feminisme","category-gauche-de-combat","tag-demarche-citoyenne","tag-discriminations","tag-homophobie"],"_links":{"self":[{"href":"https:\/\/alternatifs81.fr\/index.php?rest_route=\/wp\/v2\/posts\/8334","targetHints":{"allow":["GET"]}}],"collection":[{"href":"https:\/\/alternatifs81.fr\/index.php?rest_route=\/wp\/v2\/posts"}],"about":[{"href":"https:\/\/alternatifs81.fr\/index.php?rest_route=\/wp\/v2\/types\/post"}],"author":[{"embeddable":true,"href":"https:\/\/alternatifs81.fr\/index.php?rest_route=\/wp\/v2\/users\/1"}],"replies":[{"embeddable":true,"href":"https:\/\/alternatifs81.fr\/index.php?rest_route=%2Fwp%2Fv2%2Fcomments&post=8334"}],"version-history":[{"count":0,"href":"https:\/\/alternatifs81.fr\/index.php?rest_route=\/wp\/v2\/posts\/8334\/revisions"}],"wp:attachment":[{"href":"https:\/\/alternatifs81.fr\/index.php?rest_route=%2Fwp%2Fv2%2Fmedia&parent=8334"}],"wp:term":[{"taxonomy":"category","embeddable":true,"href":"https:\/\/alternatifs81.fr\/index.php?rest_route=%2Fwp%2Fv2%2Fcategories&post=8334"},{"taxonomy":"post_tag","embeddable":true,"href":"https:\/\/alternatifs81.fr\/index.php?rest_route=%2Fwp%2Fv2%2Ftags&post=8334"}],"curies":[{"name":"wp","href":"https:\/\/api.w.org\/{rel}","templated":true}]}}