{"id":8291,"date":"2013-04-12T12:51:12","date_gmt":"2013-04-12T11:51:12","guid":{"rendered":"http:\/\/alternatifs81.fr\/?p=8291"},"modified":"2013-04-17T16:00:51","modified_gmt":"2013-04-17T15:00:51","slug":"non-a-la-disparition-des-associations","status":"publish","type":"post","link":"https:\/\/alternatifs81.fr\/?p=8291","title":{"rendered":"\u00ab\u00a0Non \u00e0 la disparition des associations\u00a0\u00bb &#8211;"},"content":{"rendered":"<h2 class=\"date-header\"><\/h2>\n<div class=\"date-posts\">\n<div class=\"post-outer\">\n<div class=\"post hentry\" itemprop=\"blogPost\" itemscope=\"itemscope\" itemtype=\"http:\/\/schema.org\/BlogPosting\"><a name=\"2323697537760578707\"><\/a><\/p>\n<h3 class=\"post-title entry-title\" itemprop=\"name\">\u00a0 <span style=\"color: #808000;\"><em>Appel \u00e0 une mobilisation commune pour le maintien des financements associatifs et la reconnaissance du r\u00f4le des associations dans la soci\u00e9t\u00e9 <\/em><\/span><\/h3>\n<div class=\"post-header\"><\/div>\n<div class=\"post-body entry-content\" id=\"post-body-2323697537760578707\" itemprop=\"description articleBody\" style=\"text-align: justify;\">\n<div class=\"separator\" style=\"clear: both; text-align: center;\"><a style=\"clear: left; float: left; margin-bottom: 1em; margin-right: 1em;\" href=\"http:\/\/1.bp.blogspot.com\/-o4TAxwx_Gvc\/UWfTL19aAjI\/AAAAAAAAE34\/gsTpTw8xQsE\/s1600\/ensemble.jpg\" rel=\"lightbox[8291]\"><img decoding=\"async\" alt=\"\" src=\"http:\/\/1.bp.blogspot.com\/-o4TAxwx_Gvc\/UWfTL19aAjI\/AAAAAAAAE34\/gsTpTw8xQsE\/s1600\/ensemble.jpg\" border=\"0\" \/><\/a><\/div>\n<p><span style=\"font-family: Trebuchet MS, sans-serif;\"><b><br \/>\n<\/b><\/span><\/p>\n<h3><span style=\"font-family: Trebuchet MS, sans-serif;\"><b>Pour signer l&rsquo;appel : <a href=\"http:\/\/www.nondisparitionassociations.net\/\">www.nondisparitionassociations.net\u00a0<\/a><\/b><\/span><\/h3>\n<h3><span style=\"font-family: Trebuchet MS, sans-serif;\"><b><br \/>\n<\/b><\/span> <span style=\"font-family: Trebuchet MS, sans-serif;\"><b>Le gouvernement a entrepris de red\u00e9finir le cadre des relations entre l&rsquo;\u00c9tat, les collectivit\u00e9s et les associations, ainsi que la l\u00e9gislation et la r\u00e9glementation relatives au financement des associations. Ces initiatives sont opportunes et importantes car les d\u00e9cisions prises dans ce domaine vont fixer le cadre institutionnel et r\u00e9glementaire, sans doute pour longtemps. Mais cela ne saurait faire oublier que le m\u00eame gouvernement a annonc\u00e9 pour 2014 de nouvelles coupes sombres dans le budget de l&rsquo;\u00c9tat et des collectivit\u00e9s, s&rsquo;ajoutant \u00e0 la r\u00e9duction drastique des cr\u00e9dits en 2013.\u00a0<\/b><\/span><\/h3>\n<h3><span style=\"font-family: Trebuchet MS, sans-serif;\"><b><br \/>\n<\/b><\/span> <span style=\"font-family: Trebuchet MS, sans-serif;\"><b>Le pr\u00e9sident de l&rsquo;Association des Maires de France a d\u00e9nonc\u00e9 une situation \u00ab\u00a0<i>qui risque de peser sur les subventions aux associations\u00a0\u00bb.<\/i>\u00a0<\/b><\/span><\/h3>\n<h3><span style=\"font-family: Trebuchet MS, sans-serif;\"><b><br \/>\n<\/b><\/span> <span style=\"font-family: Trebuchet MS, sans-serif;\"><b>On ne peut pas assister passivement \u00e0 la disparition d&rsquo;un nombre sans cesse croissant d&rsquo;associations, alors que celles-ci constituent l&rsquo;un des piliers de notre vie d\u00e9mocratique, sociale, civique et culturelle. Les associations sont l&rsquo;un des creusets de la d\u00e9mocratie et de la participation citoyenne. Elles jouent un r\u00f4le indispensable de<!--more--> renforcement de la coh\u00e9sion sociale, de d\u00e9veloppement de l&rsquo;activit\u00e9 et de l&#8217;emploi et de pr\u00e9servation des droits fondamentaux. Aucune soci\u00e9t\u00e9 ne peut exister sans leur apport.\u00a0<\/b><\/span><\/h3>\n<h3><span style=\"font-family: Trebuchet MS, sans-serif;\"><b><br \/>\n<\/b><\/span> <span style=\"font-family: Trebuchet MS, sans-serif;\"><b>C&rsquo;est pourquoi les associations, r\u00e9seaux d&rsquo;associations et \u00e9lus signataires affirment qu&rsquo;ils ne laisseront pas d\u00e9truire sans r\u00e9agir le tissu associatif de nos territoires et de nos villes. Les associations refusent d&rsquo;\u00eatre la variable d&rsquo;ajustement des diminutions des financements publics et appellent \u00e0 se mobiliser.\u00a0<\/b><\/span><\/h3>\n<h3><a name=\"more\"><\/a><\/h3>\n<h3><span style=\"font-family: Trebuchet MS, sans-serif;\"><b><br \/>\n<\/b><\/span> <span style=\"font-family: Trebuchet MS, sans-serif;\"><b>Les signataires demandent \u00e0 l&rsquo;Etat et aux collectivit\u00e9s d&rsquo;adopter 6 orientations :\u00a0<\/b><\/span><\/h3>\n<h3><span style=\"font-family: Trebuchet MS, sans-serif;\"><b><br \/>\n<\/b><\/span> <span style=\"font-family: Trebuchet MS, sans-serif;\"><b>\u00a01 La restauration d&rsquo;un climat de confiance doit se traduire par la reconnaissance de leur r\u00f4le et par le d\u00e9veloppement des financements associatifs, pour que la dynamique associative soit en mesure de contribuer \u00e0 l&rsquo;int\u00e9r\u00eat g\u00e9n\u00e9ral. En particulier, des 2014, l&rsquo;\u00c9tat et les collectivit\u00e9s doivent apporter aux associations les moyens d&rsquo;exercer leurs missions en maintenant les lignes de cr\u00e9dits n\u00e9cessaires (il ne s&rsquo;agit pas du service civique).\u00a0<\/b><\/span><\/h3>\n<h3><span style=\"font-family: Trebuchet MS, sans-serif;\"><b><br \/>\n<\/b><\/span> <span style=\"font-family: Trebuchet MS, sans-serif;\"><b>\u00a02 La subvention constitue un mode de financement l\u00e9gal qui doit \u00eatre confort\u00e9 et privil\u00e9gi\u00e9. Elle ne constitue pas la compensation d&rsquo;un service rendu mais la reconnaissance de l&rsquo;int\u00e9r\u00eat d&rsquo;un projet associatif. Les subventions de fonctionnement doivent \u00eatre d\u00e9velopp\u00e9es. Les appels \u00e0 projets constituent des formes parfois proches de celles des appels d&rsquo;offres et ne sauraient devenir le mode habituel d&rsquo;attribution des subventions.\u00a0<\/b><\/span><\/h3>\n<h3><span style=\"font-family: Trebuchet MS, sans-serif;\"><b><br \/>\n<\/b><\/span> <span style=\"font-family: Trebuchet MS, sans-serif;\"><b>\u00a03. La plupart des actions associatives ne sont pas des activit\u00e9s \u00e9conomiques au sens europ\u00e9en du terme et doivent donc \u00eatre consid\u00e9r\u00e9es comme des activit\u00e9s non \u00e9conomiques ou des services non \u00e9conomiques d&rsquo;int\u00e9r\u00eat g\u00e9n\u00e9ral. Comme le permet la r\u00e8glementation europ\u00e9enne, le gouvernement doit soustraire ces activit\u00e9s \u00e0 l&rsquo;extension ind\u00e9finie du champ de la concurrence, en r\u00e9servant, lorsque la nature du service le justifie, la r\u00e9alisation des actions d&rsquo;int\u00e9r\u00eat g\u00e9n\u00e9ral \u00e0 des op\u00e9rateurs ne poursuivant aucun but lucratif.\u00a0<\/b><\/span><\/h3>\n<h3><span style=\"font-family: Trebuchet MS, sans-serif;\"><b><br \/>\n<\/b><\/span> <span style=\"font-family: Trebuchet MS, sans-serif;\"><b>\u00a04 La diversit\u00e9 associative est un tr\u00e9sor national qui doit \u00eatre pr\u00e9serv\u00e9. Il est n\u00e9cessaire de distinguer les cas des associations relevant du r\u00e9gime europ\u00e9en d&rsquo;encadrement des aides d&rsquo;\u00c9tat et la tr\u00e8s grande majorit\u00e9 des associations qui n&rsquo;en rel\u00e8vent pas, et n&rsquo;ont pas besoin de mandatement pour recevoir un soutien public. Il faut \u00e9galement lutter contre les politiques d\u00e9lib\u00e9r\u00e9es de certaines collectivit\u00e9s et de l&rsquo;Etat visant \u00e0 r\u00e9duire le nombre d&rsquo;associations, et d\u00e9finir un cadre juridique, comptable et administratif adapt\u00e9 aux petites et moyennes associations.\u00a0<\/b><\/span><\/h3>\n<h3><span style=\"font-family: Trebuchet MS, sans-serif;\"><b><br \/>\n<\/b><\/span> <span style=\"font-family: Trebuchet MS, sans-serif;\"><b>\u00a05 La participation citoyenne doit \u00eatre encourag\u00e9e pour donner une place centrale au citoyen dans la vie politique et \u00e0 l&rsquo;engagement du plus grand nombre. Elle passe notamment par une p\u00e9dagogie de la citoyennet\u00e9 et une architecture institutionnelle dynamique, favorisant un \u00e9cod\u00e9veloppement local participatif et solidaire, des relations partenariales entre les associations et les collectivit\u00e9s. Les 3 lois de d\u00e9centralisation doivent aborder ces points.\u00a0<\/b><\/span><\/h3>\n<h3><span style=\"font-family: Trebuchet MS, sans-serif;\"><b><br \/>\n<\/b><\/span> <span style=\"font-family: Trebuchet MS, sans-serif;\"><b>\u00a06 Ces enjeux concernent de nombreuses politiques publiques, notamment en mati\u00e8re d&rsquo;\u00e9cod\u00e9veloppement, d&rsquo;\u00e9ducation populaire, de d\u00e9fense des droits, de coh\u00e9sion sociale, sant\u00e9&#8230; C&rsquo;est pourquoi la consolidation de la vie associative, annonc\u00e9e par le Pr\u00e9sident au cours de la campagne pr\u00e9sidentielle, doit \u00eatre l&rsquo;objectif de l&rsquo;ensemble du gouvernement et faire l&rsquo;objet d&rsquo;un engagement du Premier ministre. Les signataires appellent les associations et les citoyens \u00e0 manifester leur soutien \u00e0 cet appel par leur signature et par leur action. Pour sortir de la crise globale, aller vers une soci\u00e9t\u00e9 participative, soutenable et \u00e0 finalit\u00e9 humaine, les associations sont et seront demain indispensables pour innover, inventer des alternatives.\u00a0<\/b><\/span><\/h3>\n<h3><span style=\"font-family: Trebuchet MS, sans-serif;\"><b><br \/>\n<\/b><\/span> <span style=\"font-family: Trebuchet MS, sans-serif;\"><b><br \/>\n<\/b><\/span> <span style=\"font-family: Trebuchet MS, sans-serif;\"><b>Signez et faites signer largement autour de vous cet appel, faites conna\u00eetre vos difficult\u00e9s et vos possibilit\u00e9s d&rsquo;action, en allant sur le site <a href=\"http:\/\/www.nondisparitionassociations.net\/\">www.nondisparitionassociations.net\u00a0<\/a><\/b><\/span><\/h3>\n<p><span style=\"font-family: Trebuchet MS, sans-serif;\"><b><br \/>\n<\/b><\/span> <span style=\"color: #0000ff;\"><em><strong><span style=\"font-family: Trebuchet MS,sans-serif;\">Organisations : AAAP Accueil Paysan &#8211; ACEPP (collectifs parents enfants professionnels) &#8211; AITEC (asso. internationale des techniciens, experts et chercheurs) -AMI (ass.nle de D\u00e9fense des malades et handicap\u00e9s) &#8211; ANVP (association nationale des visiteurs de prisons) &#8211; Appel des appels Arc en Ciel Th\u00e9\u00e2tre Arc en Ciel Th\u00e9\u00e2tre Midi-Pyr\u00e9n\u00e9es &#8211; ATTAC France &#8211; CNFR (Conf\u00e9d\u00e9ration nationale des Foyers ruraux) &#8211; CNLRQ (Comit\u00e9 national de liaison des r\u00e9gies de quartier) &#8211; Collectif des associations citoyennes &#8211; CRID (collectif d\u2019associations de solidarit\u00e9 internatle) &#8211; ESPACES &#8211; \u00a0 F\u00e9d\u00e9ration des centres sociaux et socioculturels de Paris &#8211; FONDATION COPERNIC -FONDATION SCIENCES CITOYENNES FORESCO (r\u00e9seau d&rsquo;\u00e9change de savoirs) &#8211; GRAINE Ile de France &#8211; INTERMEDES (Longjumeau 91) Ligue des Droits de l\u2019Homme MES (Mouvement pour l\u2019\u00e9conomie solidaire) MRAP (Mouvement contre le racisme et pour l&rsquo;amiti\u00e9 entre les peuples) Mouvement Am\u00e9rique (de langue) Fran\u00e7aise Paris Centre OPALE (centre nal d\u2019appui et de ressources culture) PACTES LOCAUX PEUPLE ET CULTURE RECIT (r\u00e9seau des \u00e9coles de citoyens) SEP (Syndicat UNSA de l&rsquo;\u00c9ducation Populaire) Silex Labs Traverses (Paris 19\u00e8me) UFISC (Union f\u00e9d\u00e9rale d\u2019intervention des structures culturelles) UNADEL (union nationale des acteurs du d\u00e9veloppement local) Individus Paul ARIES politologue, r\u00e9dacteur en chef de \u00ab\u00a0La vie est \u00e0 nous\u00a0\u00bb Pascal AUBERT, militant associatif Genevi\u00e8ve AZAM, \u00e9conomiste, militante associative, ATTAC Denise BARRIOLADE, inspectrice principale jeunesse et sports honoraire Emeline BAUME, Conseill\u00e8re Grand Lyon, D\u00e9l\u00e9gu\u00e9e \u00e0 l\u2019ESS (\u00e9cologiste) Miguel BENASAYAG, philosophe, psychanalyste, chercheur Lela BENCHARIF, Vice pr\u00e9sidente Conseil R\u00e9gional Rh\u00f4ne Alpes vie associative citoyennet\u00e9 (\u00e9cologiste) Jean Claude BOUAL, CELSIG (centre europ\u00e9en de liaison des services d&rsquo;int\u00e9r\u00eat g\u00e9n\u00e9ral) Michel BOURGAIN, maire de l&rsquo;\u00cele-Saint-Denis Bruno BOURGAREL, militant associatif Brigitte CAHEN, Inspectrice g\u00e9n\u00e9rale Jeunesse et Sports honoraire Marie Dominique CAL\u00c7A, Universit\u00e9 Lyon II Dominique CELLIER, militant associatif Henryane de CHAPONAY, CEDAL (centre d&rsquo;\u00e9tudes et de d\u00e9veloppement pour l&rsquo;Am\u00e9rique latine) Michel CHAUVI\u00c8RE, Appel des appels, MP4 Jean-Marie CHOSSON, Conseiller r\u00e9gional Rh\u00f4ne-Alpes (Europe \u00e9cologie les Verts) Jean-Louis COMOLLI, Cin\u00e9aste Pierre CONCIALDI, \u00e9conomiste Marie COUSIN, Pt Association Icare Thomas COUTROT, co-pr\u00e9sident d\u2019ATTAC Monique DENTAL, r\u00e9seau f\u00e9ministe Ruptures Danielle DESGUEES, Dir. G\u00e9n. de BGE Paris (Boutiques de gestion) Alain DETOLLE, co-r\u00e9dacteur en chef d\u2019Associations mode d\u2019emploi Jean-Fran\u00e7ois DRAPERI, Resp. Centre d&rsquo;\u00e9conomie sociale conservatoire national des arts et m\u00e9tiers Olivier DULUCQ, militant associatif et \u00e9lu local (29) Mich\u00e8le FAURE, maire adjointe Vie associative et communication Hennebont (56) Yann FIEVET, professeur de Sciences Economiques et Sociales, responsable associatif. Yann FRADIN, directeur g\u00e9n\u00e9ral d\u2019Espaces Jean-Michel FRODON, Professeur associ\u00e9 \u00e0 Sciences-Po Paris Jean GADREY, \u00e9conomiste Fran\u00e7ois GEZE, \u00c9diteur Georges GONTCHAROFF, UNADEL (union nationale des acteurs du d\u00e9veloppement local) Roland GORI, Appel des Appels Yves GUERRE, militant de l&rsquo;\u00e9ducation populaire Jo\u00ebl LABB\u00c9, S\u00e9nateur du Morbihan, maire de St-Nolff Michel LAGRANGE, adm. De l&rsquo;ACRO (association pour le contr\u00f4le radioactivit\u00e9 dans l&rsquo;Ouest) Jean Louis LAVILLE, professeur au Conservatoire national des arts et m\u00e9tiers Olivier LE COUR GRANDMAISON , universitaire Francis LE HERISSE, ancien Pt de la CPCA Bretagne <\/span><\/strong><\/em><\/span><\/p>\n<\/div>\n<\/div>\n<\/div>\n<\/div>\n<gcse:search><\/gcse:search>","protected":false},"excerpt":{"rendered":"<p>\u00a0 Appel \u00e0 une mobilisation commune pour le maintien des financements associatifs et la reconnaissance du r\u00f4le des associations dans la soci\u00e9t\u00e9 Pour signer l&rsquo;appel : www.nondisparitionassociations.net\u00a0 Le gouvernement a entrepris de red\u00e9finir le cadre des relations entre l&rsquo;\u00c9tat, les collectivit\u00e9s et les associations, ainsi que la l\u00e9gislation et la r\u00e9glementation relatives au financement des [&hellip;]<\/p>\n","protected":false},"author":1,"featured_media":0,"comment_status":"open","ping_status":"closed","sticky":false,"template":"","format":"standard","meta":{"footnotes":""},"categories":[232,244],"tags":[43,103,117],"class_list":["post-8291","post","type-post","status-publish","format-standard","hentry","category-notre-economie-et-la-leur","category-point-de-vue","tag-appel","tag-demarche-citoyenne","tag-democratie"],"_links":{"self":[{"href":"https:\/\/alternatifs81.fr\/index.php?rest_route=\/wp\/v2\/posts\/8291","targetHints":{"allow":["GET"]}}],"collection":[{"href":"https:\/\/alternatifs81.fr\/index.php?rest_route=\/wp\/v2\/posts"}],"about":[{"href":"https:\/\/alternatifs81.fr\/index.php?rest_route=\/wp\/v2\/types\/post"}],"author":[{"embeddable":true,"href":"https:\/\/alternatifs81.fr\/index.php?rest_route=\/wp\/v2\/users\/1"}],"replies":[{"embeddable":true,"href":"https:\/\/alternatifs81.fr\/index.php?rest_route=%2Fwp%2Fv2%2Fcomments&post=8291"}],"version-history":[{"count":0,"href":"https:\/\/alternatifs81.fr\/index.php?rest_route=\/wp\/v2\/posts\/8291\/revisions"}],"wp:attachment":[{"href":"https:\/\/alternatifs81.fr\/index.php?rest_route=%2Fwp%2Fv2%2Fmedia&parent=8291"}],"wp:term":[{"taxonomy":"category","embeddable":true,"href":"https:\/\/alternatifs81.fr\/index.php?rest_route=%2Fwp%2Fv2%2Fcategories&post=8291"},{"taxonomy":"post_tag","embeddable":true,"href":"https:\/\/alternatifs81.fr\/index.php?rest_route=%2Fwp%2Fv2%2Ftags&post=8291"}],"curies":[{"name":"wp","href":"https:\/\/api.w.org\/{rel}","templated":true}]}}