{"id":8273,"date":"2013-04-09T10:38:44","date_gmt":"2013-04-09T09:38:44","guid":{"rendered":"http:\/\/alternatifs81.fr\/?p=8273"},"modified":"2013-04-17T16:01:18","modified_gmt":"2013-04-17T15:01:18","slug":"au-suivant-pas-seulement","status":"publish","type":"post","link":"https:\/\/alternatifs81.fr\/?p=8273","title":{"rendered":"AU SUIVANT ? PAS SEULEMENT&#8230;"},"content":{"rendered":"<h2 itemprop=\"name\"><span style=\"color: #808000;\">AU SUIVANT ? PAS SEULEMENT&#8230;<\/span><\/h2>\n<div id=\"post-body-3976397674560454164\" itemprop=\"description articleBody\">\n<h3 style=\"text-align: justify;\"><b><img loading=\"lazy\" decoding=\"async\" class=\"alignleft  wp-image-8275\" style=\"margin: 12px;\" alt=\"ben1-249x300\" src=\"http:\/\/alternatifs81.fr\/wp-content\/uploads\/ben1-249x3002.jpg\" width=\"199\" height=\"240\" \/>D\u00e9masquer un ministre socialiste pratiquant la dissimulation et l&rsquo;\u00e9vasion fiscales ne peut pas faire de mal. Notamment quand ce ministre est tr\u00e8s repr\u00e9sentatif, parmi d&rsquo;autres, de la main tendue, apr\u00e8s le poing, par Hollande \u00e0 la finance, et le propagandiste z\u00e9l\u00e9 des sacrifices pour les classes populaire. Et voir s&rsquo;indigner les journalistes de Cour, qui hier pourfendaient les \u00ab\u00a0proc\u00e9d\u00e9s douteux\u00a0\u00bb de confr\u00e8res plus pugnaces, est \u00e9galement assez r\u00e9jouissant.<\/b><\/h3>\n<h3 style=\"text-align: justify;\"><b>Mais les mesures de \u00ab\u00a0moralisation de la vie politique\u00a0\u00bb envisag\u00e9es par le pouvoir s&rsquo;attaqueront aux effets, pas aux causes.<\/b><\/h3>\n<p><b><br \/>\n<\/b> <b><br \/>\n<\/b><\/p>\n<h2><span style=\"color: #008000;\"><b>TROP DE D\u00c9MOCRATIE TUE LA LIBERT\u00c9 D&rsquo;ENTREPRENDRE !<\/b><\/span><\/h2>\n<p><b><br \/>\n<\/b><\/p>\n<h3 style=\"text-align: justify;\"><b>Certes, le discours n&rsquo;est pas aussi clair, pourtant, sous la \u00ab\u00a0gouvernance\u00a0\u00bb, qui rel\u00e8gue au rang de vieilleries superflues le conflit politique et social, voire le vote lui m\u00eame, pointe la tentation autoritaire. <\/b><\/h3>\n<h3 style=\"text-align: justify;\"><a name=\"more\"><\/a><b><br \/>\n<\/b> <b>On se souvient de la rage des dominants apr\u00e8s la victoire du NON au projet de Trait\u00e9 Constitutionnel <!--more-->Europ\u00e9en en 2005, et leur promptitude \u00e0 contourner la volont\u00e9 populaire. Mais la concentration, l&rsquo;opacit\u00e9, la mise hors contr\u00f4le citoyen des proc\u00e9dures de d\u00e9cision, la sanctification d&rsquo;une pens\u00e9e unique \u00e9conomique, le recours a une expertise qui n&rsquo;est le plus souvent que la voix de son ma\u00eetre, le capital, vont dans le m\u00eame sens.<\/b><\/h3>\n<h3 style=\"text-align: justify;\"><\/h3>\n<h3 style=\"text-align: justify;\"><b><br \/>\n<\/b> <b>Ici comme au niveau de l&rsquo;Union Europ\u00e9enne, il s&rsquo;agit de vider la d\u00e9mocratie de tout contenu r\u00e9el. Et qu&rsquo;importe, en derni\u00e8re instance,\u00a0 qu&rsquo;\u00e9quipes de \u00ab\u00a0gauche\u00a0\u00bb ou de droite se succ\u00e8dent, puisque le coeur du syst\u00e8me est pr\u00e9serv\u00e9. Ainsi, il y a quelques semaines, le \u00ab\u00a0Financial Times\u00a0\u00bb, bien repr\u00e9sentatif des milieux d&rsquo;affaires britanniques, prenait acte, avant le premier tour des \u00e9lections italiennes, de l&rsquo;\u00e9chec pr\u00e9visible de Monti, mais s&rsquo;en consolait facilement en esp\u00e9rant un gouvernement stable de centre gauche a m\u00eame de garder le cap.<\/b><\/h3>\n<h3 style=\"text-align: justify;\"><b><br \/>\n<\/b> <b>Une refondation d\u00e9mocratique d&rsquo;ensemble est donc \u00e0 l&rsquo;ordre du jour. <\/b><\/h3>\n<h3 style=\"text-align: justify;\"><b>Elle doit s&rsquo;appuyer sur une d\u00e9mocratisation radicale de la d\u00e9mocratie repr\u00e9sentative (proportionnelle, parit\u00e9, non cumul des mandats, lutte contre la professionnalisation&#8230;).<\/b><\/h3>\n<h3 style=\"text-align: justify;\"><b>Mais elle ne peut s&rsquo;y r\u00e9sumer : le d\u00e9veloppement de contre-pouvoirs, la mobilisation populaire, l&rsquo;exp\u00e9rimentation autogestionnaire, ne sont pas des suppl\u00e9ments d&rsquo;\u00e2me mais un enjeu d\u00e9mocratique central.<\/b><\/h3>\n<h3 style=\"text-align: justify;\"><b>De m\u00eame la conqu\u00eate de droits nouveaux, politiques et sociaux, est un socle indispensable, notamment dans l&rsquo;entreprise mais aussi dans le domaine crucial du logement. Enfin la mise hors marchandisation, de larges secteurs comme la sant\u00e9 ou l&rsquo;\u00e9ducation est un butoir contre la dictature, molle ou brutale selon les cas, du capitalisme financiaris\u00e9.<\/b><\/h3>\n<p><b><br \/>\n<\/b><\/p>\n<h2 style=\"text-align: justify;\"><b><br \/>\n<\/b> <span style=\"color: #808000;\"><b>TOUT CHANGER POUR QUE RIEN NE CHANGE ?<\/b><\/span><\/h2>\n<p><b><br \/>\n<\/b><\/p>\n<h3 style=\"text-align: justify;\"><b><br \/>\n<\/b> <b>Que les gouvernants ne soient pas des \u00e9vad\u00e9s fiscaux n&rsquo;est pas une mauvaise chose, mais la question cl\u00e9 demeure : resteront-ils\/elles les gestionnaires loyaux des int\u00e9r\u00eats de l&rsquo;oligarchie ? Le gouvernement garde l\u2019\u0153il riv\u00e9 sur les taux d&rsquo;int\u00e9r\u00eat et les ukases des agences de notation, et il faudra plus que des mesures de moralisation de la vie publique pour changer cette donne. <\/b><\/h3>\n<h3 style=\"text-align: justify;\"><b><br \/>\n<\/b> <b>Reprendre la rue pour ne pas la laisser demain aux fascistes, rejoindre les mobilisations populaires qui s&rsquo;exacerbent, notamment en Europe du Sud, expliquer, r\u00e9sister, proposer : c&rsquo;est maintenant !<\/b><\/h3>\n<\/div>\n<gcse:search><\/gcse:search>","protected":false},"excerpt":{"rendered":"<p>AU SUIVANT ? PAS SEULEMENT&#8230; D\u00e9masquer un ministre socialiste pratiquant la dissimulation et l&rsquo;\u00e9vasion fiscales ne peut pas faire de mal. Notamment quand ce ministre est tr\u00e8s repr\u00e9sentatif, parmi d&rsquo;autres, de la main tendue, apr\u00e8s le poing, par Hollande \u00e0 la finance, et le propagandiste z\u00e9l\u00e9 des sacrifices pour les classes populaire. Et voir s&rsquo;indigner [&hellip;]<\/p>\n","protected":false},"author":1,"featured_media":0,"comment_status":"open","ping_status":"closed","sticky":false,"template":"","format":"standard","meta":{"footnotes":""},"categories":[244,123],"tags":[34,43,103,117],"class_list":["post-8273","post","type-post","status-publish","format-standard","hentry","category-point-de-vue","category-rouge-et-vert","tag-alternatifs","tag-appel","tag-demarche-citoyenne","tag-democratie"],"_links":{"self":[{"href":"https:\/\/alternatifs81.fr\/index.php?rest_route=\/wp\/v2\/posts\/8273","targetHints":{"allow":["GET"]}}],"collection":[{"href":"https:\/\/alternatifs81.fr\/index.php?rest_route=\/wp\/v2\/posts"}],"about":[{"href":"https:\/\/alternatifs81.fr\/index.php?rest_route=\/wp\/v2\/types\/post"}],"author":[{"embeddable":true,"href":"https:\/\/alternatifs81.fr\/index.php?rest_route=\/wp\/v2\/users\/1"}],"replies":[{"embeddable":true,"href":"https:\/\/alternatifs81.fr\/index.php?rest_route=%2Fwp%2Fv2%2Fcomments&post=8273"}],"version-history":[{"count":0,"href":"https:\/\/alternatifs81.fr\/index.php?rest_route=\/wp\/v2\/posts\/8273\/revisions"}],"wp:attachment":[{"href":"https:\/\/alternatifs81.fr\/index.php?rest_route=%2Fwp%2Fv2%2Fmedia&parent=8273"}],"wp:term":[{"taxonomy":"category","embeddable":true,"href":"https:\/\/alternatifs81.fr\/index.php?rest_route=%2Fwp%2Fv2%2Fcategories&post=8273"},{"taxonomy":"post_tag","embeddable":true,"href":"https:\/\/alternatifs81.fr\/index.php?rest_route=%2Fwp%2Fv2%2Ftags&post=8273"}],"curies":[{"name":"wp","href":"https:\/\/api.w.org\/{rel}","templated":true}]}}