{"id":8254,"date":"2013-04-08T10:05:38","date_gmt":"2013-04-08T09:05:38","guid":{"rendered":"http:\/\/alternatifs81.fr\/?p=8254"},"modified":"2013-04-12T12:52:31","modified_gmt":"2013-04-12T11:52:31","slug":"la-revolution-sera-feministe-ou-ne-sera-pas-echos-de-lassemblee-des-femmes-du-fsm-de-tunis","status":"publish","type":"post","link":"https:\/\/alternatifs81.fr\/?p=8254","title":{"rendered":"La r\u00e9volution sera f\u00e9ministe ou ne sera pas ! (Echos de l\u2019Assembl\u00e9e des femmes du FSM de Tunis)"},"content":{"rendered":"<div itemprop=\"blogPost\" itemscope=\"itemscope\" itemtype=\"http:\/\/schema.org\/BlogPosting\" style=\"text-align: justify;\">\n<h3>\u00a0<img loading=\"lazy\" decoding=\"async\" class=\"alignleft size-full wp-image-6924\" style=\"margin: 12px;\" alt=\"FMINIS15\" src=\"http:\/\/alternatifs81.fr\/wp-content\/uploads\/FMINIS154.jpg\" width=\"124\" height=\"150\" \/>En hommage aux femmes r\u00e9volutionnaires du monde arabe, le FSM s\u2019est ouvert ce 26 mars 2013 par l\u2019Assembl\u00e9e des femmes. L\u2019amphith\u00e9\u00e2tre qui les accueillait n\u2019avait pas assez d\u2019espace pour contenir l\u2019\u00e9nergie de toutes ces femmes et hommes venant des quatre coins du monde. Plus de 3000 personnes y ont exprim\u00e9 leurs revendications, mobilisations et enthousiasme. Des drapeaux, des pancartes, des foulards mais aussi de nombreux t-shirts emplis de couleurs laissaient pr\u00e9sager de la multiplicit\u00e9 des luttes men\u00e9es par toutes ces femmes r\u00e9unies ce matin-l\u00e0 \u00e0 Tunis.<\/h3>\n<div id=\"post-body-5465362329466724058\" itemprop=\"description articleBody\">\n<div>\n<h3 style=\"text-align: justify;\">Contre les in\u00e9galit\u00e9s, le non-respect de la dignit\u00e9 des femmes, les f\u00e9minicides marqu\u00e9s par le sceau de l\u2019impunit\u00e9, le capitalisme et la dictature, les chants des femmes berb\u00e8res nous ont toutes appel\u00e9-e-s \u00e0<!--more--> nous lever pour exiger l\u2019\u00e9galit\u00e9\u00a0: principe non n\u00e9gociable\u00a0!<\/h3>\n<h3 style=\"text-align: justify;\">Quelques porte-paroles de mouvements de femmes en Tunisie ont remerci\u00e9 les participant-e-s pour leur solidarit\u00e9 qui les renforce et les ressource. Face \u00e0 une situation tr\u00e8s complexe pour les femmes dans ce pays, ces militantes ont rappel\u00e9 que les tunisiennes sont toujours en lutte, qu\u2019elles sont mobilis\u00e9es et seront un rempart effectif face aux contre-r\u00e9volutions. Le mouvement des femmes en Tunisie se structure actuellement autour de la lutte contre la f\u00e9minisation de la pauvret\u00e9, contre les d\u00e9structurations sociales r\u00e9sultant des politiques impos\u00e9es par la BM et le FMI, elles refusent les violences faites aux femmes, v\u00e9ritable arme destin\u00e9e \u00e0 leur faire quitter l\u2019espace public et politique et s\u2019opposent aux nouvelles Constitutions qui ne prennent en consid\u00e9ration ni leurs revendications, ni leurs r\u00e9alit\u00e9s et encore moins leurs droits. En r\u00e9ponse \u00e0 la globalisation des attaques, elles invitent les femmes \u00e0 renforcer l\u2019internationalisation de leur solidarit\u00e9. Enfin, elles nous ont quitt\u00e9 en d\u00e9livrant un message fort et courageux face \u00e0 la mont\u00e9e des menaces sur les mouvements progressistes aujourd\u2019hui en Tunisie\u00a0: \u00ab\u00a0Oui nous mourrons, mais nous n\u2019aurons de cesse que lorsque nous aurons d\u00e9racin\u00e9\u00a0<i>Ennahda<\/i>\u00a0\u00a0!\u00a0\u00bb (Parti politique tunisien islamique actuellement au pouvoir) .<\/h3>\n<h3 style=\"text-align: justify;\"><\/h3>\n<h3 style=\"text-align: justify;\">Tandis qu\u2019en Palestine les femmes subissent la double oppression du gouvernement d\u2019Isra\u00ebl et de l\u2019Islamisme, coupl\u00e9e \u00e0 des violences multiformes, quotidiennes et l\u2019obligation de porter le voile, en \u00c9gypte des femmes se sont publiquement coup\u00e9 les cheveux sur la place Tahrir pour montrer leur opposition \u00e0 la r\u00e9gression de leurs droits sociaux et politiques dans les nouvelles Constitutions, alors qu\u2019elles \u00e9taient le c\u0153ur m\u00eame de la r\u00e9volution.<\/h3>\n<h3 style=\"text-align: justify;\"><\/h3>\n<h3 style=\"text-align: justify;\">De la Tunisie \u00e0 la Palestine, de la Libye \u00e0 la Syrie, les femmes du monde arabe sont unies et exigent l\u2019\u00e9galit\u00e9, la d\u00e9mocratie et l\u2019autonomie. Oui, elles luttent pour un autre monde mais pour un autre monde o\u00f9 elles auront enfin toute leur place\u00a0!<\/h3>\n<h3 style=\"text-align: justify;\"><\/h3>\n<h3 style=\"text-align: justify;\">\u00c0 l\u2019appel d\u2019une militante s\u00e9n\u00e9galaise pour la cr\u00e9ation de strat\u00e9gies f\u00e9ministes communes afin d\u2019obtenir l\u2019autonomie financi\u00e8re ainsi que le statut de sujet politique \u00e0 part enti\u00e8re, a succ\u00e9d\u00e9 celui d\u2019une femme polonaise qui, apr\u00e8s avoir soulign\u00e9 combien les politiques du FMI men\u00e9es dans son pays depuis les ann\u00e9es 90 ont d\u00e9truit tous les droits sociaux des femmes et les ont \u00e9cart\u00e9es de l\u2019acc\u00e8s aux biens communs, a convi\u00e9 les participant-e-s \u00e0 \u00ab\u00a0ne pas accepter les r\u00e9formes capitalistes et \u00e0 \u00eatre toujours plus solidaires dans leurs luttes\u00a0!\u00a0\u00bb.<\/h3>\n<div><\/div>\n<h3 style=\"text-align: justify;\">L\u2019intensit\u00e9 des luttes des paysannes br\u00e9siliennes pour l\u2019acc\u00e8s \u00e0 la terre et \u00e0 la souverainet\u00e9 alimentaire, chaque jour plus menac\u00e9 par les offensives des grandes entreprises de l\u2019agro-business, fut r\u00e9percut\u00e9e par une militante de Via Campesina. Les prises de paroles se cl\u00f4tur\u00e8rent par le t\u00e9moignage d\u2019une f\u00e9ministe indign\u00e9e espagnole\u00a0: \u00ab\u00a0Partout dans le monde, la r\u00e9alit\u00e9 des femmes c\u2019est bien le patriarcat\u00a0! L\u2019aust\u00e9rit\u00e9, men\u00e9e au nom de la crise de la dette, vise et menace prioritairement les acquis sociaux des femmes, leur autonomie financi\u00e8re et leur contr\u00f4le sur leur propre corps. Cependant, partout les femmes se mobilisent. Elles ne restent nullement les bras crois\u00e9s\u00a0: elles d\u00e9veloppent en de multiples lieux des exp\u00e9riences et des r\u00e9seaux d\u2019\u00e9conomie sociale et solidaire\u00a0\u00bb. Cette jeune militante esp\u00e8re bien que l\u2019Assembl\u00e9e des mouvements sociaux, en appelant \u00e0 renforcer la solidarit\u00e9 internationale pour l\u2019\u00e9galit\u00e9, d\u00e9montrera encore cette fois-ci que f\u00e9minisme et altermondialisme participent au m\u00eame combat.<\/h3>\n<h3>Quelle meilleure conclusion donner \u00e0 cette dynamique\u00a0<i>Assembl\u00e9e des femmes en Tunisie\u00a0<\/i>que cette d\u00e9claration unanimement partag\u00e9e\u00a0:<\/h3>\n<h3><span style=\"color: #808000;\"><strong>\u00a0\u00ab\u00a0La r\u00e9volution sera f\u00e9ministe o\u00f9 ne sera pas\u00a0!\u00a0\u00bb<\/strong><\/span><\/h3>\n<div><span style=\"color: #0000ff;\"><strong><em>31 mars\u00a0par\u00a0Emilie Tamadaho Atchaca,\u00a0Solange Kon\u00e9, Christine Vanden Daelen, publi\u00e9 sur le site du CADTM<\/em><\/strong><\/span><\/div>\n<\/div>\n<\/div>\n<\/div>\n<gcse:search><\/gcse:search>","protected":false},"excerpt":{"rendered":"<p>\u00a0En hommage aux femmes r\u00e9volutionnaires du monde arabe, le FSM s\u2019est ouvert ce 26 mars 2013 par l\u2019Assembl\u00e9e des femmes. L\u2019amphith\u00e9\u00e2tre qui les accueillait n\u2019avait pas assez d\u2019espace pour contenir l\u2019\u00e9nergie de toutes ces femmes et hommes venant des quatre coins du monde. Plus de 3000 personnes y ont exprim\u00e9 leurs revendications, mobilisations et enthousiasme. [&hellip;]<\/p>\n","protected":false},"author":1,"featured_media":0,"comment_status":"open","ping_status":"closed","sticky":false,"template":"","format":"standard","meta":{"footnotes":""},"categories":[149,126],"tags":[103,400,301],"class_list":["post-8254","post","type-post","status-publish","format-standard","hentry","category-feminisme","category-gauche-de-combat","tag-demarche-citoyenne","tag-feminisme","tag-forum-social-mondial"],"_links":{"self":[{"href":"https:\/\/alternatifs81.fr\/index.php?rest_route=\/wp\/v2\/posts\/8254","targetHints":{"allow":["GET"]}}],"collection":[{"href":"https:\/\/alternatifs81.fr\/index.php?rest_route=\/wp\/v2\/posts"}],"about":[{"href":"https:\/\/alternatifs81.fr\/index.php?rest_route=\/wp\/v2\/types\/post"}],"author":[{"embeddable":true,"href":"https:\/\/alternatifs81.fr\/index.php?rest_route=\/wp\/v2\/users\/1"}],"replies":[{"embeddable":true,"href":"https:\/\/alternatifs81.fr\/index.php?rest_route=%2Fwp%2Fv2%2Fcomments&post=8254"}],"version-history":[{"count":0,"href":"https:\/\/alternatifs81.fr\/index.php?rest_route=\/wp\/v2\/posts\/8254\/revisions"}],"wp:attachment":[{"href":"https:\/\/alternatifs81.fr\/index.php?rest_route=%2Fwp%2Fv2%2Fmedia&parent=8254"}],"wp:term":[{"taxonomy":"category","embeddable":true,"href":"https:\/\/alternatifs81.fr\/index.php?rest_route=%2Fwp%2Fv2%2Fcategories&post=8254"},{"taxonomy":"post_tag","embeddable":true,"href":"https:\/\/alternatifs81.fr\/index.php?rest_route=%2Fwp%2Fv2%2Ftags&post=8254"}],"curies":[{"name":"wp","href":"https:\/\/api.w.org\/{rel}","templated":true}]}}