{"id":8246,"date":"2013-04-05T09:15:58","date_gmt":"2013-04-05T08:15:58","guid":{"rendered":"http:\/\/alternatifs81.fr\/?p=8246"},"modified":"2013-04-12T12:53:06","modified_gmt":"2013-04-12T11:53:06","slug":"fsm-de-tunis-atelier-appropriation-sociale-et-autogestion","status":"publish","type":"post","link":"https:\/\/alternatifs81.fr\/?p=8246","title":{"rendered":"FSM de Tunis : Atelier \u00ab\u00a0Appropriation sociale et autogestion\u00a0\u00bb"},"content":{"rendered":"<div>\n<h3 style=\"text-align: justify;\"><img loading=\"lazy\" decoding=\"async\" class=\"alignleft  wp-image-8220\" style=\"margin: 12px;\" alt=\"fsm2013_logo\" src=\"http:\/\/alternatifs81.fr\/wp-content\/uploads\/fsm2013_logo.jpg\" width=\"256\" height=\"170\" srcset=\"https:\/\/alternatifs81.fr\/wp-content\/uploads\/fsm2013_logo.jpg 320w, https:\/\/alternatifs81.fr\/wp-content\/uploads\/fsm2013_logo-300x199.jpg 300w\" sizes=\"auto, (max-width: 256px) 100vw, 256px\" \/>\u00a0A l\u2019initiative de Rouge &amp; Vert (Les Alternatifs), de l\u2019Association pour l\u2019Autogestion (ApA) et de Transform, des ateliers autog\u00e9r\u00e9s sur l\u2019autogestion avaient \u00e9t\u00e9 propos\u00e9s d\u00e8s le mois de novembre 2012 en vue de la programmation des activit\u00e9s du FSM de Tunis. Au cours du processus d\u2019agglutination, les trois organisations se sont accord\u00e9es pour regrouper leur proposition et co-animer ensemble un atelier. La pr\u00e9c\u00e9dente activit\u00e9 sur l\u2019autogestion impuls\u00e9e notamment par les Alternatifs dans le cadre d\u2019un forum social remontait \u00e0 2005 lors du forum social m\u00e9diterran\u00e9en \u00e0 Barcelone. D\u2019une mani\u00e8re g\u00e9n\u00e9rale, hormis quelques ateliers \u00e0 Porto Alegre anim\u00e9s par les argentins et les br\u00e9siliens en 2003, 2005 et 2006, la question de l\u2019appropriation sociale a \u00e9t\u00e9 peu pr\u00e9sente dans le cadre des forums sociaux mondiaux depuis leur origine. En Europe, l\u2019ampleur de la crise, les politiques d\u2019aust\u00e9rit\u00e9 et les suppressions massives d\u2019emplois dans l\u2019Etat espagnol, en France, en Gr\u00e8ce et au Portugal reposent avec acuit\u00e9 la question de l\u2019appropriation sociale et la r\u00e9cup\u00e9ration par les travailleurs et travailleuses des entreprises qui ferment et plus largement celles de nouvelles pratiques autogestionnaires.<\/h3>\n<h3 style=\"text-align: justify;\"><\/h3>\n<h3 style=\"text-align: justify;\">L\u2019atelier a \u00e9t\u00e9 introduit bri\u00e8vement par Chantal Delmas de Transform, qui a pos\u00e9 quatre questionnements<!--more--> pour ouvrir le d\u00e9bat\u00a0: comment faire \u00e9merger l\u2019autogestion dans la soci\u00e9t\u00e9\u00a0? Face \u00e0 la financiarisation de la soci\u00e9t\u00e9, comment d\u00e9passer cette contradiction\u00a0? Comment inclure la d\u00e9mocratie \u00e9conomique\u00a0? Comment relier les services publics et l\u2019autogestion\u00a0?<\/h3>\n<h3 style=\"text-align: justify;\"><\/h3>\n<h3 style=\"text-align: justify;\">Ensuite, Richard Neuville, intervenant au nom de l\u2019ApA et de Rouge &amp; Vert, a trait\u00e9 des processus d\u2019appropriation collective qui peuvent \u00eatre acc\u00e9l\u00e9r\u00e9s quand des conditions objectives sont pr\u00e9sentes comme cela a pu se v\u00e9rifier dans l\u2019histoire (R\u00e9volution russe, Catalogne 1936) mais qui peuvent \u00e9galement surgir de mani\u00e8re plus pragmatique dans certaines situations de crise comme ce fut le cas au Br\u00e9sil (dans les ann\u00e9es 90) et en Argentine (apr\u00e8s la crise de 2001). Il a \u00e9voqu\u00e9 les tentatives de reprises actuelles dans l\u2019Etat espagnol, en France et en Gr\u00e8ce depuis le d\u00e9but de la crise de 2008 en posant la question du contr\u00f4le ouvrier comme \u00e9tape transition possible mais surtout la finalit\u00e9 pour des autogestionnaires de la gestion ouvri\u00e8re. La reconversion \u00e9cologique de l\u2019industrie et les contre-plans alternatifs ont \u00e9galement \u00e9t\u00e9 abord\u00e9s pour poser les questions d\u00e9mocratiques sur Que produire ? Pour quoi faire ? Comment produire ? Enfin, pour signaler que les travailleurs-euses et les \u00e9quipes syndicales ne doivent pas rest\u00e9-e-s isol\u00e9-e-s et qu\u2019une planification d\u00e9mocratique s\u2019av\u00e8re indispensable pour d\u00e9finir l\u2019usage des produits avec les utilisateurs, les usagers et les consommateurs.<\/h3>\n<h3 style=\"text-align: justify;\">Apr\u00e8s ces deux introductions, le d\u00e9bat a donn\u00e9 lieu \u00e0 de nombreux \u00e9changes entre la trentaine de participant-e-s. La propri\u00e9t\u00e9 post-capitaliste, les limites de l\u2019exemple de Mondrag\u00f3n, l\u2019isolement des coop\u00e9ratives confront\u00e9es \u00e0 la concurrence capitaliste, la relocalisation de l\u2018\u00e9conomie, le r\u00f4le de l\u2019Etat pour impulser les r\u00e9cup\u00e9rations et le soutien financier des collectivit\u00e9s, la cogestion, les villes en transition, la r\u00e9organisation des services publics, les nouvelles pratiques ont \u00e9t\u00e9 abord\u00e9s au cours du d\u00e9bat qui a privil\u00e9gi\u00e9e l\u2019expression de la salle.<\/h3>\n<h3 style=\"text-align: justify;\">En conclusion, cet atelier a \u00e9t\u00e9 int\u00e9ressant et il s\u2019av\u00e8re n\u00e9cessaire d\u2019ancrer l\u2019autogestion dans les activit\u00e9s des forums sociaux. Les Alternatifs se f\u00e9licitent du partenariat engag\u00e9 avec Transform et souhaitent poursuivre cette confrontation d\u2019id\u00e9es pour avancer ensemble dans la r\u00e9flexion et co-organiser d\u2019autres d\u00e9bats.<\/h3>\n<p>&nbsp;<\/p>\n<p><span style=\"color: #0000ff;\"><em><strong>Richard NEUVILLE<\/strong> <\/em><\/span><\/p>\n<\/div>\n<gcse:search><\/gcse:search>","protected":false},"excerpt":{"rendered":"<p>\u00a0A l\u2019initiative de Rouge &amp; Vert (Les Alternatifs), de l\u2019Association pour l\u2019Autogestion (ApA) et de Transform, des ateliers autog\u00e9r\u00e9s sur l\u2019autogestion avaient \u00e9t\u00e9 propos\u00e9s d\u00e8s le mois de novembre 2012 en vue de la programmation des activit\u00e9s du FSM de Tunis. Au cours du processus d\u2019agglutination, les trois organisations se sont accord\u00e9es pour regrouper leur [&hellip;]<\/p>\n","protected":false},"author":1,"featured_media":0,"comment_status":"open","ping_status":"closed","sticky":false,"template":"","format":"standard","meta":{"footnotes":""},"categories":[15,126,147,21],"tags":[103,117,301],"class_list":["post-8246","post","type-post","status-publish","format-standard","hentry","category-autogestion","category-gauche-de-combat","category-international","category-les-alters-dans-les-luttes","tag-demarche-citoyenne","tag-democratie","tag-forum-social-mondial"],"_links":{"self":[{"href":"https:\/\/alternatifs81.fr\/index.php?rest_route=\/wp\/v2\/posts\/8246","targetHints":{"allow":["GET"]}}],"collection":[{"href":"https:\/\/alternatifs81.fr\/index.php?rest_route=\/wp\/v2\/posts"}],"about":[{"href":"https:\/\/alternatifs81.fr\/index.php?rest_route=\/wp\/v2\/types\/post"}],"author":[{"embeddable":true,"href":"https:\/\/alternatifs81.fr\/index.php?rest_route=\/wp\/v2\/users\/1"}],"replies":[{"embeddable":true,"href":"https:\/\/alternatifs81.fr\/index.php?rest_route=%2Fwp%2Fv2%2Fcomments&post=8246"}],"version-history":[{"count":0,"href":"https:\/\/alternatifs81.fr\/index.php?rest_route=\/wp\/v2\/posts\/8246\/revisions"}],"wp:attachment":[{"href":"https:\/\/alternatifs81.fr\/index.php?rest_route=%2Fwp%2Fv2%2Fmedia&parent=8246"}],"wp:term":[{"taxonomy":"category","embeddable":true,"href":"https:\/\/alternatifs81.fr\/index.php?rest_route=%2Fwp%2Fv2%2Fcategories&post=8246"},{"taxonomy":"post_tag","embeddable":true,"href":"https:\/\/alternatifs81.fr\/index.php?rest_route=%2Fwp%2Fv2%2Ftags&post=8246"}],"curies":[{"name":"wp","href":"https:\/\/api.w.org\/{rel}","templated":true}]}}